{"id":39997,"date":"2023-10-03T12:44:43","date_gmt":"2023-10-03T15:44:43","guid":{"rendered":"http:\/\/dsrmedios.com.ar\/diario\/?p=39997"},"modified":"2023-10-03T12:44:45","modified_gmt":"2023-10-03T15:44:45","slug":"el-caso-insaurralde-puso-en-la-mira-la-gestion-bonaerense-y-los-municipios-se-apuran-a-hacer-control-de-danos","status":"publish","type":"post","link":"http:\/\/dsrmedios.com.ar\/diario\/archivos\/39997","title":{"rendered":"El caso Insaurralde puso en la mira la gesti\u00f3n bonaerense y los municipios se apuran a hacer control de da\u00f1os"},"content":{"rendered":"\n<p>El esc\u00e1ndalo de\u00a0<a rel=\"noreferrer noopener\" href=\"https:\/\/tn.com.ar\/politica\/2023\/10\/02\/los-bienes-de-insaurralde-bajo-la-lupa-piden-investigar-si-es-dueno-de-un-local-que-factura-70-millones\/\" target=\"_blank\"><strong>Mart\u00edn Insaurralde<\/strong><\/a>\u00a0lo complic\u00f3 a \u00e9l y al gobernador bonaerense\u00a0<a rel=\"noreferrer noopener\" href=\"https:\/\/tn.com.ar\/politica\/2023\/10\/02\/tras-el-escandalo-de-insaurralde-kicillof-busca-despegarse-y-reordena-la-campana-para-evitar-la-fuga-de-votos\/\" target=\"_blank\"><strong>Axel Kicillof<\/strong><\/a>. Pero por elevaci\u00f3n, a todo el espacio de Uni\u00f3n por la Patria. A tal punto, que el propio candidato a presidente, Sergio Massa, exigi\u00f3 su renuncia al cargo primero y luego tambi\u00e9n su dimisi\u00f3n a la candidatura a concejal en Lomas de Zamora, donde fue intendente durante a\u00f1os. Ahora, la cuesti\u00f3n es<strong>\u00a0cu\u00e1nto da\u00f1o hizo el desliz del ya exfuncionario.<\/strong><\/p>\n\n\n\n<p><strong>En el peronismo bonaerense hay mucho enojo<\/strong>. A nivel nacional tambi\u00e9n, claro, pero la provincia de Buenos Aires y en especial Kicillof, es el gran activo que tiene Uni\u00f3n por la Patria el pr\u00f3ximo 22 de octubre. Y tambi\u00e9n, a futuro: si el Gobernador es reelecto, comienza a cimentar su candidatura presidencial en 2027. Ya lo quer\u00edan muchos para este turno electoral, pero el mandatario decidi\u00f3 competir en PBA.<\/p>\n\n\n\n<figure class=\"wp-block-image\"><img decoding=\"async\" src=\"https:\/\/tn.com.ar\/resizer\/VAgdxGUww6KUmwTeTUU1wvyZCuc=\/767x0\/smart\/filters:format(webp)\/cloudfront-us-east-1.images.arcpublishing.com\/artear\/GYZPZGPSGBFGNO6MC3QCDFR27Q.jpg\" alt=\"El esc\u00e1ndalo de Insaurralde salpica a todos los estratos del Gobierno. (Foto: Lele Heredia. TN).\"\/><figcaption class=\"wp-element-caption\">El esc\u00e1ndalo de Insaurralde salpica a todos los estratos del Gobierno. (Foto: Lele Heredia. TN).<\/figcaption><\/figure>\n\n\n\n<p><strong>\u201cEstoy indignado. Esto hacia arriba nos hizo mucho da\u00f1o\u201d<\/strong>, confi\u00f3 a<strong>&nbsp;TN<\/strong>&nbsp;un intendente peronista del interior.<\/p>\n\n\n\n<p>\u201cProvoca mucho asco. No puedo entender que a menos de un mes de las elecciones haya hecho esto\u201d, advierte un armador del PJ a este medio. Casi todos coinciden en que \u201cpor fortuna\u201d no fue explotado el esc\u00e1ndalo en el debate presidencial, gracias a las estrictas reglas del formato.<\/p>\n\n\n\n<p><\/p>\n\n\n\n<p>Pese al enojo de los dirigentes, la mayor\u00eda coincide en que no hay un impacto a nivel local. Conf\u00edan en que la cercan\u00eda de los intendentes con los vecinos es m\u00e1s grande que el impacto que puede generar un esc\u00e1ndalo de este tipo.&nbsp;<strong>\u201cLas gestiones de gobierno no se tendr\u00edan que empa\u00f1ar por un tema personal\u201d<\/strong>, remarc\u00f3 un armador del peronismo a<strong>&nbsp;TN<\/strong>. \u201c\u00c9l renunci\u00f3 y en su momento seguramente dar\u00e1 su versi\u00f3n de los hechos\u201d, sum\u00f3.<\/p>\n\n\n\n<p>\u201c<strong>Esto perjudica a todos. Este es un acto enorme de irresponsabilidad<\/strong>\u201d, se\u00f1alaron desde un municipio del AMBA a este medio. \u201cAc\u00e1 no hay nadie que se salve de nada,&nbsp;<strong>Mart\u00edn deber\u00e1 rendir cuentas\u201d<\/strong>, manifestaron. \u201cEste esc\u00e1ndalo agranda el enojo existente en la sociedad y&nbsp;<strong>beneficia a los candidatos de la antipol\u00edtica<\/strong>\u201d, apuntaron.<\/p>\n\n\n\n<p>\u201cNo es nada saludable que un funcionario a tres semanas de la elecci\u00f3n no est\u00e9 preocupado por conseguir votos, independientemente de lo que haga con su vida privada\u201d, indicaron desde un distrito del conurbano a&nbsp;<strong>TN<\/strong>. \u201c<strong>Esto perjudica a la pol\u00edtica en general<\/strong>. Hay un descr\u00e9dito general y hay un candidato que se muestra como un outsider y esto le da argumentos\u201d.<\/p>\n\n\n\n<figure class=\"wp-block-image\"><img decoding=\"async\" src=\"https:\/\/tn.com.ar\/resizer\/T0rWXmsdCCELylrywnDmMY3ACxY=\/767x0\/smart\/filters:format(webp)\/cloudfront-us-east-1.images.arcpublishing.com\/artear\/F2PROV7ONJCHDGYDLC2MJVCNMQ.jpg\" alt=\"La interna entre Kicillof y M\u00e1ximo Kirchner puede tener impacto electoral. (Foto: NA)\"\/><figcaption class=\"wp-element-caption\">La interna entre Kicillof y M\u00e1ximo Kirchner puede tener impacto electoral. (Foto: NA)<\/figcaption><\/figure>\n\n\n\n<p>El fantasma del 2001 vuelve a golpear la puerta. \u201c<strong>No se pueden ir todos porque alguien tiene que gobernar<\/strong>. Y cuando se fueron todos, tomaron el poder los militares. Eso no puede volver a pasar. Lo que hay que hacer es generar herramientas para que esto no pase.&nbsp;<strong>El que no est\u00e9 a la altura, no sea funcionario p\u00fablico<\/strong>\u201d, explica un dirigente de larga data en el PJ bonaerense.<\/p>\n\n\n\n<p>En el seno del peronismo est\u00e1n convencidos de que se trat\u00f3 de<strong>&nbsp;una operaci\u00f3n&nbsp;<\/strong>la difusi\u00f3n de las fotos y videos en este momento tan particular. Pero no se ponen de acuerdo en torno a la procedencia de la jugada. Algunos sostienen que se trata de&nbsp;<strong>\u201cfuego amigo\u201d<\/strong>, que busca perjudicar a Kicillof como parte&nbsp;<a href=\"https:\/\/tn.com.ar\/politica\/2023\/09\/29\/mientras-la-campora-lo-presiona-kicillof-busca-subir-su-techo-electoral-con-radicales-desencantados-de-jxc\/\" target=\"_blank\" rel=\"noreferrer noopener\">de una interna de arrastre con La C\u00e1mpora.<\/a><\/p>\n\n\n\n<p>El enfrentamiento del Gobernador con la agrupaci\u00f3n ultra K viene de larga data, pero recrudeci\u00f3 con el distanciamiento entre el mandatario y&nbsp;<strong>M\u00e1ximo Kirchner<\/strong>. La relaci\u00f3n se enfri\u00f3 tras la negativa de Kicillof de ir por la presidencia, como quer\u00edan<a href=\"https:\/\/tn.com.ar\/politica\/2023\/10\/02\/cristina-kirchner-pidio-la-nulidad-de-las-causas-hotesur-los-sauces-y-el-memorandum-con-iran\/\" target=\"_blank\" rel=\"noreferrer noopener\"><strong>Cristina Kirchner<\/strong>&nbsp;<\/a>y su hijo. Luego, se sucedieron diversos cortocircuitos, fundamentados en una puja por el liderazgo del peronismo bonaerense.<\/p>\n\n\n\n<p>Otros, buscan a los responsables afuera del peronismo. Est\u00e1n los que sostienen que hay una sofisticada maniobra de un sector de la oposici\u00f3n para perjudicar al gobernador y lograr el tan anunciado \u201cfin del kirchnerismo\u201d. Al final del d\u00eda, todos tienen la misma preocupaci\u00f3n en el PJ: que el esc\u00e1ndalo -y la interna- sea la grieta que derrumbe la elecci\u00f3n en la provincia de Buenos Aires.<\/p>\n\n\n\n<p>Fuente: TN<\/p>\n","protected":false},"excerpt":{"rendered":"<div class=\"mh-excerpt\"><p>El esc\u00e1ndalo de\u00a0Mart\u00edn Insaurralde\u00a0lo complic\u00f3 a \u00e9l y al gobernador bonaerense\u00a0Axel Kicillof. Pero por elevaci\u00f3n, a todo el espacio de Uni\u00f3n por la Patria. A tal punto, que el propio candidato a presidente, Sergio Massa, exigi\u00f3 su renuncia al cargo primero y luego tambi\u00e9n su dimisi\u00f3n a la candidatura a concejal en Lomas de Zamora, donde fue intendente durante a\u00f1os. Ahora, la cuesti\u00f3n es\u00a0cu\u00e1nto da\u00f1o hizo el desliz del ya exfuncionario. En el peronismo bonaerense hay mucho enojo. A nivel nacional tambi\u00e9n, claro, pero la provincia de Buenos Aires y en especial Kicillof, es el gran activo que tiene Uni\u00f3n <a class=\"mh-excerpt-more\" href=\"http:\/\/dsrmedios.com.ar\/diario\/archivos\/39997\" title=\"El caso Insaurralde puso en la mira la gesti\u00f3n bonaerense y los municipios se apuran a hacer control de da\u00f1os\">[Leer m\u00e1s]<\/a><\/p>\n<\/div>","protected":false},"author":8,"featured_media":39998,"comment_status":"open","ping_status":"closed","sticky":false,"template":"","format":"standard","meta":{"_jetpack_newsletter_access":""},"categories":[6],"tags":[],"jetpack_featured_media_url":"http:\/\/dsrmedios.com.ar\/diario\/wp-content\/uploads\/2023\/10\/FV2YEG6XLJASLFRBR7C7N2ZAIA.jpg","jetpack_sharing_enabled":true,"jetpack_shortlink":"https:\/\/wp.me\/p9fihK-ap7","_links":{"self":[{"href":"http:\/\/dsrmedios.com.ar\/diario\/wp-json\/wp\/v2\/posts\/39997"}],"collection":[{"href":"http:\/\/dsrmedios.com.ar\/diario\/wp-json\/wp\/v2\/posts"}],"about":[{"href":"http:\/\/dsrmedios.com.ar\/diario\/wp-json\/wp\/v2\/types\/post"}],"author":[{"embeddable":true,"href":"http:\/\/dsrmedios.com.ar\/diario\/wp-json\/wp\/v2\/users\/8"}],"replies":[{"embeddable":true,"href":"http:\/\/dsrmedios.com.ar\/diario\/wp-json\/wp\/v2\/comments?post=39997"}],"version-history":[{"count":1,"href":"http:\/\/dsrmedios.com.ar\/diario\/wp-json\/wp\/v2\/posts\/39997\/revisions"}],"predecessor-version":[{"id":39999,"href":"http:\/\/dsrmedios.com.ar\/diario\/wp-json\/wp\/v2\/posts\/39997\/revisions\/39999"}],"wp:featuredmedia":[{"embeddable":true,"href":"http:\/\/dsrmedios.com.ar\/diario\/wp-json\/wp\/v2\/media\/39998"}],"wp:attachment":[{"href":"http:\/\/dsrmedios.com.ar\/diario\/wp-json\/wp\/v2\/media?parent=39997"}],"wp:term":[{"taxonomy":"category","embeddable":true,"href":"http:\/\/dsrmedios.com.ar\/diario\/wp-json\/wp\/v2\/categories?post=39997"},{"taxonomy":"post_tag","embeddable":true,"href":"http:\/\/dsrmedios.com.ar\/diario\/wp-json\/wp\/v2\/tags?post=39997"}],"curies":[{"name":"wp","href":"https:\/\/api.w.org\/{rel}","templated":true}]}}