{"id":39994,"date":"2023-10-03T12:42:06","date_gmt":"2023-10-03T15:42:06","guid":{"rendered":"http:\/\/dsrmedios.com.ar\/diario\/?p=39994"},"modified":"2023-10-03T12:42:08","modified_gmt":"2023-10-03T15:42:08","slug":"residencia-epecuen-exposicion-de-arte-a-cielo-abierto","status":"publish","type":"post","link":"http:\/\/dsrmedios.com.ar\/diario\/archivos\/39994","title":{"rendered":"<strong>Residencia Epecu\u00e9n: Exposici\u00f3n de Arte a Cielo Abierto<\/strong>"},"content":{"rendered":"\n<p>Octubre: s\u00e1bado 14 y domingo 15, el Matadero y las Ruinas de Epecu\u00e9n ser\u00e1n los escenarios para la Exposici\u00f3n de Arte Contempor\u00e1neo en Epecu\u00e9n \u201cLa Ruina como Inicio\u201d, a cargo de Residencia Epecu\u00e9n.<\/p>\n\n\n\n<p>El s\u00e1bado 14 a las 19:30 y el domingo 15 de octubre de 11 a 19 hs, en El Matadero y la Ruinas, respectivamente, 14 artistas residentes tendr\u00e1n la oportunidad de compartir sus experiencias y perspectivas con la comunidad, turistas y visitantes del Lago Epecu\u00e9n a trav\u00e9s de instalaciones, performances, videos y acciones que se mezclan y se entrelazan para dar nueva vida a las ruinas. El evento cuenta con la presencia de la curadora invitada Paula Lucila Benitez.<\/p>\n\n\n\n<p>Los artistas residentes de la edici\u00f3n 14 son: Jo\u00e3o Ferreira (Brasil); Victoria Neira Urz\u00faa (Chile); Wolgang Fuchs (Austria); Jorgela Argara\u00f1as (Argentina); Karina Fargi (Argentina); Veronica Fogg (Argentina); Luciana Yovine (Argentina); Federico Klarich (Argentina). Tambi\u00e9n participar\u00e1n artistas de ediciones anteriores: Daniela Castillo, Andrea Basmagi, Mar\u00eda Villanueva, Carolina Di Paola, Laura Levy, Mar\u00eda Bressanello.<\/p>\n\n\n\n<p><em><strong>La Ruina como Inicio<\/strong><\/em><\/p>\n\n\n\n<p>S\u00e1bado 14 de octubre 19.30 hs: Proyecciones en el Matadero. En las ruinas del Matadero Municipal Se proyectar\u00e1n trabajos audiovisuales de los residentes, destacando el patrimonio arquitect\u00f3nico de Francisco Salamone.<\/p>\n\n\n\n<p>Domingo 15 de octubre: Exposici\u00f3n a cielo abierto, Arte contempor\u00e1neo en las ruinas. En las Ruinas de Villa Epecu\u00e9n. Se podr\u00e1n ver instalaciones y acciones curadas espec\u00edficamente para las ruinas por los artistas residentes de la edici\u00f3n 14. Se exhibir\u00e1n procesos, intervenciones, acciones y trabajos situados.<\/p>\n\n\n\n<p><em><strong>Residencia Epecu\u00e9n<\/strong><\/em><\/p>\n\n\n\n<p>Es un proyecto de formaci\u00f3n, difusi\u00f3n y comercializaci\u00f3n de artistas ubicado en el sudoeste de la Provincia de Buenos Aires. Desde 2017, ha sido un puente entre artistas de diversas nacionalidades y la comunidad local, promoviendo la exploraci\u00f3n art\u00edstica en el contexto de la Laguna y las ruinas de Villa Epecu\u00e9n.<\/p>\n\n\n\n<p>Con m\u00e1s de 100 artistas participantes en 13 ediciones anteriores, la residencia sigue siendo un punto de referencia para la cultura y el arte contempor\u00e1neo de la regi\u00f3n.<\/p>\n\n\n\n<p><\/p>\n","protected":false},"excerpt":{"rendered":"<div class=\"mh-excerpt\"><p>Octubre: s\u00e1bado 14 y domingo 15, el Matadero y las Ruinas de Epecu\u00e9n ser\u00e1n los escenarios para la Exposici\u00f3n de Arte Contempor\u00e1neo en Epecu\u00e9n \u201cLa Ruina como Inicio\u201d, a cargo de Residencia Epecu\u00e9n. El s\u00e1bado 14 a las 19:30 y el domingo 15 de octubre de 11 a 19 hs, en El Matadero y la Ruinas, respectivamente, 14 artistas residentes tendr\u00e1n la oportunidad de compartir sus experiencias y perspectivas con la comunidad, turistas y visitantes del Lago Epecu\u00e9n a trav\u00e9s de instalaciones, performances, videos y acciones que se mezclan y se entrelazan para dar nueva vida a las ruinas. El <a class=\"mh-excerpt-more\" href=\"http:\/\/dsrmedios.com.ar\/diario\/archivos\/39994\" title=\"Residencia Epecu\u00e9n: Exposici\u00f3n de Arte a Cielo Abierto\">[Leer m\u00e1s]<\/a><\/p>\n<\/div>","protected":false},"author":8,"featured_media":39995,"comment_status":"open","ping_status":"closed","sticky":false,"template":"","format":"standard","meta":{"_jetpack_newsletter_access":""},"categories":[18,31,5],"tags":[],"jetpack_featured_media_url":"http:\/\/dsrmedios.com.ar\/diario\/wp-content\/uploads\/2023\/10\/WhatsApp-Image-2023-10-03-at-11.41.31.jpeg","jetpack_sharing_enabled":true,"jetpack_shortlink":"https:\/\/wp.me\/p9fihK-ap4","_links":{"self":[{"href":"http:\/\/dsrmedios.com.ar\/diario\/wp-json\/wp\/v2\/posts\/39994"}],"collection":[{"href":"http:\/\/dsrmedios.com.ar\/diario\/wp-json\/wp\/v2\/posts"}],"about":[{"href":"http:\/\/dsrmedios.com.ar\/diario\/wp-json\/wp\/v2\/types\/post"}],"author":[{"embeddable":true,"href":"http:\/\/dsrmedios.com.ar\/diario\/wp-json\/wp\/v2\/users\/8"}],"replies":[{"embeddable":true,"href":"http:\/\/dsrmedios.com.ar\/diario\/wp-json\/wp\/v2\/comments?post=39994"}],"version-history":[{"count":1,"href":"http:\/\/dsrmedios.com.ar\/diario\/wp-json\/wp\/v2\/posts\/39994\/revisions"}],"predecessor-version":[{"id":39996,"href":"http:\/\/dsrmedios.com.ar\/diario\/wp-json\/wp\/v2\/posts\/39994\/revisions\/39996"}],"wp:featuredmedia":[{"embeddable":true,"href":"http:\/\/dsrmedios.com.ar\/diario\/wp-json\/wp\/v2\/media\/39995"}],"wp:attachment":[{"href":"http:\/\/dsrmedios.com.ar\/diario\/wp-json\/wp\/v2\/media?parent=39994"}],"wp:term":[{"taxonomy":"category","embeddable":true,"href":"http:\/\/dsrmedios.com.ar\/diario\/wp-json\/wp\/v2\/categories?post=39994"},{"taxonomy":"post_tag","embeddable":true,"href":"http:\/\/dsrmedios.com.ar\/diario\/wp-json\/wp\/v2\/tags?post=39994"}],"curies":[{"name":"wp","href":"https:\/\/api.w.org\/{rel}","templated":true}]}}