{"id":39991,"date":"2023-10-03T12:40:49","date_gmt":"2023-10-03T15:40:49","guid":{"rendered":"http:\/\/dsrmedios.com.ar\/diario\/?p=39991"},"modified":"2023-10-03T12:40:59","modified_gmt":"2023-10-03T15:40:59","slug":"san-miguel-celebro-120-anos-tres-dias-a-pura-fiesta","status":"publish","type":"post","link":"http:\/\/dsrmedios.com.ar\/diario\/archivos\/39991","title":{"rendered":"<strong>San Miguel celebr\u00f3 120 a\u00f1os: tres d\u00edas a pura fiesta<\/strong>"},"content":{"rendered":"\n<p>Viernes, s\u00e1bado y domingo para celebrar el 120\u00b0 aniversario de la localidad de San Miguel Arc\u00e1ngel. Con la presencia del Intendente Municipal de Adolfo Alsina, Javier Andres, concejales, funcionarios y vecinos las jornadas tuvieron momentos de homenaje a los fundadores, torneo de kosser, misa en acci\u00f3n de gracias, stand, paseos gastron\u00f3micos, shows en vivo, feria de emprendedores danzas y comidas t\u00edpicas, y mucha alegr\u00eda y entusiasmo.<\/p>\n\n\n\n<p>El p\u00fablico llen\u00f3 de colores, risas y mucha m\u00fasica el predio enmarcado por stands de instituciones locales. Al ritmo de&nbsp;\u201cLos Aut\u00e9nticos Descendientes\u201d y Lito Williging y sus m\u00fasicos que tocaron en vivo bailaron y cantaron los presentes mientras recorr\u00edan el patio de comidas t\u00edpicas alemanas, se formaban rondas de mate y vest\u00edan accesorios con los colores de la bandera alemana hechos por J\u00f3venes en trama, entre otro entretenimientos como el torneo y la exhibici\u00f3n de kosser, feria de emprendedores y murga.<\/p>\n\n\n\n<p>Las celebraciones hab\u00edan comenzado el viernes 29 de septiembre con el acto protocolar, encabezado por el Intendente Javier Andres, en el monumento Los Fundadores, la Santa Misa y San Miguel Arc\u00e1ngel Festeja.<\/p>\n\n\n\n<p><em><strong>Ganadores del Torneo de Kosser<\/strong><\/em><\/p>\n\n\n\n<p>Del Torneo de Kosser participaron 50 parejas de distintas localidades: Darregueira, Pu\u00e1n, Sta. Teresa, Guatrach\u00e9, Carhu\u00e9, Rivera y San Miguel Arc\u00e1ngel. Los ganadores fueron:&nbsp;1\u00b0&nbsp;puesto:&nbsp;Hugo Elizondo y Marcos Elizondo de San Miguel Arc\u00e1ngel; 2\u00b0&nbsp;puesto: Sergio Maldonado y Osvaldo Carro&nbsp;de&nbsp;Carhu\u00e9;&nbsp;3\u00b0&nbsp;puesto: Omar Sewald y Mario Koller&nbsp;y&nbsp;4\u00b0&nbsp;puesto: Fernando Kreder y Mario Alberto koller.&nbsp;Los resultados de la Ronda Repechaje fueron:&nbsp;1\u00b0 Leonardo Kraf (San Miguel) y Sebastian Lista; 2\u00b0&nbsp;Ariel Sewald y Facundo Quintana; 3 \u00b0 Marita Kette y Omar Dulsen&nbsp;y&nbsp;4\u00b0&nbsp;Omar Diel y Braian Feller.<\/p>\n\n\n\n<p><em><strong>Paseo Gastron\u00f3mico<\/strong><\/em><br>&nbsp;<\/p>\n\n\n\n<p>Las instituciones que participan del patio gastron\u00f3mico&nbsp;fueron:<\/p>\n\n\n\n<p>Asociaci\u00f3n Cooperadora del Jard\u00edn N\u00b0&nbsp;903<\/p>\n\n\n\n<p>Asociaci\u00f3n Cooperadora de la EP N\u00ba 18<\/p>\n\n\n\n<p>Uni\u00f3n Padres de Familia del Colegio Ni\u00f1o Jes\u00fas y Jard\u00edn Las Abejitas<\/p>\n\n\n\n<p>Asociaci\u00f3n Cooperadora de la Escuela Secundaria N.\u00ba 6<\/p>\n\n\n\n<p>Asociaci\u00f3n Cooperadora de la Escuela Anexo Secundaria N\u00b03<\/p>\n\n\n\n<p>Club Social y Deportivo San Miguel<\/p>\n\n\n\n<p>Comisi\u00f3n Parroquial<\/p>\n\n\n\n<p><em><strong>Reconocimientos a Personalidades Destacadas<\/strong><\/em><\/p>\n\n\n\n<p>De la mano del Intendente Municipal de Adolfo Alsina, Javier Andres, el Diputado Provincial Emiliano Balb\u00edn y el Delegado Municipal de la localidad, Carlos Baier recibieron reconocimientos:<\/p>\n\n\n\n<p><strong>H<\/strong><strong>\u00e9ctor<\/strong><strong>&nbsp;M<\/strong><strong>asson:<\/strong>&nbsp;en el marco de los 75 a\u00f1os de la creaci\u00f3n de la&nbsp;Unidad&nbsp;Sanitaria \u201cDr. Eugenio Estorch\u201d, por su entrega y compromiso como presidente de la cooperadora de la Unidad Sanitaria.<\/p>\n\n\n\n<p><strong>Los Jomers:<\/strong>&nbsp;por su trayectoria que inici\u00f3 en 1968. Entre muchos hitos de este grupo se destaca la grabaci\u00f3n de la m\u00fasica del centenario de la localidad, en el a\u00f1o 2003, en los estudios Dos de La Plata producido y duplicado por Megadisk en formato CD y cassette.<\/p>\n\n\n\n<p><strong>Murga Los Ca\u00eddos del Mapa:<\/strong>&nbsp;al cumplirse dos d\u00e9cadas de su fundaci\u00f3n.<\/p>\n\n\n\n<p>Hace 20 a\u00f1os, el 3 de octubre de 2003,&nbsp;debutaba la murga de San Miguel Arc\u00e1ngel \u201cLos Ca\u00eddos del Mapa\u201d.<\/p>\n\n\n\n<p><em><strong>Un poco de Historia<\/strong><\/em><\/p>\n\n\n\n<p>San Miguel Arc\u00e1ngel fue fundada el&nbsp;29 de septiembre&nbsp;de&nbsp;<a href=\"https:\/\/adolfoalsina.us15.list-manage.com\/track\/click?u=5353644e475fca32bed1d20f8&amp;id=9b4fcb21bc&amp;e=e41d8bec1e\" target=\"_blank\" rel=\"noreferrer noopener\">1903<\/a>&nbsp;por 15 familias de alemanes del Volga. El nacimiento de la localidad, Colonia San Miguel Arc\u00e1ngel, se remonta hacia 1878 con la llegada de los alemanes del Volga que migraban hacia el sudoeste de la provincia de Buenos Aires. Los hermanos Juan y Guillermo Wagner provenientes&nbsp;de la zona de Puan fueron los pioneros en la ampliaci\u00f3n del territorio, concretamente de San Miguel Arc\u00e1ngel. Estos mismos se contactaron con el se\u00f1or Antonio Leloir (residente en Buenos Aires) con el deseo de concretar la compra de 10 mil hect\u00e1reas a 45 km del sudoeste de Pu\u00e1n.&nbsp;Surgieron 15 interesados en la eventual compra,&nbsp;entre ellos don Juan Kees y Jacobo Bahl quienes viajaron a Buenos Aires para concretarla con el se\u00f1or Leloir, por un valor de $ 16,00 por hect\u00e1rea al contado. Una vez finalizado esto, entre 1903 y 1904,&nbsp;comenzaron&nbsp;los trabajos de cavar pozos para el agua, construir las viviendas, proceder al alambrado de los predios y quintas. Una dificultad en estos comienzos fue que los materiales necesarios para las obras ten\u00edan que ser&nbsp;llevados&nbsp;de Carhu\u00e9 y Pu\u00e1n (distantes a 50 y 45 km, respectivamente). Sin embargo, estos contratiempos no determinaron el avance de la comunidad.<\/p>\n","protected":false},"excerpt":{"rendered":"<div class=\"mh-excerpt\"><p>Viernes, s\u00e1bado y domingo para celebrar el 120\u00b0 aniversario de la localidad de San Miguel Arc\u00e1ngel. Con la presencia del Intendente Municipal de Adolfo Alsina, Javier Andres, concejales, funcionarios y vecinos las jornadas tuvieron momentos de homenaje a los fundadores, torneo de kosser, misa en acci\u00f3n de gracias, stand, paseos gastron\u00f3micos, shows en vivo, feria de emprendedores danzas y comidas t\u00edpicas, y mucha alegr\u00eda y entusiasmo. El p\u00fablico llen\u00f3 de colores, risas y mucha m\u00fasica el predio enmarcado por stands de instituciones locales. Al ritmo de&nbsp;\u201cLos Aut\u00e9nticos Descendientes\u201d y Lito Williging y sus m\u00fasicos que tocaron en vivo bailaron y <a class=\"mh-excerpt-more\" href=\"http:\/\/dsrmedios.com.ar\/diario\/archivos\/39991\" title=\"San Miguel celebr\u00f3 120 a\u00f1os: tres d\u00edas a pura fiesta\">[Leer m\u00e1s]<\/a><\/p>\n<\/div>","protected":false},"author":8,"featured_media":39992,"comment_status":"open","ping_status":"closed","sticky":false,"template":"","format":"standard","meta":{"_jetpack_newsletter_access":""},"categories":[18,31,5],"tags":[],"jetpack_featured_media_url":"http:\/\/dsrmedios.com.ar\/diario\/wp-content\/uploads\/2023\/10\/MG_5689-scaled.jpg","jetpack_sharing_enabled":true,"jetpack_shortlink":"https:\/\/wp.me\/p9fihK-ap1","_links":{"self":[{"href":"http:\/\/dsrmedios.com.ar\/diario\/wp-json\/wp\/v2\/posts\/39991"}],"collection":[{"href":"http:\/\/dsrmedios.com.ar\/diario\/wp-json\/wp\/v2\/posts"}],"about":[{"href":"http:\/\/dsrmedios.com.ar\/diario\/wp-json\/wp\/v2\/types\/post"}],"author":[{"embeddable":true,"href":"http:\/\/dsrmedios.com.ar\/diario\/wp-json\/wp\/v2\/users\/8"}],"replies":[{"embeddable":true,"href":"http:\/\/dsrmedios.com.ar\/diario\/wp-json\/wp\/v2\/comments?post=39991"}],"version-history":[{"count":1,"href":"http:\/\/dsrmedios.com.ar\/diario\/wp-json\/wp\/v2\/posts\/39991\/revisions"}],"predecessor-version":[{"id":39993,"href":"http:\/\/dsrmedios.com.ar\/diario\/wp-json\/wp\/v2\/posts\/39991\/revisions\/39993"}],"wp:featuredmedia":[{"embeddable":true,"href":"http:\/\/dsrmedios.com.ar\/diario\/wp-json\/wp\/v2\/media\/39992"}],"wp:attachment":[{"href":"http:\/\/dsrmedios.com.ar\/diario\/wp-json\/wp\/v2\/media?parent=39991"}],"wp:term":[{"taxonomy":"category","embeddable":true,"href":"http:\/\/dsrmedios.com.ar\/diario\/wp-json\/wp\/v2\/categories?post=39991"},{"taxonomy":"post_tag","embeddable":true,"href":"http:\/\/dsrmedios.com.ar\/diario\/wp-json\/wp\/v2\/tags?post=39991"}],"curies":[{"name":"wp","href":"https:\/\/api.w.org\/{rel}","templated":true}]}}