{"id":39988,"date":"2023-10-02T22:49:38","date_gmt":"2023-10-03T01:49:38","guid":{"rendered":"http:\/\/dsrmedios.com.ar\/diario\/?p=39988"},"modified":"2023-10-02T22:49:41","modified_gmt":"2023-10-03T01:49:41","slug":"compras-sin-iva-y-alquileres-las-leyes-que-el-oficialismo-busca-aprobar-antes-de-las-elecciones","status":"publish","type":"post","link":"http:\/\/dsrmedios.com.ar\/diario\/archivos\/39988","title":{"rendered":"Compras sin IVA y alquileres, las leyes que el oficialismo busca aprobar antes de las elecciones"},"content":{"rendered":"\n<p>Siguiendo el pedido del candidato a Presidente&nbsp;<strong>Sergio Massa<\/strong>, el&nbsp;<strong>oficialismo avanza&nbsp;<\/strong>con el debate de los&nbsp;<strong>proyectos de ley<\/strong>&nbsp;elaborados porel Palacio de Hacienda. El objetivo es mostrar dinamismo y aprovechar el \u00faltimo tramo de la campa\u00f1a de cara a \u00f1as elecciones generales del 22 de octubre.<\/p>\n\n\n\n<p>Durante esta semana el bloque del Frente de Todos &#8211; Uni\u00f3n por la Patria buscar\u00e1&nbsp;<strong>dictaminar<\/strong>&nbsp;dos&nbsp;<strong>proyectos de ley&nbsp;<\/strong>que fueron presentados por el actual&nbsp;<strong>ministro de Econom\u00eda&nbsp;<\/strong>y que forman parte de su&nbsp;<strong>discurso de campa\u00f1a&nbsp;<\/strong>electoral:&nbsp;<a rel=\"noreferrer noopener\" href=\"https:\/\/www.infobae.com\/economia\/2023\/09\/13\/massa-anuncio-que-se-le-devolveran-el-iva-en-la-compra-de-alimentos-a-9-millones-de-trabajadores\/\" target=\"_blank\"><strong>Compre Sin IVA&nbsp;<\/strong><\/a><strong>y&nbsp;<\/strong><a rel=\"noreferrer noopener\" href=\"https:\/\/www.infobae.com\/politica\/2023\/09\/27\/el-ministro-perczyk-defendio-el-proyecto-de-financiamiento-educativo-el-objetivo-es-que-haya-190-dias-de-clase\/\" target=\"_blank\"><strong>Financiamiento para la Educaci\u00f3n<\/strong><\/a>.<\/p>\n\n\n\n<p>El pr\u00f3ximo&nbsp;<strong>mi\u00e9rcoles 4&nbsp;<\/strong>de octubre a las 11 horas est\u00e1n citados los diputados que conforman la comisi\u00f3n de Presupuesto y Hacienda para lo que ser\u00e1 el segundo encuentro en el que se debate el primero de estos dos proyectos, el que busca eliminar el cobro del Impuesto al Valor Agregado en la compra de alimentos.<\/p>\n\n\n\n<p><img decoding=\"async\" loading=\"lazy\" alt=\"Sergio Massa busca marcar la agenda en el Congreso en la \u00faltima etapa de la campa\u00f1a presidencial. (Prensa Axel Kicillof)\" height=\"1280\" width=\"1920\" src=\"https:\/\/www.infobae.com\/new-resizer\/8M-ujHsqziSs9w9j2cam30-WOgc=\/arc-anglerfish-arc2-prod-infobae\/public\/XCPTQ5JONZCIJC75V4FMSXUC7M.JPG\" srcset=\"https:\/\/www.infobae.com\/new-resizer\/GY0nfFIVGjkmD_v1tcoNAtjf29o=\/420x280\/filters:format(webp):quality(85)\/cloudfront-us-east-1.images.arcpublishing.com\/infobae\/XCPTQ5JONZCIJC75V4FMSXUC7M.JPG 420w,https:\/\/www.infobae.com\/new-resizer\/8dVEvdSG0vRjbu_WR2FrRoTT02Y=\/768x512\/filters:format(webp):quality(85)\/cloudfront-us-east-1.images.arcpublishing.com\/infobae\/XCPTQ5JONZCIJC75V4FMSXUC7M.JPG 768w,https:\/\/www.infobae.com\/new-resizer\/CaA_gh7N246lMtQTbQH2jC1jtwU=\/992x661\/filters:format(webp):quality(85)\/cloudfront-us-east-1.images.arcpublishing.com\/infobae\/XCPTQ5JONZCIJC75V4FMSXUC7M.JPG 992w,https:\/\/www.infobae.com\/new-resizer\/0mql64D_3XxeS-uMe_Qbp4OYHsc=\/1200x800\/filters:format(webp):quality(85)\/cloudfront-us-east-1.images.arcpublishing.com\/infobae\/XCPTQ5JONZCIJC75V4FMSXUC7M.JPG 1200w,https:\/\/www.infobae.com\/new-resizer\/jgsNfPFz7D_csJSAqArOsS1GZzk=\/1440x960\/filters:format(webp):quality(85)\/cloudfront-us-east-1.images.arcpublishing.com\/infobae\/XCPTQ5JONZCIJC75V4FMSXUC7M.JPG 1440w\">Sergio Massa busca marcar la agenda en el Congreso en la \u00faltima etapa de la campa\u00f1a presidencial. (Prensa Axel Kicillof)<\/p>\n\n\n\n<p>La iniciativa ya fue defendida en la comisi\u00f3n por\u00a0<strong>Guillermo Michel (Aduana) y Carlos Castagneto (AFIP)<\/strong>. Propone fijar por ley el programa que beneficia a jubilados con ingresos de hasta dos haberes m\u00ednimos, pensionados, monotributistas, personal de casas particulares, trabajadores en relaci\u00f3n de dependencia con sueldos inferiores a seis salarios m\u00ednimos -hoy ser\u00eda de 792.000 pesos brutos-, titulares de AUH y AUE, entre otros, con la<strong>\u00a0devoluci\u00f3n del 21% del IVA para la compra con tarjeta de d\u00e9bito de la treintena de productos que conforman la canasta b\u00e1sica.<\/strong><\/p>\n\n\n\n<p>El segundo tema que el oficialismo buscar\u00e1 dictaminar de cara a una posible sesi\u00f3n la semana que viene en la C\u00e1mara Baja es e<strong>l financiamiento educativo.<\/strong>&nbsp;El mismo mi\u00e9rcoles pero a las 13.30, la comisi\u00f3n de Educaci\u00f3n tendr\u00e1 el segundo encuentro para analizar la norma que tambi\u00e9n es impulsada por Ministerio de Econom\u00eda. En este caso se trata de un proyecto que<strong>&nbsp;eleva la inversi\u00f3n del Estado del 6% al 8% del PBI&nbsp;<\/strong>en un per\u00edodo de siete a\u00f1os, garantiza 190 d\u00edas de clase efectivos, la construcci\u00f3n de nuevos jardines de infantes y maternales como tambi\u00e9n escuelas t\u00e9cnicas, la entrega de libros en modalidad uno a uno y darle continuidad a la jornada extendida, entre otras medidas que buscan fortalecer la ense\u00f1anza p\u00fablica.<\/p>\n\n\n\n<p>En la primera reuni\u00f3n de los diputados para analizar este tema expuso el ministro de Educaci\u00f3n,<a rel=\"noreferrer noopener\" href=\"https:\/\/www.infobae.com\/politica\/2023\/09\/27\/el-ministro-perczyk-defendio-el-proyecto-de-financiamiento-educativo-el-objetivo-es-que-haya-190-dias-de-clase\/\" target=\"_blank\">&nbsp;Jaime Perczyk<\/a>, y el bloque de Juntos por el Cambio se mostr\u00f3 en desacuerdo con lo expuesto por el funcionario nacional, lo que gener\u00f3 controversia. La discusi\u00f3n de JxC apunta al financiamiento de la educaci\u00f3n p\u00fablica y a la capacidad del Ejecutivo de poder certificar un crecimiento en la inversi\u00f3n. La cr\u00edtica tiene en cuenta que en la actualidad la inversi\u00f3n del Estado no logra alcanzar el 6 por ciento del PBI, a\u00fan cuando ya est\u00e1 establecido por la ley vigente.<\/p>\n\n\n\n<p><img decoding=\"async\" loading=\"lazy\" alt=\"El oficialismo busca modificar la ley de alquileres\" height=\"1920\" width=\"1920\" src=\"https:\/\/www.infobae.com\/new-resizer\/Qs75HlQnJebHqRIvweK48TSiIQA=\/arc-anglerfish-arc2-prod-infobae\/public\/DKBZQRJ25ZEVDMEN5IJ7ROFZQ4.jpeg\" srcset=\"https:\/\/www.infobae.com\/new-resizer\/3Uug94ePSbA2v44K-fhz9pYcH7I=\/420x420\/filters:format(webp):quality(85)\/cloudfront-us-east-1.images.arcpublishing.com\/infobae\/DKBZQRJ25ZEVDMEN5IJ7ROFZQ4.jpeg 420w,https:\/\/www.infobae.com\/new-resizer\/BGo-xQZPrtOm2S_aLb4EMqE14Qw=\/768x768\/filters:format(webp):quality(85)\/cloudfront-us-east-1.images.arcpublishing.com\/infobae\/DKBZQRJ25ZEVDMEN5IJ7ROFZQ4.jpeg 768w,https:\/\/www.infobae.com\/new-resizer\/QjeRMyKT4TNB4cZv9P07v_7VmW8=\/992x992\/filters:format(webp):quality(85)\/cloudfront-us-east-1.images.arcpublishing.com\/infobae\/DKBZQRJ25ZEVDMEN5IJ7ROFZQ4.jpeg 992w,https:\/\/www.infobae.com\/new-resizer\/9Q-PSr979bRRReCxIaxShbfsXQk=\/1200x1200\/filters:format(webp):quality(85)\/cloudfront-us-east-1.images.arcpublishing.com\/infobae\/DKBZQRJ25ZEVDMEN5IJ7ROFZQ4.jpeg 1200w,https:\/\/www.infobae.com\/new-resizer\/qqVNRUen6vRdy8JpH4NoHKE5ABA=\/1440x1440\/filters:format(webp):quality(85)\/cloudfront-us-east-1.images.arcpublishing.com\/infobae\/DKBZQRJ25ZEVDMEN5IJ7ROFZQ4.jpeg 1440w\">El oficialismo busca modificar la ley de alquileres<\/p>\n\n\n\n<p>En el medio de esta actividad en la C\u00e1mara de Diputados, tambi\u00e9n se reunir\u00e1 la comisi\u00f3n que discute la&nbsp;<strong>modificaci\u00f3n de la ley de alquileres<\/strong>. All\u00ed se concentrar\u00e1 buena parte de la atenci\u00f3n. Hasta ahora, es poco probable que la discusi\u00f3n termine con la firma del dictamen. El 4 de octubre a las 13.30 est\u00e1 citada la comisi\u00f3n de Presupuesto y Hacienda y Legislaci\u00f3n General para&nbsp;<strong>comenzar a debatir&nbsp;<\/strong>el proyecto de ley que lleg\u00f3 de la C\u00e1mara de Senadores para realizar la modificaci\u00f3n a la actual ley de Alquileres.<\/p>\n\n\n\n<p>En realidad se trata del proyecto que aprob\u00f3 Juntos por el Cambio en Diputados, fue en revisi\u00f3n al Senado,, donde el Frente de Todos junto a otros senadores le introdujo modificaciones. Esto hizo que regresara a la C\u00e1mara Baja para ser debatido nuevamente.<\/p>\n\n\n\n<p>\u201cEs&nbsp;<strong>poco probable que se pueda dictaminar alquileres<\/strong>, pero con el resto el oficialismo busca avanzar mientras est\u00e1 tanteando hacer una sesi\u00f3n la semana que viene. El propio presidente del bloque, Germ\u00e1n Mart\u00ednez, adelant\u00f3 que est\u00e1n pensando en sesionar el 11 de octubre\u201d, explic\u00f3 un diputado de Juntos por el Cambio a&nbsp;<strong>Infobae<\/strong>.<\/p>\n\n\n\n<p>Por lo pronto, Mart\u00ednez avanza en los contactos con diputados de otros bloques para sumar voluntades que le permita abrir el qu\u00f3rum y lograr llevar adelante una sesi\u00f3n antes de las pr\u00f3ximas elecciones del 22 de octubre<\/p>\n\n\n\n<p>Fuente: Infobae<\/p>\n","protected":false},"excerpt":{"rendered":"<div class=\"mh-excerpt\"><p>Siguiendo el pedido del candidato a Presidente&nbsp;Sergio Massa, el&nbsp;oficialismo avanza&nbsp;con el debate de los&nbsp;proyectos de ley&nbsp;elaborados porel Palacio de Hacienda. El objetivo es mostrar dinamismo y aprovechar el \u00faltimo tramo de la campa\u00f1a de cara a \u00f1as elecciones generales del 22 de octubre. Durante esta semana el bloque del Frente de Todos &#8211; Uni\u00f3n por la Patria buscar\u00e1&nbsp;dictaminar&nbsp;dos&nbsp;proyectos de ley&nbsp;que fueron presentados por el actual&nbsp;ministro de Econom\u00eda&nbsp;y que forman parte de su&nbsp;discurso de campa\u00f1a&nbsp;electoral:&nbsp;Compre Sin IVA&nbsp;y&nbsp;Financiamiento para la Educaci\u00f3n. El pr\u00f3ximo&nbsp;mi\u00e9rcoles 4&nbsp;de octubre a las 11 horas est\u00e1n citados los diputados que conforman la comisi\u00f3n de Presupuesto y Hacienda para <a class=\"mh-excerpt-more\" href=\"http:\/\/dsrmedios.com.ar\/diario\/archivos\/39988\" title=\"Compras sin IVA y alquileres, las leyes que el oficialismo busca aprobar antes de las elecciones\">[Leer m\u00e1s]<\/a><\/p>\n<\/div>","protected":false},"author":8,"featured_media":14430,"comment_status":"open","ping_status":"closed","sticky":false,"template":"","format":"standard","meta":{"_jetpack_newsletter_access":""},"categories":[6],"tags":[],"jetpack_featured_media_url":"http:\/\/dsrmedios.com.ar\/diario\/wp-content\/uploads\/2019\/08\/senado.jpg","jetpack_sharing_enabled":true,"jetpack_shortlink":"https:\/\/wp.me\/p9fihK-aoY","_links":{"self":[{"href":"http:\/\/dsrmedios.com.ar\/diario\/wp-json\/wp\/v2\/posts\/39988"}],"collection":[{"href":"http:\/\/dsrmedios.com.ar\/diario\/wp-json\/wp\/v2\/posts"}],"about":[{"href":"http:\/\/dsrmedios.com.ar\/diario\/wp-json\/wp\/v2\/types\/post"}],"author":[{"embeddable":true,"href":"http:\/\/dsrmedios.com.ar\/diario\/wp-json\/wp\/v2\/users\/8"}],"replies":[{"embeddable":true,"href":"http:\/\/dsrmedios.com.ar\/diario\/wp-json\/wp\/v2\/comments?post=39988"}],"version-history":[{"count":1,"href":"http:\/\/dsrmedios.com.ar\/diario\/wp-json\/wp\/v2\/posts\/39988\/revisions"}],"predecessor-version":[{"id":39989,"href":"http:\/\/dsrmedios.com.ar\/diario\/wp-json\/wp\/v2\/posts\/39988\/revisions\/39989"}],"wp:featuredmedia":[{"embeddable":true,"href":"http:\/\/dsrmedios.com.ar\/diario\/wp-json\/wp\/v2\/media\/14430"}],"wp:attachment":[{"href":"http:\/\/dsrmedios.com.ar\/diario\/wp-json\/wp\/v2\/media?parent=39988"}],"wp:term":[{"taxonomy":"category","embeddable":true,"href":"http:\/\/dsrmedios.com.ar\/diario\/wp-json\/wp\/v2\/categories?post=39988"},{"taxonomy":"post_tag","embeddable":true,"href":"http:\/\/dsrmedios.com.ar\/diario\/wp-json\/wp\/v2\/tags?post=39988"}],"curies":[{"name":"wp","href":"https:\/\/api.w.org\/{rel}","templated":true}]}}