{"id":39982,"date":"2023-10-02T22:40:39","date_gmt":"2023-10-03T01:40:39","guid":{"rendered":"http:\/\/dsrmedios.com.ar\/diario\/?p=39982"},"modified":"2023-10-02T22:40:41","modified_gmt":"2023-10-03T01:40:41","slug":"el-papa-francisco-se-mostro-abierto-a-que-la-iglesia-bendiga-a-parejas-del-mismo-sexo","status":"publish","type":"post","link":"http:\/\/dsrmedios.com.ar\/diario\/archivos\/39982","title":{"rendered":"El papa Francisco se mostr\u00f3 abierto a que la Iglesia bendiga a parejas del mismo sexo"},"content":{"rendered":"\n<p><strong>Cinco cardenales conservadores<\/strong>&nbsp;enviaron una carta al&nbsp;<strong>papa Francisco<\/strong>en la que pusieron de manifiesto su preocupaci\u00f3n por asuntos que se van a tratar en la primera fase de la Asamblea General del S\u00ednodo de los Obispos,&nbsp;<a rel=\"noreferrer noopener\" href=\"https:\/\/www.infobae.com\/america\/mundo\/2023\/10\/02\/el-papa-francisco-abrira-este-miercoles-el-primer-sinodo-de-la-iglesia-con-derecho-a-voto-para-laicos-y-mujeres\/\" target=\"_blank\">que arranca este mi\u00e9rcoles<\/a>.<\/p>\n\n\n\n<p>En su misiva, los purpurados Walter Brandm\u00fcller (Alemania), Raymond Leo Burke (Estados Unidos) Juan Sandoval \u00cd\u00f1iguez (M\u00e9xico), Robert Sarah (Guinea) y Joseph Zen Ze-kiun (China), explican que el pasado 10 de julio enviaron una carta al&nbsp;<a rel=\"noreferrer noopener\" href=\"https:\/\/www.infobae.com\/sociedad\/2023\/10\/01\/el-mensaje-del-papa-francisco-este-domingo-para-el-pecador-hay-redencion-para-el-corrupto-no\/\" target=\"_blank\">Pont\u00edfice&nbsp;<\/a>empleando el esquema de la Dubia (preguntas) que&nbsp;<strong>fue respondida por Francisco al d\u00eda siguiente.<\/strong><\/p>\n\n\n\n<p><strong>El Vaticano ha hecho p\u00fablico este mismo lunes las respuestas del Pont\u00edfice<\/strong>&nbsp;a trav\u00e9s de la web del Dicasterio para la Doctrina de la Fe, a cuestiones relacionadas sobre la<strong>&nbsp;bendici\u00f3n de las uniones entre personas del mismo sexo, la sinodalidad como dimensi\u00f3n constitutiva de la Iglesia, la ordenaci\u00f3n sacerdotal de la mujer y el arrepentimiento&nbsp;<\/strong>como condici\u00f3n necesaria para la absoluci\u00f3n sacramental.<\/p>\n\n\n\n<p>Sobre la bendici\u00f3n de uniones del mismo sexo, los purpurados preguntaron al Pont\u00edfice si la pr\u00e1ctica generalizada de bendecir las uniones entre personas del mismo sexo concuerda con la Revelaci\u00f3n y el Magisterio.<\/p>\n\n\n\n<p><img decoding=\"async\" loading=\"lazy\" alt=\"Cinco cardenales conservadores enviaron una carta al papa Francisco (AP Photo\/Riccardo De Luca)\" height=\"1080\" width=\"1920\" src=\"https:\/\/www.infobae.com\/new-resizer\/hk4-Nsn3T6pjQBIbehKAfyheo0k=\/arc-anglerfish-arc2-prod-infobae\/public\/HINVVWQ4VFADXKBS7VBQIC2W4Q.jpg\" srcset=\"https:\/\/www.infobae.com\/new-resizer\/R9fXIlI5go5LaM11rVSuNKF19KY=\/420x236\/filters:format(webp):quality(85)\/cloudfront-us-east-1.images.arcpublishing.com\/infobae\/HINVVWQ4VFADXKBS7VBQIC2W4Q.jpg 420w,https:\/\/www.infobae.com\/new-resizer\/Gj8nSF-lM_lFMd-pzwMGgOvQ4sI=\/768x432\/filters:format(webp):quality(85)\/cloudfront-us-east-1.images.arcpublishing.com\/infobae\/HINVVWQ4VFADXKBS7VBQIC2W4Q.jpg 768w,https:\/\/www.infobae.com\/new-resizer\/hwOd469Tqr_8rEQXpIvHah3WX7o=\/992x558\/filters:format(webp):quality(85)\/cloudfront-us-east-1.images.arcpublishing.com\/infobae\/HINVVWQ4VFADXKBS7VBQIC2W4Q.jpg 992w,https:\/\/www.infobae.com\/new-resizer\/cPLe6SlObVEgsKFEZc4T5Jh07_Y=\/1200x675\/filters:format(webp):quality(85)\/cloudfront-us-east-1.images.arcpublishing.com\/infobae\/HINVVWQ4VFADXKBS7VBQIC2W4Q.jpg 1200w,https:\/\/www.infobae.com\/new-resizer\/Bh7rE79CBkn4z6tbIGJgP7Rfpfg=\/1440x810\/filters:format(webp):quality(85)\/cloudfront-us-east-1.images.arcpublishing.com\/infobae\/HINVVWQ4VFADXKBS7VBQIC2W4Q.jpg 1440w\">Cinco cardenales conservadores enviaron una carta al papa Francisco (AP Photo\/Riccardo De Luca)<\/p>\n\n\n\n<p>Francisco responde que<strong>, si bien s\u00f3lo la uni\u00f3n indisoluble de un hombre y una mujer abierta a engendrar hijos puede llamarse matrimonio, y la Iglesia evita \u201ccualquier tipo de rito o sacramental que pueda contradecir esta convicci\u00f3n\u201d, no se debe perder la \u201ccaridad pastoral\u201d.<\/strong><\/p>\n\n\n\n<p>\u201cEn el trato con las personas no hay que perder la caridad pastoral, que debe atravesar todas nuestras decisiones y actitudes. La defensa de la verdad objetiva no es la \u00fanica expresi\u00f3n de esa caridad, que tambi\u00e9n est\u00e1 hecha de amabilidad, de paciencia, de compresi\u00f3n, de ternura, de aliento.&nbsp;<strong>Por consiguiente, no podemos constituirnos en jueces que s\u00f3lo niegan, rechazan, excluyen<\/strong>\u201d, agreg\u00f3 Francisco.<\/p>\n\n\n\n<p>El Papa tambi\u00e9n sostuvo: \u201c<strong>Por ello la prudencia pastoral debe discernir adecuadamente si hay formas de bendici\u00f3n, solicitadas por una o por varias personas, que no transmitan una concepci\u00f3n equivocada del matrimonio<\/strong>. Porque cuando se pide una bendici\u00f3n se est\u00e1 expresando un pedido de auxilio a Dios, un ruego para poder vivir mejor, una confianza en un Padre que puede ayudarnos a vivir mejor.<\/p>\n\n\n\n<p>\u201cPor otra parte, si bien hay situaciones que desde el punto de vista objetivo no son moralmente aceptables, la misma caridad pastoral nos exige no tratar sin m\u00e1s de \u2018pecadores\u2019 a otras personas cuya culpabilidad o responsabilidad pueden estar atenuadas por diversos factores que influyen en la imputabilidad subjetiva\u201d, concluy\u00f3 el Pont\u00edfice.<\/p>\n\n\n\n<h2>Declaraci\u00f3n \u201cdefinitiva\u201d sobre la imposibilidad del sacerdocio femenino<\/h2>\n\n\n\n<p>En relaci\u00f3n al apoyo de pastores y te\u00f3logos a la teor\u00eda de que \u201cla teolog\u00eda de la Iglesia ha cambiado y por tanto la ordenaci\u00f3n sacerdotal puede ser conferida a las mujeres -que, a juicio de los purpurados, \u201cno han sido corregidas ni retractadas\u201d-, el Pont\u00edfice responde que cuando San Juan Pablo II ense\u00f1\u00f3 que es necesario afirmar \u201cdefinitivamente\u201d la imposibilidad de conferir la ordenaci\u00f3n sacerdotal a la mujer, \u201cno estaba denigrando en modo alguno a la mujer ni confiri\u00e9ndole el poder supremo a los hombres\u201d.<\/p>\n\n\n\n<p><strong>Francisco admite que es dif\u00edcil aceptar que el sacerdocio est\u00e1 reservado a los hombres y no se podr\u00e1 reconocer los derechos de las mujeres en la Iglesia si no se comprende que el poder sacerdotal habla de \u201cfunci\u00f3n\u201d y no de \u201cdignidad y santidad\u201d<\/strong>; que el hecho de presidir la Eucarist\u00eda no confiere al sacerdote \u201csuperioridad sobre los otros\u201d; y que la jerarqu\u00eda no debe entenderse como dominaci\u00f3n sino como santidad.<\/p>\n\n\n\n<p>\u201cPara ser rigurosos, reconocemos que a\u00fan no se ha desarrollado de manera integral una doctrina clara y autorizada sobre la naturaleza exacta de una \u201cdeclaraci\u00f3n definitiva\u201d. No es una definici\u00f3n dogm\u00e1tica, pero debe ser aceptada por todos. Nadie puede contradecirlo p\u00fablicamente y, sin embargo, puede ser objeto de estudio, como en el caso de la validez de las ordenaciones en la Comuni\u00f3n Anglicana, apunta.<\/p>\n\n\n\n<p><img decoding=\"async\" loading=\"lazy\" alt=\"Walter Brandm\u00fcller, uno de los cardenales que env\u00edo la misiva (@BistumBamberg)\" height=\"1079\" width=\"1920\" src=\"https:\/\/www.infobae.com\/new-resizer\/ao8eWo01wQhm7q1exNt0Ts1qcxY=\/arc-anglerfish-arc2-prod-infobae\/public\/JXWPVDDT4FALHOMKWZWPUADPDY.jpg\" srcset=\"https:\/\/www.infobae.com\/new-resizer\/xJE2h5GmRFkLrG64_5w_8J5HXbk=\/420x236\/filters:format(webp):quality(85)\/cloudfront-us-east-1.images.arcpublishing.com\/infobae\/JXWPVDDT4FALHOMKWZWPUADPDY.jpg 420w,https:\/\/www.infobae.com\/new-resizer\/xpDUDTQk2Qb_J0n3nJJZ-QnWyfs=\/768x432\/filters:format(webp):quality(85)\/cloudfront-us-east-1.images.arcpublishing.com\/infobae\/JXWPVDDT4FALHOMKWZWPUADPDY.jpg 768w,https:\/\/www.infobae.com\/new-resizer\/GiwMphFUu7Yur9dRVgITt9JepRc=\/992x558\/filters:format(webp):quality(85)\/cloudfront-us-east-1.images.arcpublishing.com\/infobae\/JXWPVDDT4FALHOMKWZWPUADPDY.jpg 992w,https:\/\/www.infobae.com\/new-resizer\/-CxVXOUX8JGSjAxzJlCBTd6XVxw=\/1200x675\/filters:format(webp):quality(85)\/cloudfront-us-east-1.images.arcpublishing.com\/infobae\/JXWPVDDT4FALHOMKWZWPUADPDY.jpg 1200w,https:\/\/www.infobae.com\/new-resizer\/sVhHX9RANXARG_oQ1R1A8fkJC0E=\/1440x810\/filters:format(webp):quality(85)\/cloudfront-us-east-1.images.arcpublishing.com\/infobae\/JXWPVDDT4FALHOMKWZWPUADPDY.jpg 1440w\">Walter Brandm\u00fcller, uno de los cardenales que env\u00edo la misiva (@BistumBamberg)<\/p>\n\n\n\n<h2>Los cambios culturales estimulan la expresi\u00f3n de la revelaci\u00f3n divina<\/h2>\n\n\n\n<p>Sobre si la Revelaci\u00f3n Divina debe ser reinterpretada a partir de los cambios culturales y antropol\u00f3gicos en boga, el Papa matiza que&nbsp;<strong>si bien es \u201cinmutable\u201d, la Revelaci\u00f3n Divina \u201cnecesita crecer en su comprensi\u00f3n\u201d&nbsp;<\/strong>y los cambios culturales pueden estimular a \u201cexpresar mejor algunos aspectos de su \u201cdesbordante riqueza\u201d.<\/p>\n\n\n\n<p>Como ejemplo, el Pont\u00edfice cita algunos cambios que se han producido en la interpretaci\u00f3n de los textos b\u00edblicos en relaci\u00f3n a la&nbsp;<strong>tolerancia a la esclavitud o algunas consideraciones sobre la mujer.<\/strong><\/p>\n\n\n\n<p>En relaci\u00f3n a si la Iglesia es por naturaleza sinodal, se\u00f1ala que la sinodalidad, como estilo y dinamismo, es una dimensi\u00f3n esencial de la vida de la Iglesia. En este sentido, el Pont\u00edfice advierte a los purpurados, que si bien ellos mismo reconocen que la autoridad suprema de la Iglesia la ejercen el Papa y el colegio de los obispos, ellos mismos con las preguntas que le remiten manifiestan su necesidad de participar.<\/p>\n\n\n\n<p>Sobre si el perd\u00f3n es un derecho humano y el arrepentimiento no ser\u00eda condici\u00f3n necesaria para la absoluci\u00f3n, el Pont\u00edfice indica que&nbsp;<strong>el arrepentimiento es necesario para la absoluci\u00f3n<\/strong>&nbsp;e implica la intenci\u00f3n de no pecar, pero avisa de que \u201chay muchas formas de expresar arrepentimiento\u201d y que el mero hecho de acercarse a la confesi\u00f3n \u201ces una expresi\u00f3n simb\u00f3lica\u201d del mismo.<\/p>\n\n\n\n<h2>Preguntas reformuladas<\/h2>\n\n\n\n<p>Sin embargo, los purpurados, que han hecho p\u00fablicas todas estas cuestiones s\u00f3lo dos d\u00edas antes de que arranque el Asamblea General bajo el lema del \u2018S\u00ednodo de la Sinodalidad\u2019, se\u00f1alan que consideraron que la respuestas del Papa no segu\u00edan la pr\u00e1ctica de las responsa ad dubai (respuesta preguntas) por lo que reformularon sus preguntas en una nueva misiva remitida el pasado 21 de agosto, a la que de momento, seg\u00fan aseguran, no han obtenido respuesta.<\/p>\n\n\n\n<p>\u201cA la vista de diversas declaraciones de prelados de alto rango, relativas a la celebraci\u00f3n del pr\u00f3ximo S\u00ednodo de los Obispos, que son abiertamente contrarias a la constante doctrina y disciplina de la Iglesia, y que han generado y siguen generando gran confusi\u00f3n, as\u00ed como la ca\u00edda en error entre fieles y dem\u00e1s personas de buena voluntad, hemos manifestado nuestra m\u00e1s profunda preocupaci\u00f3n al Romano Pont\u00edfice\u201d, escriben los cardenales en su Notificaci\u00f3n a los fieles.<\/p>\n\n\n\n<p>En ella, a\u00f1aden que dada la \u201cgravedad\u201d del asunto de la dubia, especialmente en vista de la inminente sesi\u00f3n del S\u00ednodo de los Obispos, juzgan su deber informar a los fieles, de manera que no queden \u201csujetos a confusi\u00f3n, error y desaliento\u201d, sino que oren por la Iglesia universal y, en particular, \u201cpor el Romano Pont\u00edfice, para que el Evangelio sea ense\u00f1ado cada vez m\u00e1s claramente y seguido cada vez m\u00e1s fielmente\u201d.<\/p>\n\n\n\n<p>Fuente: Infobae<\/p>\n","protected":false},"excerpt":{"rendered":"<div class=\"mh-excerpt\"><p>Cinco cardenales conservadores&nbsp;enviaron una carta al&nbsp;papa Franciscoen la que pusieron de manifiesto su preocupaci\u00f3n por asuntos que se van a tratar en la primera fase de la Asamblea General del S\u00ednodo de los Obispos,&nbsp;que arranca este mi\u00e9rcoles. En su misiva, los purpurados Walter Brandm\u00fcller (Alemania), Raymond Leo Burke (Estados Unidos) Juan Sandoval \u00cd\u00f1iguez (M\u00e9xico), Robert Sarah (Guinea) y Joseph Zen Ze-kiun (China), explican que el pasado 10 de julio enviaron una carta al&nbsp;Pont\u00edfice&nbsp;empleando el esquema de la Dubia (preguntas) que&nbsp;fue respondida por Francisco al d\u00eda siguiente. El Vaticano ha hecho p\u00fablico este mismo lunes las respuestas del Pont\u00edfice&nbsp;a trav\u00e9s de <a class=\"mh-excerpt-more\" href=\"http:\/\/dsrmedios.com.ar\/diario\/archivos\/39982\" title=\"El papa Francisco se mostr\u00f3 abierto a que la Iglesia bendiga a parejas del mismo sexo\">[Leer m\u00e1s]<\/a><\/p>\n<\/div>","protected":false},"author":8,"featured_media":4561,"comment_status":"open","ping_status":"closed","sticky":false,"template":"","format":"standard","meta":{"_jetpack_newsletter_access":""},"categories":[6],"tags":[],"jetpack_featured_media_url":"http:\/\/dsrmedios.com.ar\/diario\/wp-content\/uploads\/2018\/03\/papa.jpg","jetpack_sharing_enabled":true,"jetpack_shortlink":"https:\/\/wp.me\/p9fihK-aoS","_links":{"self":[{"href":"http:\/\/dsrmedios.com.ar\/diario\/wp-json\/wp\/v2\/posts\/39982"}],"collection":[{"href":"http:\/\/dsrmedios.com.ar\/diario\/wp-json\/wp\/v2\/posts"}],"about":[{"href":"http:\/\/dsrmedios.com.ar\/diario\/wp-json\/wp\/v2\/types\/post"}],"author":[{"embeddable":true,"href":"http:\/\/dsrmedios.com.ar\/diario\/wp-json\/wp\/v2\/users\/8"}],"replies":[{"embeddable":true,"href":"http:\/\/dsrmedios.com.ar\/diario\/wp-json\/wp\/v2\/comments?post=39982"}],"version-history":[{"count":1,"href":"http:\/\/dsrmedios.com.ar\/diario\/wp-json\/wp\/v2\/posts\/39982\/revisions"}],"predecessor-version":[{"id":39983,"href":"http:\/\/dsrmedios.com.ar\/diario\/wp-json\/wp\/v2\/posts\/39982\/revisions\/39983"}],"wp:featuredmedia":[{"embeddable":true,"href":"http:\/\/dsrmedios.com.ar\/diario\/wp-json\/wp\/v2\/media\/4561"}],"wp:attachment":[{"href":"http:\/\/dsrmedios.com.ar\/diario\/wp-json\/wp\/v2\/media?parent=39982"}],"wp:term":[{"taxonomy":"category","embeddable":true,"href":"http:\/\/dsrmedios.com.ar\/diario\/wp-json\/wp\/v2\/categories?post=39982"},{"taxonomy":"post_tag","embeddable":true,"href":"http:\/\/dsrmedios.com.ar\/diario\/wp-json\/wp\/v2\/tags?post=39982"}],"curies":[{"name":"wp","href":"https:\/\/api.w.org\/{rel}","templated":true}]}}