{"id":39977,"date":"2023-10-02T22:33:15","date_gmt":"2023-10-03T01:33:15","guid":{"rendered":"http:\/\/dsrmedios.com.ar\/diario\/?p=39977"},"modified":"2023-10-02T22:33:17","modified_gmt":"2023-10-03T01:33:17","slug":"alberto-fernandez-dilata-la-firma-del-decreto-que-avale-a-la-jueza-figueroa-y-crece-la-presion-del-kirchnerismo","status":"publish","type":"post","link":"http:\/\/dsrmedios.com.ar\/diario\/archivos\/39977","title":{"rendered":"Alberto Fern\u00e1ndez dilata la firma del decreto que avale a la jueza Figueroa y crece la presi\u00f3n del kirchnerismo"},"content":{"rendered":"\n<p>La jueza Ana Mar\u00eda Figueroa espera el aval del presidente Alberto Fern\u00e1ndez para continuar en la C\u00e1mara Federal de Casaci\u00f3n por 5 a\u00f1os m\u00e1s. Despu\u00e9s de que el oficialismo consiguiera el jueves de la semana pasada en el Senado aprobar la continuidad de la magistrada -pese a la resoluci\u00f3n en contrario de la Corte Suprema de Justicia de la Naci\u00f3n-\u00a0<strong>hace falta un decreto presidencial<\/strong>.\u00a0<strong>\u201cNo hay apuro en sacar el pliego\u201d<\/strong>, reconocieron fuentes de la Casa Rosada a\u00a0<strong>Infobae<\/strong>.<\/p>\n\n\n\n<p>La Corte Suprema, con el voto de sus cuatro integrantes (Horacio Rosatti, Carlos Rosenkrantz, Juan Carlos Maqueda y Ricardo Lorenzetti),&nbsp;<strong>hab\u00eda resuelto dejar cesante a Figueroa el 6 de septiembre.<\/strong>&nbsp;Ahora, con la jugada que impuls\u00f3 Cristina Kirchner en la C\u00e1mara alta, el Gobierno pretende que vuelva a su puesto, clave en las causas de Hotesur y Los Sauces y en la del Memor\u00e1ndum con Ir\u00e1n, en las que est\u00e1 implicada la Vicepresidenta.<\/p>\n\n\n\n<p>Figueroa&nbsp;<strong>cumpli\u00f3 75 a\u00f1os,<\/strong>&nbsp;la edad l\u00edmite que establece la Constituci\u00f3n Nacional para su ejercicio como magistrada, el 9 de agosto.<\/p>\n\n\n\n<p>En el decreto, el Ejecutivo deber\u00e1 fundamentar las razones por las que se impulsa a Figueroa en Casaci\u00f3n. No tendr\u00e1 que dejar flancos d\u00e9biles para&nbsp;<strong>no correr los riesgos de una impugnaci\u00f3n.<\/strong>&nbsp;Por ese motivo, en la Secretar\u00eda Legal y T\u00e9cnica de la Presidencia, el \u00e1rea a cargo de Vilma Ibarra, analizan cada arista legal con minuciosidad.<\/p>\n\n\n\n<p><img decoding=\"async\" loading=\"lazy\" alt=\"La jueza Ana Mar\u00eda Figueroa, quien el 9 de agosto cumpli\u00f3 los 75 a\u00f1os, la edad l\u00edmite que marca la Constituci\u00f3n para que pueda seguir como magistrada\" height=\"1080\" width=\"1920\" src=\"https:\/\/www.infobae.com\/new-resizer\/zTfa7DeMM7OegCcg_APJerJyK1U=\/arc-anglerfish-arc2-prod-infobae\/public\/T2WCYENGB5HG3F36OYS65ZZQHE.jpg\" srcset=\"https:\/\/www.infobae.com\/new-resizer\/wFX5DmQm_9Jwd7bdsYHLj0PW3Tk=\/420x236\/filters:format(webp):quality(85)\/cloudfront-us-east-1.images.arcpublishing.com\/infobae\/T2WCYENGB5HG3F36OYS65ZZQHE.jpg 420w,https:\/\/www.infobae.com\/new-resizer\/e7PLU1kg1ue4TD52OG3yJ-5N89w=\/768x432\/filters:format(webp):quality(85)\/cloudfront-us-east-1.images.arcpublishing.com\/infobae\/T2WCYENGB5HG3F36OYS65ZZQHE.jpg 768w,https:\/\/www.infobae.com\/new-resizer\/y_A8TI4WydsVML8nrdm08B6Pm24=\/992x558\/filters:format(webp):quality(85)\/cloudfront-us-east-1.images.arcpublishing.com\/infobae\/T2WCYENGB5HG3F36OYS65ZZQHE.jpg 992w,https:\/\/www.infobae.com\/new-resizer\/rZxhTwjdghN79M80cG0KYCP_nV8=\/1200x675\/filters:format(webp):quality(85)\/cloudfront-us-east-1.images.arcpublishing.com\/infobae\/T2WCYENGB5HG3F36OYS65ZZQHE.jpg 1200w,https:\/\/www.infobae.com\/new-resizer\/GoESsq4rkuupm5hh6IbUUs2ILCk=\/1440x810\/filters:format(webp):quality(85)\/cloudfront-us-east-1.images.arcpublishing.com\/infobae\/T2WCYENGB5HG3F36OYS65ZZQHE.jpg 1440w\">La jueza Ana Mar\u00eda Figueroa, quien el 9 de agosto cumpli\u00f3 los 75 a\u00f1os, la edad l\u00edmite que marca la Constituci\u00f3n para que pueda seguir como magistrada<\/p>\n\n\n\n<p>Aunque durante su gesti\u00f3n Alberto Fern\u00e1ndez ya firm\u00f3 decretos de un tono similar para que otros tres jueces sigan en sus cargos despu\u00e9s de los 75 a\u00f1os, en este caso\u00a0<strong>existe la presi\u00f3n del kirchnerismo para que el tema avance lo m\u00e1s pronto posible.<\/strong><\/p>\n\n\n\n<p>De acuerdo al art\u00edculo 99, inciso 4, de la Carta Magna argentina, el Presidente tiene entre sus atribuciones designar jueces \u201cen base a una propuesta vinculante en terna del Consejo de la Magistratura, con acuerdo del Senado, en sesi\u00f3n p\u00fablica, en la que se tendr\u00e1 en cuenta la idoneidad de los candidatos\u201d. All\u00ed tambi\u00e9n se especifica que \u201cun nuevo nombramiento, precedido de igual acuerdo, ser\u00e1 necesario para mantener en el cargo a cualquiera de esos magistrados,&nbsp;<strong>una vez que cumplan la edad de setenta y cinco a\u00f1os\u201d.<\/strong>&nbsp;Y agrega: \u201cTodos los nombramientos de magistrados cuya edad sea la indicada o mayor se har\u00e1n por cinco a\u00f1os, y podr\u00e1n ser repetidos indefinidamente, por el mismo tr\u00e1mite\u201d.<\/p>\n\n\n\n<p>La votaci\u00f3n en el Senado para que Figueroa contin\u00fae por cinco a\u00f1os m\u00e1s fue muy ajustada. Al oficialismo le cost\u00f3 conseguir qu\u00f3rum y una vez que lo logr\u00f3 hubo doble empate a la hora de votar.&nbsp;<strong>Termin\u00f3 desempatando la legisladora santiague\u00f1a Claudia Ledesma Abdala<\/strong>&nbsp;(esposa del gobernador de esa provincia Gerardo Zamora) quien estaba a cargo de la presidencia provisional de la C\u00e1mara ya que Cristina Kirchner se hab\u00eda retirado del recinto.<\/p>\n\n\n\n<p><img decoding=\"async\" loading=\"lazy\" alt=\"Cristina Kirchner y su hija Florencia, quien ya qued\u00f3 desvinculada de la causa Hotesur-Los Sauces\" height=\"1667\" width=\"1920\" src=\"https:\/\/www.infobae.com\/new-resizer\/-PdV9Q4ewZOTQ7iIKqaEC7Eh9k0=\/arc-anglerfish-arc2-prod-infobae\/public\/ZJU5OSG5DFBOXCCUIJSBFVGV3M.jpg\" srcset=\"https:\/\/www.infobae.com\/new-resizer\/a4LvMpZHhbzy7DKdvtBECeeN1ZU=\/992x850\/filters:format(webp):quality(85)\/cloudfront-us-east-1.images.arcpublishing.com\/infobae\/ZJU5OSG5DFBOXCCUIJSBFVGV3M.jpg 992w\">Cristina Kirchner y su hija Florencia, quien ya qued\u00f3 desvinculada de la causa Hotesur-Los Sauces<\/p>\n\n\n\n<p>Este lunes, Cristina Kirchner, a trav\u00e9s de su abogado Carlos Alberto Beraldi, present\u00f3 un recurso extraordinario ante la C\u00e1mara Federal de Casaci\u00f3n. Solicit\u00f3 la nulidad de los fallos que revocaron sus sobreseimientos y que tambi\u00e9n ordenaron la realizaci\u00f3n de juicios orales en las causas Hotesur y Los Sauces y en la del Memor\u00e1ndum con Ir\u00e1n, en las que est\u00e1 implicada.<\/p>\n\n\n\n<p>Se cuestiona all\u00ed que la resoluci\u00f3n de la C\u00e1mara del 18 de septiembre que reabri\u00f3 ambas causas fue firmada solamente por los dos jueces de la Sala 1 de Casaci\u00f3n que permanecen en sus puestos,&nbsp;<strong>Diego Barroetave\u00f1a y Daniel Petrone, y que fue excluida la jueza Figueroa&nbsp;<\/strong>(que tambi\u00e9n integraba ese cuerpo) por la determinaci\u00f3n que hab\u00eda adoptado la Corte Suprema unos d\u00edas antes.<\/p>\n\n\n\n<p>En aquella oportunidad, quien s\u00ed qued\u00f3 desvinculada de la causa de Hotesur y Los Sauces fue la hija de CFK, Florencia Kirchner.<\/p>\n\n\n\n<p>En ambas causas la ex mandataria y los otros acusados -figuran, entre otros, su hijo M\u00e1ximo y empresarios como L\u00e1zaro B\u00e1ez, Crist\u00f3bal L\u00f3pez, Fabi\u00e1n de Sousa y el ex contador de la familia, V\u00edctor Manzanares-, pueden presentar su apelaci\u00f3n de los fallos hasta el martes 3 de octubre.<\/p>\n\n\n\n<p>Fuente: Infobae<\/p>\n","protected":false},"excerpt":{"rendered":"<div class=\"mh-excerpt\"><p>La jueza Ana Mar\u00eda Figueroa espera el aval del presidente Alberto Fern\u00e1ndez para continuar en la C\u00e1mara Federal de Casaci\u00f3n por 5 a\u00f1os m\u00e1s. Despu\u00e9s de que el oficialismo consiguiera el jueves de la semana pasada en el Senado aprobar la continuidad de la magistrada -pese a la resoluci\u00f3n en contrario de la Corte Suprema de Justicia de la Naci\u00f3n-\u00a0hace falta un decreto presidencial.\u00a0\u201cNo hay apuro en sacar el pliego\u201d, reconocieron fuentes de la Casa Rosada a\u00a0Infobae. La Corte Suprema, con el voto de sus cuatro integrantes (Horacio Rosatti, Carlos Rosenkrantz, Juan Carlos Maqueda y Ricardo Lorenzetti),&nbsp;hab\u00eda resuelto dejar cesante <a class=\"mh-excerpt-more\" href=\"http:\/\/dsrmedios.com.ar\/diario\/archivos\/39977\" title=\"Alberto Fern\u00e1ndez dilata la firma del decreto que avale a la jueza Figueroa y crece la presi\u00f3n del kirchnerismo\">[Leer m\u00e1s]<\/a><\/p>\n<\/div>","protected":false},"author":8,"featured_media":29246,"comment_status":"open","ping_status":"closed","sticky":false,"template":"","format":"standard","meta":{"_jetpack_newsletter_access":""},"categories":[6],"tags":[],"jetpack_featured_media_url":"http:\/\/dsrmedios.com.ar\/diario\/wp-content\/uploads\/2022\/09\/fernandezalberto.jpg","jetpack_sharing_enabled":true,"jetpack_shortlink":"https:\/\/wp.me\/p9fihK-aoN","_links":{"self":[{"href":"http:\/\/dsrmedios.com.ar\/diario\/wp-json\/wp\/v2\/posts\/39977"}],"collection":[{"href":"http:\/\/dsrmedios.com.ar\/diario\/wp-json\/wp\/v2\/posts"}],"about":[{"href":"http:\/\/dsrmedios.com.ar\/diario\/wp-json\/wp\/v2\/types\/post"}],"author":[{"embeddable":true,"href":"http:\/\/dsrmedios.com.ar\/diario\/wp-json\/wp\/v2\/users\/8"}],"replies":[{"embeddable":true,"href":"http:\/\/dsrmedios.com.ar\/diario\/wp-json\/wp\/v2\/comments?post=39977"}],"version-history":[{"count":1,"href":"http:\/\/dsrmedios.com.ar\/diario\/wp-json\/wp\/v2\/posts\/39977\/revisions"}],"predecessor-version":[{"id":39978,"href":"http:\/\/dsrmedios.com.ar\/diario\/wp-json\/wp\/v2\/posts\/39977\/revisions\/39978"}],"wp:featuredmedia":[{"embeddable":true,"href":"http:\/\/dsrmedios.com.ar\/diario\/wp-json\/wp\/v2\/media\/29246"}],"wp:attachment":[{"href":"http:\/\/dsrmedios.com.ar\/diario\/wp-json\/wp\/v2\/media?parent=39977"}],"wp:term":[{"taxonomy":"category","embeddable":true,"href":"http:\/\/dsrmedios.com.ar\/diario\/wp-json\/wp\/v2\/categories?post=39977"},{"taxonomy":"post_tag","embeddable":true,"href":"http:\/\/dsrmedios.com.ar\/diario\/wp-json\/wp\/v2\/tags?post=39977"}],"curies":[{"name":"wp","href":"https:\/\/api.w.org\/{rel}","templated":true}]}}