{"id":39974,"date":"2023-10-02T22:31:21","date_gmt":"2023-10-03T01:31:21","guid":{"rendered":"http:\/\/dsrmedios.com.ar\/diario\/?p=39974"},"modified":"2023-10-02T22:31:23","modified_gmt":"2023-10-03T01:31:23","slug":"insaurralde-le-habia-adelantado-a-massa-la-renuncia-a-su-candidatura-pero-todavia-es-incierto-el-impacto-electoral-del-escandalo","status":"publish","type":"post","link":"http:\/\/dsrmedios.com.ar\/diario\/archivos\/39974","title":{"rendered":"Insaurralde le hab\u00eda adelantado a Massa la renuncia a su candidatura, pero todav\u00eda es incierto el impacto electoral del esc\u00e1ndalo"},"content":{"rendered":"\n<p>A la salida de<a rel=\"noreferrer noopener\" href=\"https:\/\/www.infobae.com\/tag\/martin-insaurralde\/\" target=\"_blank\"><strong>Mart\u00edn Insaurralde<\/strong><\/a>&nbsp;como jefe de Gabinete bonaerense -tras la divulgaci\u00f3n de fotos suyas en un yate de lujo en Marbella junto a la modelo<strong>&nbsp;Sof\u00eda Cl\u00e9rici<\/strong>&#8211; se le sum\u00f3 su renuncia como primer candidato a concejal de Uni\u00f3n por la Patria en Lomas de Zamora. La decisi\u00f3n fue adelantada al candidato y ministro de Econom\u00eda,&nbsp;<a rel=\"noreferrer noopener\" href=\"https:\/\/www.infobae.com\/tag\/sergio-massa\/\" target=\"_blank\"><strong>Sergio Massa<\/strong><\/a>, en la noche de este domingo previo al debate presidencial.<\/p>\n\n\n\n<p>Seg\u00fan pudo reconstruir&nbsp;<strong>Infobae<\/strong>,&nbsp;<strong>Insaurralde habl\u00f3 con el entorno de Massa,&nbsp;<\/strong>que se encontraba en Santiago del Estero. Ambos sab\u00edan que el esc\u00e1ndalo iba a asomar en el&nbsp;<em>espadeo<\/em>&nbsp;entre los candidatos y que hab\u00eda que tener una certeza. Massa, igualmente, no puso el esc\u00e1ndalo en el duelo discursivo y tampoco contest\u00f3 cada vez que sus adversarios le tiraban con el caso.<\/p>\n\n\n\n<p>Al finalizar el debate, el ministro fue abordado por la prensa. Desde la ventanilla de la combi que lo trasladaba dijo sobre el ex funcionario provincial: \u201cCometi\u00f3 un grave error, renunci\u00f3 -a la Jefatura de Gabinete bonaerense- y<strong>&nbsp;tiene que renunciar a la candidatura tambi\u00e9n en Lomas<\/strong>\u201d. En rigor, Massa<strong>&nbsp;ya sab\u00eda que la decisi\u00f3n de Insaurralde de declinar su candidatura como primer concejal se iba a oficializar en la ma\u00f1ana de este lunes<\/strong>. Posicionarse exigiendo su renuncia lo mostraba adusto y distante al esc\u00e1ndalo destapado en la tarde del s\u00e1bado. Similar posicionamiento hab\u00eda tomado el gobernador bonaerense,&nbsp;<a rel=\"noreferrer noopener\" href=\"https:\/\/www.infobae.com\/tag\/axel-kicillof\/\" target=\"_blank\"><strong>Axel Kicillof<\/strong><\/a>, cuando pasada la tarde del s\u00e1bado le acept\u00f3 la renuncia como jefe de Gabinete. \u201cNo podemos distraernos ni perder tiempo. La celeridad con la que se resolvieron las cosas pone de manifiesto con claridad<strong>&nbsp;cu\u00e1l es mi posici\u00f3n y mi decisi\u00f3n<\/strong>\u201d, plante\u00f3 luego el mandatario provincial.<\/p>\n\n\n\n<p><img decoding=\"async\" loading=\"lazy\" alt=\"El gobernador Axel Kicillof (EFE)\n\" height=\"4000\" width=\"6000\" src=\"https:\/\/www.infobae.com\/new-resizer\/s_R1HqKBiwNUtl-veZ_CTkjhfRo=\/arc-anglerfish-arc2-prod-infobae\/public\/DNVKC6LFVZBRNBZNPIZ2DECP7Q.jpg\" srcset=\"https:\/\/www.infobae.com\/new-resizer\/VcyVsL5Day8DC9dRf-fxCmEFnEI=\/420x280\/filters:format(webp):quality(85)\/cloudfront-us-east-1.images.arcpublishing.com\/infobae\/DNVKC6LFVZBRNBZNPIZ2DECP7Q.jpg 420w,https:\/\/www.infobae.com\/new-resizer\/BxdwDBsFFnBxc4uEp8qKciS0_AM=\/768x512\/filters:format(webp):quality(85)\/cloudfront-us-east-1.images.arcpublishing.com\/infobae\/DNVKC6LFVZBRNBZNPIZ2DECP7Q.jpg 768w,https:\/\/www.infobae.com\/new-resizer\/-03-DP725zcZQWKE7sT9mr9EY5M=\/992x661\/filters:format(webp):quality(85)\/cloudfront-us-east-1.images.arcpublishing.com\/infobae\/DNVKC6LFVZBRNBZNPIZ2DECP7Q.jpg 992w,https:\/\/www.infobae.com\/new-resizer\/WD3MoS7kGWdgqyoG9ua6PGduhTg=\/1200x800\/filters:format(webp):quality(85)\/cloudfront-us-east-1.images.arcpublishing.com\/infobae\/DNVKC6LFVZBRNBZNPIZ2DECP7Q.jpg 1200w,https:\/\/www.infobae.com\/new-resizer\/xHCr-X9j0pPvla_Isio8_0VUkXI=\/1440x960\/filters:format(webp):quality(85)\/cloudfront-us-east-1.images.arcpublishing.com\/infobae\/DNVKC6LFVZBRNBZNPIZ2DECP7Q.jpg 1440w\">El gobernador Axel Kicillof (EFE)<\/p>\n\n\n\n<p>Cuando empezaron a correr las im\u00e1genes del dirigente de Lomas de Zamora, Massa habl\u00f3 con el gobernador. El ministro de Econom\u00eda se dirig\u00eda rumbo a Santiago del Estero. Con el mandatario acordaron la salida de la jefatura de gabinete en una triangulaci\u00f3n de llamados que tambi\u00e9n incluy\u00f3 a la vicepresidenta Cristina Kirchner. \u201c<strong>La decisi\u00f3n se tom\u00f3 en el conjunto de la coalici\u00f3n<\/strong>\u201d, blanque\u00f3 este lunes el jefe de Asesores de Kicillof,<strong>\u00a0Carlos Bianco<\/strong><em>,<\/em>\u00a0en declaraciones a<em>\u00a0El Destape radio<\/em><\/p>\n\n\n\n<p>El impacto pol\u00edtico y electoral que puede traer toda la novela a\u00fan es incierto, pero con da\u00f1o asegurado en las pr\u00f3ximas elecciones para Uni\u00f3n por la Patria. Lo admiti\u00f3, incluso, Bianco este lunes.<\/p>\n\n\n\n<p>En Lomas de Zamora todav\u00eda se est\u00e1 acomodando el tablero pol\u00edtico. La presencia de Insaurralde en la boleta de UP ya no ser\u00e1 tal.&nbsp;<strong>Se fren\u00f3 la impresi\u00f3n de boletas y la folleter\u00eda que ten\u00eda la imagen del todav\u00eda intendente en uso de licencia<\/strong>. En redes empez\u00f3 a circular un video de c\u00f3mo se desmonta un cartel de campa\u00f1a que llevaba el rostro de Insaurralde y de&nbsp;<strong>Federico Oterm\u00edn<\/strong><\/p>\n\n\n\n<p>0 seconds of 10 secondsVolume 100%Retiran cartel de campa\u00f1a de Mart\u00edn Insaurralde<\/p>\n\n\n\n<p>El candidato a intendente por el peronismo es&nbsp;<strong>Federico Oterm\u00edn<\/strong>, mano derecha de Insaurralde y actual presidente de la C\u00e1mara de Diputados bonaerense. Con el ex jefe de gabinete como primer candidato a concejal, UP hab\u00eda ganado holgadamente en su distrito. Obtuvo el 42,48% de los votos y pr\u00e1cticamente no se registr\u00f3 un corte de boleta con el segmento a la gobernaci\u00f3n donde Kicillof alcanz\u00f3 el 41,78% de los votos. Esa din\u00e1mica de boleta completa es la que se pondr\u00e1 a prueba en las pr\u00f3ximas elecciones con Insaurralde fuera del esquema y la que enciende se\u00f1ales de alerta.<\/p>\n\n\n\n<p>Ahora\u00a0<strong>es probable que el primer candidato a concejal sea el actual presidente del concejo deliberante, Diego Cordera,<\/strong>\u00a0que ocupaba el tercer lugar en la lista de candidatos para estas elecciones detr\u00e1s de la intendenta interina,\u00a0<strong>Marina Lesci,\u00a0<\/strong>y el propio Insaurralde. Por la ley de paridad de g\u00e9nero, la persona que se aparta de la lista o de una banca legislativa tiene que ser reemplazada por alguien del mismo g\u00e9nero.<\/p>\n\n\n\n<p>Insaurralde adem\u00e1s es -o era- un factor clave del poder territorial del peronismo bonaerense.&nbsp;<strong>Ten\u00eda una sociedad pol\u00edtica con M\u00e1ximo Kirchner&nbsp;<\/strong>a qui\u00e9n le hab\u00eda acercado el respaldo del grupo grande de intendentes del conurbano a donde el jefe de La C\u00e1mpora no pod\u00eda penetrar. Todos convergen en el PJ bonaerense y eso tambi\u00e9n entr\u00f3 en discusi\u00f3n con el esc\u00e1ndalo que tiene al lomense como protagonista.<\/p>\n\n\n\n<p>C\u00f3mo continuar la campa\u00f1a es materia de debate por estas horas en el comando de UP.<\/p>\n\n\n\n<p>Fuente: Infobae<\/p>\n","protected":false},"excerpt":{"rendered":"<div class=\"mh-excerpt\"><p>A la salida deMart\u00edn Insaurralde&nbsp;como jefe de Gabinete bonaerense -tras la divulgaci\u00f3n de fotos suyas en un yate de lujo en Marbella junto a la modelo&nbsp;Sof\u00eda Cl\u00e9rici&#8211; se le sum\u00f3 su renuncia como primer candidato a concejal de Uni\u00f3n por la Patria en Lomas de Zamora. La decisi\u00f3n fue adelantada al candidato y ministro de Econom\u00eda,&nbsp;Sergio Massa, en la noche de este domingo previo al debate presidencial. Seg\u00fan pudo reconstruir&nbsp;Infobae,&nbsp;Insaurralde habl\u00f3 con el entorno de Massa,&nbsp;que se encontraba en Santiago del Estero. Ambos sab\u00edan que el esc\u00e1ndalo iba a asomar en el&nbsp;espadeo&nbsp;entre los candidatos y que hab\u00eda que tener una <a class=\"mh-excerpt-more\" href=\"http:\/\/dsrmedios.com.ar\/diario\/archivos\/39974\" title=\"Insaurralde le hab\u00eda adelantado a Massa la renuncia a su candidatura, pero todav\u00eda es incierto el impacto electoral del esc\u00e1ndalo\">[Leer m\u00e1s]<\/a><\/p>\n<\/div>","protected":false},"author":8,"featured_media":39975,"comment_status":"open","ping_status":"closed","sticky":false,"template":"","format":"standard","meta":{"_jetpack_newsletter_access":""},"categories":[6],"tags":[],"jetpack_featured_media_url":"http:\/\/dsrmedios.com.ar\/diario\/wp-content\/uploads\/2023\/10\/images-12.jpeg","jetpack_sharing_enabled":true,"jetpack_shortlink":"https:\/\/wp.me\/p9fihK-aoK","_links":{"self":[{"href":"http:\/\/dsrmedios.com.ar\/diario\/wp-json\/wp\/v2\/posts\/39974"}],"collection":[{"href":"http:\/\/dsrmedios.com.ar\/diario\/wp-json\/wp\/v2\/posts"}],"about":[{"href":"http:\/\/dsrmedios.com.ar\/diario\/wp-json\/wp\/v2\/types\/post"}],"author":[{"embeddable":true,"href":"http:\/\/dsrmedios.com.ar\/diario\/wp-json\/wp\/v2\/users\/8"}],"replies":[{"embeddable":true,"href":"http:\/\/dsrmedios.com.ar\/diario\/wp-json\/wp\/v2\/comments?post=39974"}],"version-history":[{"count":1,"href":"http:\/\/dsrmedios.com.ar\/diario\/wp-json\/wp\/v2\/posts\/39974\/revisions"}],"predecessor-version":[{"id":39976,"href":"http:\/\/dsrmedios.com.ar\/diario\/wp-json\/wp\/v2\/posts\/39974\/revisions\/39976"}],"wp:featuredmedia":[{"embeddable":true,"href":"http:\/\/dsrmedios.com.ar\/diario\/wp-json\/wp\/v2\/media\/39975"}],"wp:attachment":[{"href":"http:\/\/dsrmedios.com.ar\/diario\/wp-json\/wp\/v2\/media?parent=39974"}],"wp:term":[{"taxonomy":"category","embeddable":true,"href":"http:\/\/dsrmedios.com.ar\/diario\/wp-json\/wp\/v2\/categories?post=39974"},{"taxonomy":"post_tag","embeddable":true,"href":"http:\/\/dsrmedios.com.ar\/diario\/wp-json\/wp\/v2\/tags?post=39974"}],"curies":[{"name":"wp","href":"https:\/\/api.w.org\/{rel}","templated":true}]}}