{"id":39961,"date":"2023-10-02T14:13:45","date_gmt":"2023-10-02T17:13:45","guid":{"rendered":"http:\/\/dsrmedios.com.ar\/diario\/?p=39961"},"modified":"2023-10-02T14:13:48","modified_gmt":"2023-10-02T17:13:48","slug":"el-gobierno-establecio-las-condiciones-para-cobrar-el-bono-para-trabajadores-informales","status":"publish","type":"post","link":"http:\/\/dsrmedios.com.ar\/diario\/archivos\/39961","title":{"rendered":"El Gobierno estableci\u00f3 las condiciones para cobrar el bono para trabajadores informales"},"content":{"rendered":"\n<p>El Gobierno oficializ\u00f3 el pago de un bono de $94.000 a trabajadores informales y detall\u00f3 c\u00f3mo deber\u00e1n gestionarlo quienes busquen acceder a ese beneficio. Ese dinero se pagar\u00e1 en dos cuotas mensuales de $47.000 cada una, en octubre y en noviembre.<\/p>\n\n\n\n<p>La decisi\u00f3n, que hab\u00eda sido anticipada por el ministro de Econom\u00eda, Sergio Massa, se formaliz\u00f3 por medio del decreto 493\/2023, publicado este lunes en el Bolet\u00edn Oficial.<\/p>\n\n\n\n<p>&#8220;Instit\u00fayese, con alcance nacional, un refuerzo para trabajadores informales como una prestaci\u00f3n monetaria no contributiva de car\u00e1cter excepcional, destinada a compensar la p\u00e9rdida del poder adquisitivo de ingresos de personas sin ingresos formales y\/o en situaci\u00f3n de vulnerabilidad socioecon\u00f3mica, particularmente afectadas por la situaci\u00f3n de aceleraci\u00f3n del nivel general de precios&#8221;, se\u00f1al\u00f3 el texto oficial.<\/p>\n\n\n\n<p>Seg\u00fan lo dispuesto, el bono ser\u00e1 otorgado a personas que se encuentren en &#8220;situaci\u00f3n de extrema vulnerabilidad, sobre la base de los criterios objetivos establecidos en el presente decreto y en las normas complementarias y aclaratorias que se dicten para tal fin&#8221;.<\/p>\n\n\n\n<p><br>Para acceder al cobro, las personas deber\u00e1n cumplir con los siguientes requisitos:<\/p>\n\n\n\n<p>Ser argentinas o nativas, por opci\u00f3n o naturalizadas, o extranjeras, estas \u00faltimas con una residencia no inferior a dos a\u00f1os anteriores a la fecha que se establezca en la normativa complementaria; debiendo todas ellas habitar en el territorio de la Rep\u00fablica Argentina durante todo el per\u00edodo citado.<br>&nbsp;<\/p>\n\n\n\n<p>Tener 18 a\u00f1os de edad o m\u00e1s y no haber cumplido los 65 a\u00f1os l 30 de septiembre de 2023.<br>&nbsp;<\/p>\n\n\n\n<p>Encontrarse en situaci\u00f3n de vulnerabilidad econ\u00f3mica y patrimonial. Las condiciones objetivas de la situaci\u00f3n econ\u00f3mica y patrimonial indicada ser\u00e1n establecidas por la normativa complementaria.<br>&nbsp;<\/p>\n\n\n\n<p>&nbsp;Completar la solicitud, de conformidad con lo establecido en la normativa complementaria correspondiente.<br>Adem\u00e1s, quienes soliciten el refuerzo no deber\u00e1n encontrarse:<\/p>\n\n\n\n<p>&nbsp;Percibiendo ingresos formales de ning\u00fan tipo.<br>&nbsp;<\/p>\n\n\n\n<p>Bajo relaci\u00f3n de dependencia registrada en el Sector P\u00fablico Nacional, Provincial, Municipal y\/o de la Ciudad Aut\u00f3noma de Buenos Aires o en el Sector Privado.<br>&nbsp;<\/p>\n\n\n\n<p>Inscripta en el R\u00e9gimen Simplificado para Peque\u00f1os Contribuyentes ni en el el R\u00e9gimen de Aut\u00f3nomos.<br>&nbsp;<\/p>\n\n\n\n<p>Como titular de jubilaciones, pensiones, planes, programas, prestaciones de la seguridad social, o retiros de car\u00e1cter contributivo o no contributivo, sean Nacionales, Provinciales, Municipales o de la Ciudad Aut\u00f3noma de Buenos Aires.<br>&nbsp;<\/p>\n\n\n\n<p>Incluida en el Sistema de Servicios de Salud, conforme lo establezca la AFIP.<br>&nbsp;<\/p>\n\n\n\n<p>Registrada como activa en el Registro de Trabajadores de Casas Particulares.<br>&nbsp;<\/p>\n\n\n\n<p>Como titular de Prestaci\u00f3n por Desempleo, Programas de Empleo o Planes Sociales.<br>&nbsp;<\/p>\n\n\n\n<p>Privada de la libertad, bajo cualquier modalidad.<br>&nbsp;<\/p>\n\n\n\n<p>Como persona que tiene a cargo a ni\u00f1os, ni\u00f1as, adolescentes o personas mayores de edad con discapacidad titulares de alguna de las prestaciones establecidas por el R\u00e9gimen de Asignaciones Familiares, consider\u00e1ndose tambi\u00e9n, en igual medida, a la otra persona integrante del grupo familiar.<br>&nbsp;<\/p>\n\n\n\n<p>Percibiendo ingresos provenientes de la Asignaci\u00f3n Universal por Hijo para Protecci\u00f3n Social, o de la Asignaci\u00f3n por Embarazo para Protecci\u00f3n Social, o del Programa de Respaldo a Estudiantes Argentinos (PROGRESAR), o del Programa Nacional de Inclusi\u00f3n Socioproductiva y Desarrollo Local &#8220;Potenciar Trabajo&#8221;.<br>En tanto, las personas de entre 18 y 24 a\u00f1os podr\u00e1n acceder al bono cuando el grupo familiar supere la evaluaci\u00f3n socioecon\u00f3mica que se establezca a tal efecto en la normativa complementaria.<\/p>\n\n\n\n<p>El Poder Ejecutivo estableci\u00f3 tambi\u00e9n que el beneficio deber\u00e1 solicitarse ante la ANSeS, y que \u00e9sta realizar\u00e1 intercambios de informaci\u00f3n con aquellas bases de datos que administran los organismos competentes en las materias espec\u00edficas y vinculadas al cumplimiento de los requisitos, y establecer\u00e1 las normas aclaratorias y complementarias que resultaren necesarias para la administraci\u00f3n, otorgamiento, pago, control y supervisi\u00f3n.<\/p>\n\n\n\n<p>Para el Gobierno, &#8220;resulta imprescindible abordar una medida que acompa\u00f1e a los sectores informales sin ingresos que no se vieron beneficiados por diferentes acciones, de manera de ayudarlos a sortear el aceleramiento de precios y el abrupto encarecimiento del costo de vida&#8221;.&nbsp;<\/p>\n\n\n\n<p>Fuente: Sudoesteba<\/p>\n","protected":false},"excerpt":{"rendered":"<div class=\"mh-excerpt\"><p>El Gobierno oficializ\u00f3 el pago de un bono de $94.000 a trabajadores informales y detall\u00f3 c\u00f3mo deber\u00e1n gestionarlo quienes busquen acceder a ese beneficio. Ese dinero se pagar\u00e1 en dos cuotas mensuales de $47.000 cada una, en octubre y en noviembre. La decisi\u00f3n, que hab\u00eda sido anticipada por el ministro de Econom\u00eda, Sergio Massa, se formaliz\u00f3 por medio del decreto 493\/2023, publicado este lunes en el Bolet\u00edn Oficial. &#8220;Instit\u00fayese, con alcance nacional, un refuerzo para trabajadores informales como una prestaci\u00f3n monetaria no contributiva de car\u00e1cter excepcional, destinada a compensar la p\u00e9rdida del poder adquisitivo de ingresos de personas sin ingresos <a class=\"mh-excerpt-more\" href=\"http:\/\/dsrmedios.com.ar\/diario\/archivos\/39961\" title=\"El Gobierno estableci\u00f3 las condiciones para cobrar el bono para trabajadores informales\">[Leer m\u00e1s]<\/a><\/p>\n<\/div>","protected":false},"author":8,"featured_media":39962,"comment_status":"open","ping_status":"closed","sticky":false,"template":"","format":"standard","meta":{"_jetpack_newsletter_access":""},"categories":[6],"tags":[],"jetpack_featured_media_url":"http:\/\/dsrmedios.com.ar\/diario\/wp-content\/uploads\/2023\/10\/descarga-15.jpeg","jetpack_sharing_enabled":true,"jetpack_shortlink":"https:\/\/wp.me\/p9fihK-aox","_links":{"self":[{"href":"http:\/\/dsrmedios.com.ar\/diario\/wp-json\/wp\/v2\/posts\/39961"}],"collection":[{"href":"http:\/\/dsrmedios.com.ar\/diario\/wp-json\/wp\/v2\/posts"}],"about":[{"href":"http:\/\/dsrmedios.com.ar\/diario\/wp-json\/wp\/v2\/types\/post"}],"author":[{"embeddable":true,"href":"http:\/\/dsrmedios.com.ar\/diario\/wp-json\/wp\/v2\/users\/8"}],"replies":[{"embeddable":true,"href":"http:\/\/dsrmedios.com.ar\/diario\/wp-json\/wp\/v2\/comments?post=39961"}],"version-history":[{"count":1,"href":"http:\/\/dsrmedios.com.ar\/diario\/wp-json\/wp\/v2\/posts\/39961\/revisions"}],"predecessor-version":[{"id":39963,"href":"http:\/\/dsrmedios.com.ar\/diario\/wp-json\/wp\/v2\/posts\/39961\/revisions\/39963"}],"wp:featuredmedia":[{"embeddable":true,"href":"http:\/\/dsrmedios.com.ar\/diario\/wp-json\/wp\/v2\/media\/39962"}],"wp:attachment":[{"href":"http:\/\/dsrmedios.com.ar\/diario\/wp-json\/wp\/v2\/media?parent=39961"}],"wp:term":[{"taxonomy":"category","embeddable":true,"href":"http:\/\/dsrmedios.com.ar\/diario\/wp-json\/wp\/v2\/categories?post=39961"},{"taxonomy":"post_tag","embeddable":true,"href":"http:\/\/dsrmedios.com.ar\/diario\/wp-json\/wp\/v2\/tags?post=39961"}],"curies":[{"name":"wp","href":"https:\/\/api.w.org\/{rel}","templated":true}]}}