{"id":39955,"date":"2023-10-02T14:09:02","date_gmt":"2023-10-02T17:09:02","guid":{"rendered":"http:\/\/dsrmedios.com.ar\/diario\/?p=39955"},"modified":"2023-10-02T14:09:05","modified_gmt":"2023-10-02T17:09:05","slug":"dia-del-encargado-de-edificio-por-que-se-celebra-el-2-de-octubre","status":"publish","type":"post","link":"http:\/\/dsrmedios.com.ar\/diario\/archivos\/39955","title":{"rendered":"D\u00eda del Encargado de Edificio: por qu\u00e9 se celebra el 2 de octubre"},"content":{"rendered":"\n<p>En Argentina, todos los 2 de octubre se festeja el<strong>&nbsp;<a href=\"https:\/\/infocielo.com\/sociedad\/en-el-dia-mundial-del-corazon-5-consejos-mantener-una-buena-salud-cardiaca-n772636\" target=\"_blank\" rel=\"noreferrer noopener\">D\u00eda del Encargado de Edificio<\/a><\/strong>, con el objetivo de homenajear a los trabajadores que se dedican de cuidar las instalaciones de las propiedades horizontales. En esta nota de&nbsp;<em>Infocielo&nbsp;<\/em>conoc\u00e9 cu\u00e1l es el origen de esta efem\u00e9ride.<\/p>\n\n\n\n<p>Esta celebraci\u00f3n surge ya que el 2 de octubre de 1942 se cre\u00f3 el&nbsp;<strong>Sindicato \u00danico de Encargados y Ayudantes de Casas de Renta&#8221; (SUEYACR).&nbsp;<\/strong>Esta organizaci\u00f3n sindical se instaur\u00f3 como fin establecer una diferencia entre los trabajadores de casa de renta y el personal de servicio dom\u00e9stico.<\/p>\n\n\n\n<p>T<\/p>\n\n\n\n<p>En aquel entonces, los encargados de edificio no encuadraban en ninguna categor\u00eda profesional y tampoco estaban representados por ninguna agrupaci\u00f3n sindical. Por esta raz\u00f3n, se cre\u00f3 el Sindicato \u00danico de Encargados y Ayudantes de Casas de Renta (SUEYACR), que buscaba nuclear a los trabajadores del sector y representar sus intereses.<\/p>\n\n\n\n<p>En 1949 entr\u00f3 en vigencia la ley 13512\/48 de Propidad Horizontal, que posibilit\u00f3 la venta y propiedad de las unidades de un mismo edificio de forma individual. Por lo tanto, en 1959, una Asamblea Extraordinaria modific\u00f3 el nombre de la entidad a \u201cSindicato \u00danico de Trabajadores de Edificios de Renta y Horizontal\u201d (SUTERH), que hasta el momento representa a los encargados en la defensa de sus derechos laborales.<\/p>\n\n\n\n<figure class=\"wp-block-image\"><img decoding=\"async\" src=\"https:\/\/media.infocielo.com\/p\/57e297d22ca6779b5a64cd0bd972cc9c\/adjuntos\/299\/imagenes\/001\/725\/0001725070\/887x0\/smart\/encargado-edificiojpg.jpg\" alt=\"Cada 2 de septiembre se celebra el D&iacute;a del Encargado de Edificio.&nbsp;\" title=\"Cada 2 de septiembre se celebra el D&iacute;a del Encargado de Edificio.&nbsp;\"\/><\/figure>\n\n\n\n<p>Cada 2 de septiembre se celebra el D\u00eda del Encargado de Edificio.<\/p>\n\n\n\n<h2>D\u00eda del Encargado de Edificio: \u00bfes feriado para los trabajadores del rubro?<\/h2>\n\n\n\n<p>De acuerdo al\u00a0<strong>art\u00edculo 13 del Convenio Colectivo de Trabajo 589\/2010<\/strong>, durante el D\u00eda del Encargado de Edificio los trabajadores del sector tendr\u00e1n franco total de servicio. A su vez, la normativa establece que en caso de trabajarlo deber\u00e1 ser abonado independientemente como feriado. Por esta raz\u00f3n, si se trabaja este 2 de octubre se deber\u00e1 pagar doble; mientras que en caso de no haber prestado servicios se pagar\u00e1 la jornada con el plus del 20%.<\/p>\n\n\n\n<p>Fuente: infocielo<\/p>\n","protected":false},"excerpt":{"rendered":"<div class=\"mh-excerpt\"><p>En Argentina, todos los 2 de octubre se festeja el&nbsp;D\u00eda del Encargado de Edificio, con el objetivo de homenajear a los trabajadores que se dedican de cuidar las instalaciones de las propiedades horizontales. En esta nota de&nbsp;Infocielo&nbsp;conoc\u00e9 cu\u00e1l es el origen de esta efem\u00e9ride. Esta celebraci\u00f3n surge ya que el 2 de octubre de 1942 se cre\u00f3 el&nbsp;Sindicato \u00danico de Encargados y Ayudantes de Casas de Renta&#8221; (SUEYACR).&nbsp;Esta organizaci\u00f3n sindical se instaur\u00f3 como fin establecer una diferencia entre los trabajadores de casa de renta y el personal de servicio dom\u00e9stico. T En aquel entonces, los encargados de edificio no encuadraban <a class=\"mh-excerpt-more\" href=\"http:\/\/dsrmedios.com.ar\/diario\/archivos\/39955\" title=\"D\u00eda del Encargado de Edificio: por qu\u00e9 se celebra el 2 de octubre\">[Leer m\u00e1s]<\/a><\/p>\n<\/div>","protected":false},"author":8,"featured_media":39956,"comment_status":"open","ping_status":"closed","sticky":false,"template":"","format":"standard","meta":{"_jetpack_newsletter_access":""},"categories":[43],"tags":[],"jetpack_featured_media_url":"http:\/\/dsrmedios.com.ar\/diario\/wp-content\/uploads\/2023\/10\/dia-del-encargado-de-edificio_416x234.jpg","jetpack_sharing_enabled":true,"jetpack_shortlink":"https:\/\/wp.me\/p9fihK-aor","_links":{"self":[{"href":"http:\/\/dsrmedios.com.ar\/diario\/wp-json\/wp\/v2\/posts\/39955"}],"collection":[{"href":"http:\/\/dsrmedios.com.ar\/diario\/wp-json\/wp\/v2\/posts"}],"about":[{"href":"http:\/\/dsrmedios.com.ar\/diario\/wp-json\/wp\/v2\/types\/post"}],"author":[{"embeddable":true,"href":"http:\/\/dsrmedios.com.ar\/diario\/wp-json\/wp\/v2\/users\/8"}],"replies":[{"embeddable":true,"href":"http:\/\/dsrmedios.com.ar\/diario\/wp-json\/wp\/v2\/comments?post=39955"}],"version-history":[{"count":1,"href":"http:\/\/dsrmedios.com.ar\/diario\/wp-json\/wp\/v2\/posts\/39955\/revisions"}],"predecessor-version":[{"id":39957,"href":"http:\/\/dsrmedios.com.ar\/diario\/wp-json\/wp\/v2\/posts\/39955\/revisions\/39957"}],"wp:featuredmedia":[{"embeddable":true,"href":"http:\/\/dsrmedios.com.ar\/diario\/wp-json\/wp\/v2\/media\/39956"}],"wp:attachment":[{"href":"http:\/\/dsrmedios.com.ar\/diario\/wp-json\/wp\/v2\/media?parent=39955"}],"wp:term":[{"taxonomy":"category","embeddable":true,"href":"http:\/\/dsrmedios.com.ar\/diario\/wp-json\/wp\/v2\/categories?post=39955"},{"taxonomy":"post_tag","embeddable":true,"href":"http:\/\/dsrmedios.com.ar\/diario\/wp-json\/wp\/v2\/tags?post=39955"}],"curies":[{"name":"wp","href":"https:\/\/api.w.org\/{rel}","templated":true}]}}