{"id":39950,"date":"2023-10-02T14:02:22","date_gmt":"2023-10-02T17:02:22","guid":{"rendered":"http:\/\/dsrmedios.com.ar\/diario\/?p=39950"},"modified":"2023-10-02T14:02:24","modified_gmt":"2023-10-02T17:02:24","slug":"preocupacion-por-la-lesion-de-messi-no-jugaria-en-la-visita-de-inter-miami-a-chicago","status":"publish","type":"post","link":"http:\/\/dsrmedios.com.ar\/diario\/archivos\/39950","title":{"rendered":"Preocupaci\u00f3n por la lesi\u00f3n de Messi: no jugar\u00eda en la visita de Inter Miami a Chicago"},"content":{"rendered":"\n<p><a rel=\"noreferrer noopener\" href=\"https:\/\/tn.com.ar\/deportes\/futbol\/2023\/10\/02\/seis-goles-y-tiros-en-los-palos-a-22-anos-del-partido-infantil-en-el-que-lionel-messi-maravillo-a-todos\/\" target=\"_blank\"><strong>Lionel Messi<\/strong><\/a>no jugar\u00e1 contra<strong>\u00a0Chicago Fire<\/strong>\u00a0el pr\u00f3ximo mi\u00e9rcoles por la fecha 36 de la MLS. La Pulga arrastra una molestia en el isquiotibial de la pierna derecha desde el partido que disput\u00f3 con la Selecci\u00f3n argentina ante Ecuador el 7 de septiembre y luego con las Garzas ante Toronto, trece d\u00edas despu\u00e9s.<\/p>\n\n\n\n<p>\u201c<strong>Leo no viajar\u00e1 a Chicago<\/strong>. Espera llegar contra Cincinnati en la ultima fase del campeonato y luego jugar con la Argentina porque existe cierto temor a una nueva lesi\u00f3n\u201d, comunci\u00f3 en sus redes sociales Alessandro Dossetti, una de las personas que trabaja para el capit\u00e1n de la Selecci\u00f3n argentina.<\/p>\n\n\n\n<figure class=\"wp-block-image\"><img decoding=\"async\" src=\"https:\/\/tn.com.ar\/resizer\/F92QGU7lNjEn9dqfi33cqulIrxI=\/767x0\/smart\/filters:format(webp)\/cloudfront-us-east-1.images.arcpublishing.com\/artear\/S7FQV5AXUJHVBLOEXHYJUEAFLU.jpg\" alt=\"(Foto: @alessandrodossetti\/Instagram)\"\/><figcaption class=\"wp-element-caption\">(Foto: @alessandrodossetti\/Instagram)<\/figcaption><\/figure>\n\n\n\n<h2>Qu\u00e9 dijo Gerardo Martino sobre la lesi\u00f3n de Lionel Messi<\/h2>\n\n\n\n<p>\u201cNo lo arriesgamos en una final (US Open Cup), mucho menos los vamos a correr ahora. Si contra Chicago est\u00e1 para jugar, est\u00e1 para ir al banco o corremos riesgo y si tiene que quedar afuera, va a quedar afuera. Y haremos lo mismo con Cincinnati. \u00c9l est\u00e1 entrenando en campo, diferenciado del grupo, pero cada vez se siente mejor\u201d, explic\u00f3 Martino.<\/p>\n\n\n\n<p>El Tata argument\u00f3 que se ver\u00e1 d\u00eda a d\u00eda para ver como sigue su evoluci\u00f3n de sus molestias musculares y determinar si viaja a Chicago o seguir\u00e1 de baja. \u201cSeguramente Leo tendr\u00e1 el reporte de ac\u00e1, hablar\u00e1n con \u00e9l y sabr\u00e1n c\u00f3mo va \u00e9l en la recuperaci\u00f3n. El lunes saldr\u00e1 al campo, el martes saldr\u00e1 al campo y el mismo martes tenemos que evaluar porque es el viaje\u201d.<\/p>\n\n\n\n<h2>Los pr\u00f3ximos partidos de Inter Miami<\/h2>\n\n\n\n<p>Es importante mencionar que a pesar de la urgencia que tiene&nbsp;<strong>Inter Miami<\/strong>&nbsp;de ganar en la MLS con el objetivo de llegar a los playoffs, se viene&nbsp;<strong>Chicago Fire<\/strong>&nbsp;el pr\u00f3ximo mi\u00e9rcoles y&nbsp;<strong>Cincinnati<\/strong>&nbsp;el s\u00e1bado 7 de octubre, en lo que ser\u00e1 el \u00faltimo antes de que la&nbsp;<strong>Selecci\u00f3n argentina&nbsp;<\/strong>juegue por&nbsp;<strong>Eliminatorias Sudamericanas<\/strong>. La Albiceleste jugar\u00e1 contra&nbsp;<strong>Paraguay<\/strong>&nbsp;el 12 de octubre en el estadio Monumental y ante&nbsp;<strong>Per\u00fa&nbsp;<\/strong>el 17 del mismo mes en el Estadio Nacional de Lima.<\/p>\n\n\n\n<h2>Luka Modric, muy cerca del Inter Miami: \u201cLionel Messi est\u00e1 interesado\u201d<\/h2>\n\n\n\n<p>Pedja Mijatovic, exjugador del Real Madrid, habl\u00f3 de la posibilidad de que\u00a0<a href=\"https:\/\/tn.com.ar\/deportes\/mundial\/2022\/12\/13\/luka-modric-agradecio-a-la-hinchada-argentina-y-se-rindio-ante-messi-ojala-gane-este-mundial\/\"><strong>Luka Modric sea nuevo jugador del equipo de la MLS<\/strong><\/a>\u00a0y se\u00f1al\u00f3 que las negociaciones est\u00e1n avanzadas.<\/p>\n\n\n\n<p>\u201cRecibi\u00f3 ofertas de Estados Unidos, de muchos equipos y de este en especial. Ya tuvo ofertas tambi\u00e9n de Arabia Saudita, pero \u00e9l quiso quedarse en el Madrid\u201d, explic\u00f3 el exfutbolista en Cadena SER.<\/p>\n\n\n\n<p>Adem\u00e1s, se\u00f1al\u00f3 que Lionel Messi est\u00e1 entusiasmado de que el croata se sume al equipo rosa: \u201c<strong>El propio Messi personalmente se interes\u00f3 en la posibilidad.\u00a0<\/strong>En Croacia hace unos d\u00edas Modric se vio con Beckham, donde estuvieron comiendo\u201d, indic\u00f3 Mijatovic.<\/p>\n\n\n\n<p>Fuente: TN<\/p>\n","protected":false},"excerpt":{"rendered":"<div class=\"mh-excerpt\"><p>Lionel Messino jugar\u00e1 contra\u00a0Chicago Fire\u00a0el pr\u00f3ximo mi\u00e9rcoles por la fecha 36 de la MLS. La Pulga arrastra una molestia en el isquiotibial de la pierna derecha desde el partido que disput\u00f3 con la Selecci\u00f3n argentina ante Ecuador el 7 de septiembre y luego con las Garzas ante Toronto, trece d\u00edas despu\u00e9s. \u201cLeo no viajar\u00e1 a Chicago. Espera llegar contra Cincinnati en la ultima fase del campeonato y luego jugar con la Argentina porque existe cierto temor a una nueva lesi\u00f3n\u201d, comunci\u00f3 en sus redes sociales Alessandro Dossetti, una de las personas que trabaja para el capit\u00e1n de la Selecci\u00f3n argentina. <a class=\"mh-excerpt-more\" href=\"http:\/\/dsrmedios.com.ar\/diario\/archivos\/39950\" title=\"Preocupaci\u00f3n por la lesi\u00f3n de Messi: no jugar\u00eda en la visita de Inter Miami a Chicago\">[Leer m\u00e1s]<\/a><\/p>\n<\/div>","protected":false},"author":8,"featured_media":39185,"comment_status":"open","ping_status":"closed","sticky":false,"template":"","format":"standard","meta":{"_jetpack_newsletter_access":""},"categories":[2],"tags":[],"jetpack_featured_media_url":"http:\/\/dsrmedios.com.ar\/diario\/wp-content\/uploads\/2023\/09\/lionel-messi3jpg.webp","jetpack_sharing_enabled":true,"jetpack_shortlink":"https:\/\/wp.me\/p9fihK-aom","_links":{"self":[{"href":"http:\/\/dsrmedios.com.ar\/diario\/wp-json\/wp\/v2\/posts\/39950"}],"collection":[{"href":"http:\/\/dsrmedios.com.ar\/diario\/wp-json\/wp\/v2\/posts"}],"about":[{"href":"http:\/\/dsrmedios.com.ar\/diario\/wp-json\/wp\/v2\/types\/post"}],"author":[{"embeddable":true,"href":"http:\/\/dsrmedios.com.ar\/diario\/wp-json\/wp\/v2\/users\/8"}],"replies":[{"embeddable":true,"href":"http:\/\/dsrmedios.com.ar\/diario\/wp-json\/wp\/v2\/comments?post=39950"}],"version-history":[{"count":1,"href":"http:\/\/dsrmedios.com.ar\/diario\/wp-json\/wp\/v2\/posts\/39950\/revisions"}],"predecessor-version":[{"id":39951,"href":"http:\/\/dsrmedios.com.ar\/diario\/wp-json\/wp\/v2\/posts\/39950\/revisions\/39951"}],"wp:featuredmedia":[{"embeddable":true,"href":"http:\/\/dsrmedios.com.ar\/diario\/wp-json\/wp\/v2\/media\/39185"}],"wp:attachment":[{"href":"http:\/\/dsrmedios.com.ar\/diario\/wp-json\/wp\/v2\/media?parent=39950"}],"wp:term":[{"taxonomy":"category","embeddable":true,"href":"http:\/\/dsrmedios.com.ar\/diario\/wp-json\/wp\/v2\/categories?post=39950"},{"taxonomy":"post_tag","embeddable":true,"href":"http:\/\/dsrmedios.com.ar\/diario\/wp-json\/wp\/v2\/tags?post=39950"}],"curies":[{"name":"wp","href":"https:\/\/api.w.org\/{rel}","templated":true}]}}