{"id":39940,"date":"2023-10-02T13:11:22","date_gmt":"2023-10-02T16:11:22","guid":{"rendered":"http:\/\/dsrmedios.com.ar\/diario\/?p=39940"},"modified":"2023-10-02T13:11:24","modified_gmt":"2023-10-02T16:11:24","slug":"pobreza-planes-y-piquetes-que-proponen-massa-milei-y-bullrich-para-los-problemas-mas-urgentes-del-pais","status":"publish","type":"post","link":"http:\/\/dsrmedios.com.ar\/diario\/archivos\/39940","title":{"rendered":"Pobreza, planes y piquetes: qu\u00e9 proponen Massa, Milei y Bullrich para los problemas m\u00e1s urgentes del pa\u00eds"},"content":{"rendered":"\n<p>El 40,1% de pobreza pate\u00f3 el tablero electoral.&nbsp;<strong>Ninguno de los candidatos presidenciales tiene previsto recortar los planes sociales en el primer plazo de Gobierno<\/strong>. Priorizan bajar la inflaci\u00f3n, acomodar los precios y luego reorganizar el presupuesto de asistencia.<\/p>\n\n\n\n<p>Lo que tienen en com\u00fan es la premisa b\u00e1sica:\u00a0<strong>que la Argentina genere riqueza y trabajo\u00a0<\/strong>y que puedan ir baj\u00e1ndose los planes sociales. En lo que disienten\u00a0<a rel=\"noreferrer noopener\" href=\"https:\/\/tn.com.ar\/economia\/2023\/09\/29\/para-cumplir-con-un-pedido-del-fmi-massa-canjea-600000-millones-en-bonos-que-tenian-la-anses-y-el-bcra\/\" target=\"_blank\"><strong>Sergio Massa<\/strong><\/a>,\u00a0<a rel=\"noreferrer noopener\" href=\"https:\/\/tn.com.ar\/politica\/2023\/09\/26\/mauricio-macri-hablo-del-escandalo-en-la-legislatura-patricia-bullrich-sabe-pelear-contra-los-chocolates\/\" target=\"_blank\"><strong>Patricia Bullrich<\/strong><\/a>\u00a0y\u00a0<a rel=\"noreferrer noopener\" href=\"https:\/\/tn.com.ar\/politica\/2023\/09\/26\/un-hombre-de-confianza-de-trump-critico-a-un-posible-ministro-de-milei-era-mas-kirchnerista-que-cristina\/\" target=\"_blank\"><strong>Javier Milei<\/strong><\/a>\u00a0es en los esquemas de educaci\u00f3n, capacitaci\u00f3n de oficios y en el manejo de los piquetes.<\/p>\n\n\n\n<p>Como referente de Uni\u00f3n por la Patria en Desarrollo Social, el&nbsp;<strong>diputado Daniel Arroyo, le detall\u00f3 a TN que \u201csi no se acomodan los precios, no hay nada que se pueda hacer\u201d<\/strong>.<\/p>\n\n\n\n<p>El legislador provincial Joaqu\u00edn de la Torre, vocero de Juntos por el Cambio en el tema, se\u00f1al\u00f3 que \u201c<strong>tiene que haber un pa\u00eds que crezca para que sea efectiva la pol\u00edtica de Desarrollo Social\u201d<\/strong>.<\/p>\n\n\n\n<p>Sandra Pettovello, quien llevar\u00eda la pol\u00edtica social en un Gobierno de La Libertad Avanza, aclar\u00f3: \u201cHasta tanto la Argentina no haya adoptado el modelo de la libertad que permita la creaci\u00f3n de riqueza,<strong>\u00a0eliminar la asistencia social es un crimen<\/strong>\u201d.<\/p>\n\n\n\n<p><strong>Los candidatos ponen el foco en la primera infancia y en la capacitaci\u00f3n de oficios&nbsp;<\/strong>para introducir a los desempleados en el mercado laboral.<\/p>\n\n\n\n<p>Siempre, mediante asistencia de Estado en l\u00ednea con la idea del Potenciar Trabajo, la Asignaci\u00f3n Familiar por Hijo y la Tarjeta Alimentaria.<\/p>\n\n\n\n<h2>El modelo de Massa: adicciones, oficios y desendeudamiento de familias<\/h2>\n\n\n\n<p>En el equipo de Massa, creen que todo depende de los precios y de una macroeconom\u00eda estable. Consideran que el conflicto social se da por su inestabilidad y que \u201cno existe persona que reciba asistencia y que no quiera conseguir laburo\u201d.<\/p>\n\n\n\n<p>Afirman que\u00a0<strong>\u201clos movimientos sociales y los sindicatos son parte de la soluci\u00f3n\u201d<\/strong>, m\u00e1s all\u00e1 de \u201clos vivos que siempre pueden existir\u201d y que debe haber un recambio de gesti\u00f3n.<\/p>\n\n\n\n<p>No ven viable el desalojo de piquetes y est\u00e1n abiertos a negociar los presupuestos sociales con sus referentes. Se valen de que \u201cBullrich cuando fue ministra de Seguridad hizo un protocolo para desalojar marchas y no lo pudo cumplir. Hay que&nbsp;<strong>tener reglas de movilizaci\u00f3n\u201d.<\/strong><\/p>\n\n\n\n<p>Sus mayores preocupaciones son el endeudamiento familiar, la falta de educaci\u00f3n, la urbanizaci\u00f3n de los barrios y la vuelta al empleo. Ponen el eje en la familia; se referencian en el plan programa del presidente de Brasil, Lula da Silva, \u201cBolsa familia\u201d.<\/p>\n\n\n\n<figure class=\"wp-block-image\"><img decoding=\"async\" src=\"https:\/\/tn.com.ar\/resizer\/6yNtLfYyLBIAM7J9cEkRxyN5TcQ=\/767x0\/smart\/filters:format(webp)\/cloudfront-us-east-1.images.arcpublishing.com\/artear\/SQUXR2L2YRGLPDLU6HJL2GCO74.jpg\" alt=\"Pobreza, planes y piquetes: qu\u00e9 proponen Massa, Milei y Bullrich para los problemas m\u00e1s urgentes del pa\u00eds\"\/><\/figure>\n\n\n\n<p>Sobre la tendencia al recorte, Arroyo le destac\u00f3 a&nbsp;<strong>TN&nbsp;<\/strong>que \u201cno veo que sea posible reducir en este contexto\u201d. En torno al plan para Desarrollo Social, se destacan cinco puntos:<\/p>\n\n\n\n<ul>\n<li>Infancia. Plantean construir los 3000 jardines y lograr que los chicos hagan sala de 3, 4 y 5 a\u00f1os.<\/li>\n\n\n\n<li>Puente al empleo. Proponen que una empresa tome una persona que tiene un plan social y complemente el ingreso hasta llegar al salario m\u00ednimo de convenio; tendr\u00eda reducci\u00f3n de aportes patronales. Incluir\u00eda los rubros de construcci\u00f3n, textil, producci\u00f3n de alimentos, cuidado de personas y reciclado.<\/li>\n\n\n\n<li>V\u00ednculo al trabajo con emprendimientos productivos y oficios. Quieren formar escuelas municipales de oficio para generar un mecanismo certificado de tres meses. Incluir\u00eda un kit de herramientas para trabajar.<\/li>\n\n\n\n<li>Adicciones. Buscan instalar mayores centros de prevenci\u00f3n. Se destaca un programa de \u201cNi un pibe menos por la droga\u201d. Se armar\u00eda un esquema de apoyo y acompa\u00f1amiento a los j\u00f3venes adictos.<\/li>\n\n\n\n<li>Urbanizaci\u00f3n de barrios. A largo plazo, plantean encarar un programa de material social que tenga que ver con la urbanizaci\u00f3n de 5700 barrios que hay que urbanizar.<\/li>\n<\/ul>\n\n\n\n<h2>El plan de 18 a\u00f1os de Bullrich: alimentaci\u00f3n, educaci\u00f3n y quita de intermediarios<\/h2>\n\n\n\n<p>El equipo de Bullrich propone un&nbsp;<strong>plan de dieciocho a\u00f1os para los ni\u00f1os y j\u00f3venes.<\/strong>&nbsp;No habr\u00eda recorte, sino reordenamiento de factores bajo la l\u00ednea de que \u201clas madres pobres tengan la oportunidad de que sus hijos no sean pobres\u201d.<\/p>\n\n\n\n<p>Los primeros cuatro a\u00f1os de la vida de los chicos estar\u00edan destinados a la alimentaci\u00f3n y a la vacunaci\u00f3n. De cinco a diez, el foco ser\u00eda la educaci\u00f3n. De diez a dieciocho, se tratar\u00edan las habilidades blandas y duras para el trabajo.<\/p>\n\n\n\n<p>As\u00ed se lo relat\u00f3 De la Torre a&nbsp;<strong>TN<\/strong>: \u201cEl desaf\u00edo es que los j\u00f3venes de 18 sean libres de elegir un trabajo o de elegir una carrera universitaria. Hoy el 50% de los chicos no son libres porque no terminan el secundario\u201d.<\/p>\n\n\n\n<p>\u201cEl trabajo m\u00e1s importante pasa por la primera infancia y luego la juventud. La idea es desarrollar un programa de 0 a 18 con lo que ya existe, ordenarlo en funci\u00f3n a un programa\u201d, complement\u00f3.<\/p>\n\n\n\n<figure class=\"wp-block-image\"><img decoding=\"async\" src=\"https:\/\/tn.com.ar\/resizer\/r-cvg-g9SH9nAVElUUUxi-G2otw=\/767x0\/smart\/filters:format(webp)\/cloudfront-us-east-1.images.arcpublishing.com\/artear\/QADLYSQGRBGHJHCUFP4J3YTUEA.jpg\" alt=\"La precandidata presidencial argentina Patricia Bullrich, en el acto de cierre de su campa\u00f1a electoral antes de las primarias (Foto: REUTERS\/Matias Baglietto\/Foto de archivo)\"\/><figcaption class=\"wp-element-caption\">La precandidata presidencial argentina Patricia Bullrich, en el acto de cierre de su campa\u00f1a electoral antes de las primarias (Foto: REUTERS\/Matias Baglietto\/Foto de archivo)<\/figcaption><\/figure>\n\n\n\n<p>En torno a la organizaci\u00f3n de planes sociales, se\u00f1al\u00f3: \u201cNo hablo de recorte ni de estabilizaci\u00f3n. Entendemos que hay que invertir m\u00e1s en el flujo y ordenar su gasto\u201d.<\/p>\n\n\n\n<p>Mantendr\u00edan los programas que tienen que ver con cooperativas y proponen transformarlos en un<strong>\u00a0seguro de desempleo que tenga periodicidad y contraprestaci\u00f3n.<\/strong><\/p>\n\n\n\n<p>De esa forma, hacen foco en la capacitaci\u00f3n e inserci\u00f3n laboral. Destacan que \u201cla pobreza no es producto de un plan social\u201d y que \u201ctiene que ver m\u00e1s con la econom\u00eda que con Desarrollo Social\u201d.<\/p>\n\n\n\n<p>Sobre los piquetes, el fil\u00f3sofo y l\u00edder del \u00e1rea de asesores de Bullrich en lo social, Santiago Kovadloff, le dijo a\u00a0<strong>TN:\u00a0<\/strong>\u201cTengo la convicci\u00f3n que todos los procedimientos en el marco de la ley quedan justificados\u201d.<\/p>\n\n\n\n<p>\u201cLa idea no es aniquilar, sino impedir que el delito subvierta a la democracia. Delito es la violencia que se emplea para reivindicar un derecho. Todo el mundo tiene que tener el derecho a pronunciarse mientras que no invalide el derecho a circular del pr\u00f3jimo\u201d, sum\u00f3.<\/p>\n\n\n\n<p>De la Torre agreg\u00f3: \u201cEl Gobierno que es sometido a extorsi\u00f3n deja de ser Gobierno. Mucha gente piensa que la soluci\u00f3n de su vida pasa por el piquete. Si negociamos con el piquete, le estamos dando un mal ejemplo a la persona\u201d.<\/p>\n\n\n\n<p>Bullrich plantea que&nbsp;<strong>\u201chay que sacar a los Grabois\u201d&nbsp;<\/strong>en l\u00ednea con un sistema de ayuda social que no pase por los l\u00edderes de los movimientos sociales, sino que vaya directo a la gente.<\/p>\n\n\n\n<h2>El modelo de Milei: eliminaci\u00f3n de intermediarios, incentivos educativos y planes de nutrici\u00f3n<\/h2>\n\n\n\n<p>El programa de Milei para el primer plazo de Gobierno no es diferente al de Bullrich y Massa. Plantea dos etapas: una de mantenimiento de los planes sociales de la gesti\u00f3n previa y&nbsp;<strong>otra de reforma del sistema.<\/strong><\/p>\n\n\n\n<p>El factor del que depende el arranque de la segunda etapa es la generaci\u00f3n de riqueza y la reforma tributaria de Estado en torno a la formalidad.<\/p>\n\n\n\n<p>Pettovello argument\u00f3 que \u201cse enfocar\u00e1n mejor las asistencias sociales para los m\u00e1s necesitados con criterio de elegibilidad y estrategias partiendo de lo individual a lo general\u201d.<\/p>\n\n\n\n<p>\u201cGlobalmente, el objetivo ser\u00e1 facilitar la&nbsp;<strong>sostenibilidad del sistema previsional&nbsp;<\/strong>v\u00eda reforma del mismo, ligado tambi\u00e9n a la reforma tributaria y a la reducci\u00f3n de la informalidad del pa\u00eds. Apertura a un sistema mixto con fondos privados de retiro en una segunda etapa\u201d, agreg\u00f3.<\/p>\n\n\n\n<figure class=\"wp-block-image\"><img decoding=\"async\" src=\"https:\/\/tn.com.ar\/resizer\/KCKKC-ahFdYeuII0xwFVw1-kCXE=\/767x0\/smart\/filters:format(webp)\/cloudfront-us-east-1.images.arcpublishing.com\/artear\/TM2E225LMPYIH7KV6X24BKEX6Y.jpg\" alt=\"ARCHIVO - El aspirante presidencial de la coalici\u00f3n La Libertad Avanza, Javier Milei, blande una motosierra durante un mitin en La Plata, Argentina, el martes 12 de septiembre de 2023. (AP Foto\/Natacha Pisarenko, Archivo)\"\/><figcaption class=\"wp-element-caption\">ARCHIVO &#8211; El aspirante presidencial de la coalici\u00f3n La Libertad Avanza, Javier Milei, blande una motosierra durante un mitin en La Plata, Argentina, el martes 12 de septiembre de 2023. (AP Foto\/Natacha Pisarenko, Archivo)Por:&nbsp;<strong>AP<\/strong><\/figcaption><\/figure>\n\n\n\n<p>El Ministerio se denominar\u00eda<strong>&nbsp;\u201cCapital Humano\u201d e incluir\u00eda las carteras de Salud, Desarrollo Social, Trabajo y Educaci\u00f3n.<\/strong>&nbsp;La primera l\u00ednea se\u00f1alada en el diagrama de este es que \u201clos argentinos que dependen de la asistencia estatal son v\u00edctimas del sistema\u201d.<\/p>\n\n\n\n<p>Es as\u00ed que aclararon que \u201cno vamos a tomar ninguna decisi\u00f3n que le traslade el costo del ajuste que hay que hacer a las v\u00edctimas del sistema. Hasta tanto la Argentina no haya adoptado el modelo econ\u00f3mico de la libertad que permita la creaci\u00f3n de riquezas, eliminar la asistencia social es un delito\u201d.<\/p>\n\n\n\n<p><\/p>\n\n\n\n<p>Respecto a los piquetes, Milei en reiteradas ocasiones dijo que los desalojar\u00eda. De hecho, es una propuesta del candidato libertario en Ciudad de Buenos Aires, Ramiro Marra:&nbsp;<strong>derivar las manifestaciones a lugares que no afecten el derecho a la circulaci\u00f3n.<\/strong><\/p>\n\n\n\n<p>Para afrontar la pobreza del 40,1%, el candidato presidencial propone:<\/p>\n\n\n\n<ul>\n<li>Programas de protecci\u00f3n de ingresos para mitigar la pobreza extrema.<\/li>\n\n\n\n<li>Planes de nutrici\u00f3n.<\/li>\n\n\n\n<li>Programas de educaci\u00f3n para padres sobre estimulaci\u00f3n cognitiva.<\/li>\n\n\n\n<li>Mayor cobertura de la educaci\u00f3n preescolar.<\/li>\n\n\n\n<li>Incentivos para que los estudiantes terminen sus estudios.<\/li>\n\n\n\n<li>Pol\u00edticas para la integraci\u00f3n de personas con discapacidades.<\/li>\n\n\n\n<li>Medidas para promover la integraci\u00f3n socio urbana a trav\u00e9s del acceso al cr\u00e9dito privado.<\/li>\n\n\n\n<li>Revisi\u00f3n de asignaciones por discapacidad para mayor transparencia.<\/li>\n\n\n\n<li>Eliminaci\u00f3n de todos los intermediarios de programas sociales. El estado brindara asistencia de forma directa a trav\u00e9s de sistemas tipo \u201csube\u201d.<\/li>\n<\/ul>\n\n\n\n<p>Fuente: TN<\/p>\n","protected":false},"excerpt":{"rendered":"<div class=\"mh-excerpt\"><p>El 40,1% de pobreza pate\u00f3 el tablero electoral.&nbsp;Ninguno de los candidatos presidenciales tiene previsto recortar los planes sociales en el primer plazo de Gobierno. Priorizan bajar la inflaci\u00f3n, acomodar los precios y luego reorganizar el presupuesto de asistencia. Lo que tienen en com\u00fan es la premisa b\u00e1sica:\u00a0que la Argentina genere riqueza y trabajo\u00a0y que puedan ir baj\u00e1ndose los planes sociales. En lo que disienten\u00a0Sergio Massa,\u00a0Patricia Bullrich\u00a0y\u00a0Javier Milei\u00a0es en los esquemas de educaci\u00f3n, capacitaci\u00f3n de oficios y en el manejo de los piquetes. Como referente de Uni\u00f3n por la Patria en Desarrollo Social, el&nbsp;diputado Daniel Arroyo, le detall\u00f3 a TN que <a class=\"mh-excerpt-more\" href=\"http:\/\/dsrmedios.com.ar\/diario\/archivos\/39940\" title=\"Pobreza, planes y piquetes: qu\u00e9 proponen Massa, Milei y Bullrich para los problemas m\u00e1s urgentes del pa\u00eds\">[Leer m\u00e1s]<\/a><\/p>\n<\/div>","protected":false},"author":8,"featured_media":39941,"comment_status":"open","ping_status":"closed","sticky":false,"template":"","format":"standard","meta":{"_jetpack_newsletter_access":""},"categories":[6],"tags":[],"jetpack_featured_media_url":"http:\/\/dsrmedios.com.ar\/diario\/wp-content\/uploads\/2023\/10\/images-9.jpeg","jetpack_sharing_enabled":true,"jetpack_shortlink":"https:\/\/wp.me\/p9fihK-aoc","_links":{"self":[{"href":"http:\/\/dsrmedios.com.ar\/diario\/wp-json\/wp\/v2\/posts\/39940"}],"collection":[{"href":"http:\/\/dsrmedios.com.ar\/diario\/wp-json\/wp\/v2\/posts"}],"about":[{"href":"http:\/\/dsrmedios.com.ar\/diario\/wp-json\/wp\/v2\/types\/post"}],"author":[{"embeddable":true,"href":"http:\/\/dsrmedios.com.ar\/diario\/wp-json\/wp\/v2\/users\/8"}],"replies":[{"embeddable":true,"href":"http:\/\/dsrmedios.com.ar\/diario\/wp-json\/wp\/v2\/comments?post=39940"}],"version-history":[{"count":1,"href":"http:\/\/dsrmedios.com.ar\/diario\/wp-json\/wp\/v2\/posts\/39940\/revisions"}],"predecessor-version":[{"id":39942,"href":"http:\/\/dsrmedios.com.ar\/diario\/wp-json\/wp\/v2\/posts\/39940\/revisions\/39942"}],"wp:featuredmedia":[{"embeddable":true,"href":"http:\/\/dsrmedios.com.ar\/diario\/wp-json\/wp\/v2\/media\/39941"}],"wp:attachment":[{"href":"http:\/\/dsrmedios.com.ar\/diario\/wp-json\/wp\/v2\/media?parent=39940"}],"wp:term":[{"taxonomy":"category","embeddable":true,"href":"http:\/\/dsrmedios.com.ar\/diario\/wp-json\/wp\/v2\/categories?post=39940"},{"taxonomy":"post_tag","embeddable":true,"href":"http:\/\/dsrmedios.com.ar\/diario\/wp-json\/wp\/v2\/tags?post=39940"}],"curies":[{"name":"wp","href":"https:\/\/api.w.org\/{rel}","templated":true}]}}