{"id":39935,"date":"2023-10-02T13:06:33","date_gmt":"2023-10-02T16:06:33","guid":{"rendered":"http:\/\/dsrmedios.com.ar\/diario\/?p=39935"},"modified":"2023-10-02T13:06:36","modified_gmt":"2023-10-02T16:06:36","slug":"cristina-kirchner-pidio-la-nulidad-de-las-causas-hotesur-los-sauces-y-el-memorandum-con-iran","status":"publish","type":"post","link":"http:\/\/dsrmedios.com.ar\/diario\/archivos\/39935","title":{"rendered":"Cristina Kirchner pidi\u00f3 la nulidad de las causas Hotesur-Los Sauces y el memor\u00e1ndum con Ir\u00e1n"},"content":{"rendered":"\n<p><a href=\"https:\/\/tn.com.ar\/politica\/2023\/09\/26\/los-curiosos-pedidos-de-perdon-de-cristina-kirchner-y-sergio-massa\/\" target=\"_blank\" rel=\"noreferrer noopener\"><strong>Cristina Kirchner<\/strong><\/a>&nbsp;pidi\u00f3 la&nbsp;<strong>nulidad de las causas&nbsp;<\/strong><a href=\"https:\/\/tn.com.ar\/politica\/2023\/09\/18\/reves-para-cristina-kirchner-la-justicia-ordeno-reabrir-la-causa-hotesur-los-sauces\/\" target=\"_blank\" rel=\"noreferrer noopener\"><strong>Hotesur-Los Sauces<\/strong><\/a><strong>&nbsp;y el memor\u00e1ndum con Ir\u00e1n<\/strong>&nbsp;luego de lograr&nbsp;<a href=\"https:\/\/tn.com.ar\/politica\/2023\/09\/28\/tras-dos-empates-el-senado-aprobo-el-pliego-de-la-jueza-figueroa-y-desata-otro-choque-con-la-corte-suprema\/\" target=\"_blank\" rel=\"noreferrer noopener\"><strong>el pliego por cinco a\u00f1os para la jueza Ana Mar\u00eda Figueroa<\/strong><\/a>. Su defensa solicit\u00f3 que el caso llegue a la&nbsp;<strong>Corte Suprema de Justicia.<\/strong><\/p>\n\n\n\n<p>En su pedido, los abogados de Cristina Kirchner,\u00a0<strong>Carlos Beraldi y Ary Llernovoy<\/strong>\u00a0consideraron que \u201cla decisi\u00f3n de la C\u00e1mara Federal de Casaci\u00f3n Penal importa un severo gravamen a los derechos y garant\u00edas constitucionales que asisten a nuestros representados\u201d. Y expresan que de no mediar la intervenci\u00f3n de la Corte \u201chabr\u00e1n de consolidarse agravios de imposible reparaci\u00f3n anterior\u201d.<\/p>\n\n\n\n<p>Los abogados de&nbsp;<strong>Cristina Kirchner<\/strong>&nbsp;argumentaron su pedido en que los fallos de la&nbsp;<strong>C\u00e1mara de Casaci\u00f3n<\/strong>&nbsp;fueron dictadas sin la intervenci\u00f3n de la jueza Ana Mar\u00eda Figueroa, que hab\u00eda sido cesanteada de sus funciones por disposici\u00f3n de la Corte Suprema al haber alcanzado los 75 a\u00f1os de edad. La ausencia de la magistrada en esos fallos, que se definen por el voto de tres jueves, fue considerado como de \u201cdudosa constitucionalidad\u201d por la defensa de la Vicepresidenta, a pesar de que la ley \u201chabilita a la C\u00e1mara Federal de Casaci\u00f3n Penal a dictar sus pronunciamientos con el voto concurrente de dos de sus jueces\u201d.<\/p>\n\n\n\n<figure class=\"wp-block-image\"><img decoding=\"async\" src=\"https:\/\/tn.com.ar\/resizer\/OPR_CptgGq0aar5z9H623nts5uo=\/767x0\/smart\/filters:format(webp)\/cloudfront-us-east-1.images.arcpublishing.com\/artear\/QZHWOC34HNCBZIOPCDHDOTU3FA.jpg\" alt=\"Cristina Kirchner pidi\u00f3 la nulidad de las causas Hotesur-Los Sauces y el memor\u00e1ndum con Ir\u00e1n. (Foto: Reuters)\"\/><figcaption class=\"wp-element-caption\">Cristina Kirchner pidi\u00f3 la nulidad de las causas Hotesur-Los Sauces y el memor\u00e1ndum con Ir\u00e1n. (Foto: Reuters)<\/figcaption><\/figure>\n\n\n\n<p>\u201dLa Sala que dict\u00f3 el fallo qued\u00f3 indebidamente constituida s\u00f3lo por dos jueces, habiendo sido excluida de la resoluci\u00f3n del caso la tercera magistrada a trav\u00e9s de una decisi\u00f3n de la Corte Suprema de Justicia de la Naci\u00f3n que no registra antecedentes similares y que resulta contraria a la pr\u00e1ctica seguida con relaci\u00f3n a otros magistrados que se encontraban en id\u00e9ntica situaci\u00f3n a la de la jueza Figueroa\u201d, sostuvieron en las apelaciones los abogados Beraldi y Llernovoy.<\/p>\n\n\n\n<p>La C\u00e1mara Federal de Casaci\u00f3n Penal hab\u00eda dispuesto el 18 de septiembre que se realicen los juicios orales por las causas Hotesur-Los Sauces, por supuesta asociaci\u00f3n il\u00edcita y lavado de dinero, y otro por el Memor\u00e1ndum de entendimiento con Ir\u00e1n para volver a analizar la actuaci\u00f3n de la Justicia en la investigaci\u00f3n por el atentado a la AMIA, por presunto encubrimiento, en los que est\u00e1 imputada Cristina Kirchner, revocando as\u00ed los sobreseimientos de la Vicepresidenta en ambas causas.<\/p>\n\n\n\n<p>El jueves \u00faltimo, el Senado aprob\u00f3 el pliego de la jueza Figueroa, en una votaci\u00f3n en la que debi\u00f3 desempatar la presidenta provisional del Senado, Claudia Ledesma Abdala de Zamora.<\/p>\n\n\n\n<p>El<strong>&nbsp;kirchnerismo&nbsp;<\/strong>aprob\u00f3 el jueves pasado en el<strong>&nbsp;Senado de la Naci\u00f3n<\/strong>&nbsp;el pliego de la jueza&nbsp;<a href=\"https:\/\/tn.com.ar\/politica\/2023\/09\/06\/la-corte-suprema-ceso-de-sus-funciones-a-la-jueza-ana-maria-figueroa\/\"><strong>Ana Mar\u00eda Figueroa<\/strong><\/a>, con lo cual<a href=\"https:\/\/tn.com.ar\/politica\/2023\/09\/27\/senado-el-kirchnerismo-prepara-la-sesion-de-ganancias-pero-negocia-contrarreloj-por-la-designacion-de-jueces\/\"><strong>Cristina Kirchner<\/strong><\/a>desconoci\u00f3 la decisi\u00f3n de la&nbsp;<strong>Corte Suprema de Justicia.<\/strong><\/p>\n\n\n\n<p>Desde el Frente de Todos remarcaron que la potestad para definir la cuesti\u00f3n es del Senado y que el pliego, mientras est\u00e9 en el proceso de sesiones ordinarias, tiene validez. En este contexto, resolvieron deso\u00edr la decisi\u00f3n del m\u00e1ximo tribunal, dando lugar a un\u00a0<strong>conflicto entre poderes<\/strong>.<\/p>\n\n\n\n<p>Fuente: TN<\/p>\n","protected":false},"excerpt":{"rendered":"<div class=\"mh-excerpt\"><p>Cristina Kirchner&nbsp;pidi\u00f3 la&nbsp;nulidad de las causas&nbsp;Hotesur-Los Sauces&nbsp;y el memor\u00e1ndum con Ir\u00e1n&nbsp;luego de lograr&nbsp;el pliego por cinco a\u00f1os para la jueza Ana Mar\u00eda Figueroa. Su defensa solicit\u00f3 que el caso llegue a la&nbsp;Corte Suprema de Justicia. En su pedido, los abogados de Cristina Kirchner,\u00a0Carlos Beraldi y Ary Llernovoy\u00a0consideraron que \u201cla decisi\u00f3n de la C\u00e1mara Federal de Casaci\u00f3n Penal importa un severo gravamen a los derechos y garant\u00edas constitucionales que asisten a nuestros representados\u201d. Y expresan que de no mediar la intervenci\u00f3n de la Corte \u201chabr\u00e1n de consolidarse agravios de imposible reparaci\u00f3n anterior\u201d. Los abogados de&nbsp;Cristina Kirchner&nbsp;argumentaron su pedido en que los <a class=\"mh-excerpt-more\" href=\"http:\/\/dsrmedios.com.ar\/diario\/archivos\/39935\" title=\"Cristina Kirchner pidi\u00f3 la nulidad de las causas Hotesur-Los Sauces y el memor\u00e1ndum con Ir\u00e1n\">[Leer m\u00e1s]<\/a><\/p>\n<\/div>","protected":false},"author":8,"featured_media":1199,"comment_status":"open","ping_status":"closed","sticky":false,"template":"","format":"standard","meta":{"_jetpack_newsletter_access":""},"categories":[6],"tags":[],"jetpack_featured_media_url":"http:\/\/dsrmedios.com.ar\/diario\/wp-content\/uploads\/2017\/10\/cristina123.jpg","jetpack_sharing_enabled":true,"jetpack_shortlink":"https:\/\/wp.me\/p9fihK-ao7","_links":{"self":[{"href":"http:\/\/dsrmedios.com.ar\/diario\/wp-json\/wp\/v2\/posts\/39935"}],"collection":[{"href":"http:\/\/dsrmedios.com.ar\/diario\/wp-json\/wp\/v2\/posts"}],"about":[{"href":"http:\/\/dsrmedios.com.ar\/diario\/wp-json\/wp\/v2\/types\/post"}],"author":[{"embeddable":true,"href":"http:\/\/dsrmedios.com.ar\/diario\/wp-json\/wp\/v2\/users\/8"}],"replies":[{"embeddable":true,"href":"http:\/\/dsrmedios.com.ar\/diario\/wp-json\/wp\/v2\/comments?post=39935"}],"version-history":[{"count":1,"href":"http:\/\/dsrmedios.com.ar\/diario\/wp-json\/wp\/v2\/posts\/39935\/revisions"}],"predecessor-version":[{"id":39936,"href":"http:\/\/dsrmedios.com.ar\/diario\/wp-json\/wp\/v2\/posts\/39935\/revisions\/39936"}],"wp:featuredmedia":[{"embeddable":true,"href":"http:\/\/dsrmedios.com.ar\/diario\/wp-json\/wp\/v2\/media\/1199"}],"wp:attachment":[{"href":"http:\/\/dsrmedios.com.ar\/diario\/wp-json\/wp\/v2\/media?parent=39935"}],"wp:term":[{"taxonomy":"category","embeddable":true,"href":"http:\/\/dsrmedios.com.ar\/diario\/wp-json\/wp\/v2\/categories?post=39935"},{"taxonomy":"post_tag","embeddable":true,"href":"http:\/\/dsrmedios.com.ar\/diario\/wp-json\/wp\/v2\/tags?post=39935"}],"curies":[{"name":"wp","href":"https:\/\/api.w.org\/{rel}","templated":true}]}}