{"id":39932,"date":"2023-10-02T13:02:14","date_gmt":"2023-10-02T16:02:14","guid":{"rendered":"http:\/\/dsrmedios.com.ar\/diario\/?p=39932"},"modified":"2023-10-02T13:02:16","modified_gmt":"2023-10-02T16:02:16","slug":"quienes-fueron-los-grandes-ganadores-y-perdedores-del-primer-debate-presidencial","status":"publish","type":"post","link":"http:\/\/dsrmedios.com.ar\/diario\/archivos\/39932","title":{"rendered":"Qui\u00e9nes fueron los grandes ganadores y perdedores del primer debate presidencial"},"content":{"rendered":"\n<p>El debate presidencial del domingo en Santiago del Estero<strong>&nbsp;no arroj\u00f3 grandes ganadores.<\/strong>&nbsp;Lo que intentaron todos fue&nbsp;<strong>no perder,&nbsp;<\/strong>nadie quiso arriesgar demasiado y buscaron&nbsp;<strong>conservar&nbsp;<\/strong>lo que tienen, conservar los votos que tienen. Si uno tuviera que sacar una conclusi\u00f3n, los candidatos presidenciales de La Libertad Avanza,&nbsp;<strong>Javier Milei,&nbsp;<\/strong>y de Uni\u00f3n por la Patria,&nbsp;<strong>Sergio Massa,<\/strong>&nbsp;son los que menos da\u00f1o sufrieron.<\/p>\n\n\n\n<p>El libertario logr\u00f3 transitarlo sin que nadie lo provocara, cuando el temor en su equipo era que salieran a provocarlo y se saliese de los carriles. Eso no ocurri\u00f3, vimos un Milei moderado. El \u00e9xito de Massa fue que con una econom\u00eda que est\u00e1 en crisis\u00a0<strong>apenas mencionaron la inflaci\u00f3n,<\/strong>\u00a0no mencionaron el d\u00f3lar a<strong>\u00a0$800\u00a0<\/strong>no tampoco que hay una buena parte de los trabajadores que a\u00fan teniendo trabajo\u00a0<strong>siguen siendo pobres.<\/strong>\u00a0Apenas hubo una menci\u00f3n tangencial a la\u00a0<strong>pobreza del 40,1%.\u00a0<\/strong>Es decir,\u00a0<strong>nadie fue picante con Massa<\/strong>\u00a0profundizando en la crisis econ\u00f3mica, e incluso el l\u00edder del Frente Renovador logr\u00f3 mostrarse en un momento diciendo:<strong>\u00a0\u201cYo no era parte del Gobierno\u201d.<\/strong>\u00a0Se vio a un Massa que hizo\u00a0<strong>propuestas a futuro,\u00a0<\/strong>buenas o no, pero que no tuvo que responder por lo que\u00a0<strong>no supo hacer.<\/strong><\/p>\n\n\n\n<p>A Milei&nbsp;<strong>nadie lo cuestion\u00f3,<\/strong>&nbsp;lo que llam\u00f3 la atenci\u00f3n, nadie le hizo hincapi\u00e9 en la<strong>&nbsp;dolarizaci\u00f3n,<\/strong>&nbsp;cuando tiene cinco proyectos al respecto, \u00bfcu\u00e1l es el que aplicar\u00e1 en caso de ganar las elecciones? Si quer\u00e9s ir a Mar del Plata, \u00bfpor d\u00f3nde vas? \u00bfPor la Ruta 2, por la 11, por la 7, por la 9 o por la 3? Si vos ten\u00e9s tantos proyectos de un tema es que&nbsp;<strong>no est\u00e1s seguro&nbsp;<\/strong>sobre ese tema,&nbsp;<strong>nadie profundiz\u00f3<\/strong>&nbsp;en el tema de dolarizaci\u00f3n.<\/p>\n\n\n\n<h2>Uno por uno, los puntos altos y bajos de los candidatos en el debate presidencial<\/h2>\n\n\n\n<p>En cuanto a Bullrich, que fue la candidata que&nbsp;<strong>m\u00e1s ten\u00eda que arriesgar,<\/strong>&nbsp;ten\u00eda que apuntar a ganar por nocaut y jug\u00f3 a los puntos y tal vez&nbsp;<strong>qued\u00f3 atr\u00e1s.<\/strong>&nbsp;Ten\u00eda que&nbsp;<strong>romper la polarizaci\u00f3n<\/strong>&nbsp;entre Milei y Massa, intent\u00f3 hacerlo ejerciendo el&nbsp;<strong>derecho a r\u00e9plica&nbsp;<\/strong>contra ambos, pero no logr\u00f3 destacarse. Sus puntos positivos fueron que una y otra vez hizo hincapi\u00e9 en que tiene gobernadores, es decir que si ella es presidenta va a tener&nbsp;<strong>gobernabilidad,<\/strong>&nbsp;tiene equipos de trabajo, y mencion\u00f3 a&nbsp;<strong>Carlos Melconian<\/strong>&nbsp;como cabeza econ\u00f3mica.<\/p>\n\n\n\n<p>Cuando la quisieron acorralar con el tema de la econom\u00eda dijo: \u201cLo que importa es que voy a hacer que<strong>&nbsp;esos cambios sean posibles\u201d.&nbsp;<\/strong>Pero&nbsp;<strong>no arriesg\u00f3&nbsp;<\/strong>mucho m\u00e1s que eso, es decir, que al momento de hacer chicanas o de cuestionar a los adversarios&nbsp;<strong>desaprovech\u00f3 la oportunidad,&nbsp;<\/strong>no mostr\u00f3 una buena estrategia cuando casi todas las encuestas la muestran en tercer lugar, no mostr\u00f3 una estrategia para meterse de lleno en el lote de los que pasan la batalla.<\/p>\n\n\n\n<p><strong>Juan Schiaretti&nbsp;<\/strong>hizo gala del<strong>&nbsp;cordobesismo,<\/strong>&nbsp;fue quiz\u00e1s&nbsp;<strong>el m\u00e1s racional,<\/strong>&nbsp;el moderado: no quiso entrar en la grieta. Habl\u00f3 una y otra vez del modelo C\u00f3rdoba, como si pudiera llevarse a todo el pa\u00eds, critic\u00f3 al cristinismo, habl\u00f3 de bajar impuestos, pero est\u00e1&nbsp;<strong>muy lejos<\/strong>&nbsp;del lote de los que tienen chances.<\/p>\n\n\n\n<p><strong>Myriam Bregman<\/strong>&nbsp;fue sin duda la que tuvo un discurso&nbsp;<strong>m\u00e1s fluido,<\/strong>&nbsp;siempre haciendo hincapi\u00e9 en su lucha contra el FMI, con las consignas de la izquierda, que nunca baj\u00f3 esas banderas, pero fue sin duda la \u00fanica que le puso un poco de&nbsp;<strong>pimienta&nbsp;<\/strong>al debate con cuestionamientos a Milei y a Massa. La candidata de izquierda fue quiz\u00e1s la m\u00e1s p\u00edcara, tambi\u00e9n lejos del lote de los ganadores de Massa, Milei y Bullrich.<\/p>\n\n\n\n<p>Si uno tiene que preguntarse qui\u00e9n gan\u00f3, habr\u00eda que reformular la pregunta: \u00bfqui\u00e9n sac\u00f3 una&nbsp;<strong>m\u00ednima diferencia?<\/strong>&nbsp;Tal vez Milei, porque logr\u00f3 mostrarse&nbsp;<strong>moderado,&nbsp;<\/strong>y tal vez Massa, porque pudo sobrellevar el debate<strong>&nbsp;sin enroscarse<\/strong>&nbsp;en la crisis econ\u00f3mica.<\/p>\n\n\n\n<h2>Las curiosidades del debate presidencial: escasas referencias a Insaurralde y la dolarizaci\u00f3n<\/h2>\n\n\n\n<p>Los datos m\u00e1s curiosos del debate fueron, en primer lugar, la escasa menci\u00f3n del tema de&nbsp;<strong>Mart\u00edn Insaurralde,<\/strong>&nbsp;por el esc\u00e1ndalo que deriv\u00f3 en su renuncia como jefe de Gabinete de&nbsp;<strong>Axel Kicillof.&nbsp;<\/strong>Apenas una menci\u00f3n de&nbsp;<strong>Patricia Bullrich,<\/strong>&nbsp;apenas una menci\u00f3n de&nbsp;<strong>Myriam Bregman,&nbsp;<\/strong>pero&nbsp;<strong>nadie focaliz\u00f3 en la corrupci\u00f3n,<\/strong>&nbsp;ni en el caso de Insaurralde, ni en otros casos de corrupci\u00f3n.<\/p>\n\n\n\n<p>Llamativo, siendo uno de los puntos fuertes con los que Juntos por el Cambio, en cabeza de Bullrich, podr\u00eda haber usado en el debate. Milei tambi\u00e9n podr\u00eda haber apelado a este recurso, diciendo que el gasto de la pol\u00edtica es eso, es la&nbsp;<strong>corrupci\u00f3n,<\/strong>&nbsp;y que se puede<strong>&nbsp;recortar.&nbsp;<\/strong>Apenas hubo menciones tangenciales.<\/p>\n\n\n\n<p>Los otros datos curiosos fueron las pocas referencias de Milei y el resto de la oposici\u00f3n a la&nbsp;<strong>dolarizaci\u00f3n,<\/strong>&nbsp;una de las principales propuestas del libertario, sumado a la crisis econ\u00f3mica, que pas\u00f3 casi inadvertida en el debate.<\/p>\n\n\n\n<h2>Las estrategias de los candidatos en el debate presidencial<\/h2>\n\n\n\n<p>En resumen de las estrategias,<strong>&nbsp;Milei siente que gan\u00f3,&nbsp;<\/strong>diciendo que con los mismos de siempre&nbsp;<strong>no se puede hacer el cambio.<\/strong>&nbsp;En el caso de la exministra de Seguridad lo que intent\u00f3 fue mostrar&nbsp;<strong>gobernabilidad con una estructura pol\u00edtica con densidad a partir del cuerpo de gobernadores, legisladores e intendentes,<\/strong>&nbsp;mostrar equipos, mostrar al frente a&nbsp;<strong>Carlos Melconian,<\/strong>&nbsp;su elegido para el Ministerio de Econom\u00eda en caso de ganar las elecciones<strong>.<\/strong><\/p>\n\n\n\n<p>En cuanto al candidato presidencial del oficialismo, habl\u00f3 dos veces del gobierno de\u00a0<strong>Uni\u00f3n Nacional.<\/strong>\u00a0\u00bfPor qu\u00e9? Porque siente que est\u00e1 en el balotaje y con eso va a buscar los votos. Algunos votos liberales indecisos, los votos de Juntos por el Cambio y particularmente los de la\u00a0<strong>UCR.<\/strong>\u00a0En eso fue\u00a0<strong>expl\u00edcito.<\/strong><\/p>\n\n\n\n<p>Fuente: TN<\/p>\n","protected":false},"excerpt":{"rendered":"<div class=\"mh-excerpt\"><p>El debate presidencial del domingo en Santiago del Estero&nbsp;no arroj\u00f3 grandes ganadores.&nbsp;Lo que intentaron todos fue&nbsp;no perder,&nbsp;nadie quiso arriesgar demasiado y buscaron&nbsp;conservar&nbsp;lo que tienen, conservar los votos que tienen. Si uno tuviera que sacar una conclusi\u00f3n, los candidatos presidenciales de La Libertad Avanza,&nbsp;Javier Milei,&nbsp;y de Uni\u00f3n por la Patria,&nbsp;Sergio Massa,&nbsp;son los que menos da\u00f1o sufrieron. El libertario logr\u00f3 transitarlo sin que nadie lo provocara, cuando el temor en su equipo era que salieran a provocarlo y se saliese de los carriles. Eso no ocurri\u00f3, vimos un Milei moderado. El \u00e9xito de Massa fue que con una econom\u00eda que est\u00e1 en <a class=\"mh-excerpt-more\" href=\"http:\/\/dsrmedios.com.ar\/diario\/archivos\/39932\" title=\"Qui\u00e9nes fueron los grandes ganadores y perdedores del primer debate presidencial\">[Leer m\u00e1s]<\/a><\/p>\n<\/div>","protected":false},"author":8,"featured_media":39933,"comment_status":"open","ping_status":"closed","sticky":false,"template":"","format":"standard","meta":{"_jetpack_newsletter_access":""},"categories":[6],"tags":[],"jetpack_featured_media_url":"http:\/\/dsrmedios.com.ar\/diario\/wp-content\/uploads\/2023\/10\/560686.webp","jetpack_sharing_enabled":true,"jetpack_shortlink":"https:\/\/wp.me\/p9fihK-ao4","_links":{"self":[{"href":"http:\/\/dsrmedios.com.ar\/diario\/wp-json\/wp\/v2\/posts\/39932"}],"collection":[{"href":"http:\/\/dsrmedios.com.ar\/diario\/wp-json\/wp\/v2\/posts"}],"about":[{"href":"http:\/\/dsrmedios.com.ar\/diario\/wp-json\/wp\/v2\/types\/post"}],"author":[{"embeddable":true,"href":"http:\/\/dsrmedios.com.ar\/diario\/wp-json\/wp\/v2\/users\/8"}],"replies":[{"embeddable":true,"href":"http:\/\/dsrmedios.com.ar\/diario\/wp-json\/wp\/v2\/comments?post=39932"}],"version-history":[{"count":1,"href":"http:\/\/dsrmedios.com.ar\/diario\/wp-json\/wp\/v2\/posts\/39932\/revisions"}],"predecessor-version":[{"id":39934,"href":"http:\/\/dsrmedios.com.ar\/diario\/wp-json\/wp\/v2\/posts\/39932\/revisions\/39934"}],"wp:featuredmedia":[{"embeddable":true,"href":"http:\/\/dsrmedios.com.ar\/diario\/wp-json\/wp\/v2\/media\/39933"}],"wp:attachment":[{"href":"http:\/\/dsrmedios.com.ar\/diario\/wp-json\/wp\/v2\/media?parent=39932"}],"wp:term":[{"taxonomy":"category","embeddable":true,"href":"http:\/\/dsrmedios.com.ar\/diario\/wp-json\/wp\/v2\/categories?post=39932"},{"taxonomy":"post_tag","embeddable":true,"href":"http:\/\/dsrmedios.com.ar\/diario\/wp-json\/wp\/v2\/tags?post=39932"}],"curies":[{"name":"wp","href":"https:\/\/api.w.org\/{rel}","templated":true}]}}