{"id":39920,"date":"2023-10-01T21:24:32","date_gmt":"2023-10-02T00:24:32","guid":{"rendered":"http:\/\/dsrmedios.com.ar\/diario\/?p=39920"},"modified":"2023-10-01T21:24:33","modified_gmt":"2023-10-02T00:24:33","slug":"axel-kicillof-acepto-la-renuncia-de-martin-insaurralde","status":"publish","type":"post","link":"http:\/\/dsrmedios.com.ar\/diario\/archivos\/39920","title":{"rendered":"Axel Kicillof acept\u00f3 la renuncia de Mart\u00edn Insaurralde"},"content":{"rendered":"\n<p>El gobernador de la provincia de Buenos Aires,&nbsp;<a href=\"https:\/\/www.canal26.com\/politica\/axel-kicillof-en-la-inauguracion-polo-judicial-avellaneda-lanus-queremos-una-justicia-a-favor-del-pueblo-no-a-favor-de-los-poderosos--352103\" target=\"_blank\" rel=\"noreferrer noopener\">Axel Kicillof<\/a>, destac\u00f3 que la &#8220;celeridad&#8221; con la que se resolvi\u00f3&nbsp;<a href=\"https:\/\/www.canal26.com\/politica\/renuncio-martin-insaurralde-al-gabinete-de-axel-kicillof--352959\" target=\"_blank\" rel=\"noreferrer noopener\">la salida de Mart\u00edn Insaurralde,&nbsp;<\/a>quien renunci\u00f3 este s\u00e1bado al cargo de Jefe de Gabinete del Gobierno de la Provincia de Buenos Aires, es una muestra de la &#8220;posici\u00f3n&#8221; y &#8220;decisi\u00f3n&#8221; de la administraci\u00f3n, y adelant\u00f3 que&nbsp;<strong>enviar\u00e1 un proyecto de ley a la Legislatura provincial para disolver la Jefatura de Ministros.<\/strong><\/p>\n\n\n\n<blockquote class=\"wp-block-quote\">\n<p>&#8220;Luego de interiorizarme sobre la situaci\u00f3n&nbsp;<strong>decid\u00ed aceptar, de forma inmediata, la renuncia de Mart\u00edn Insaurralde&nbsp;<\/strong>al cargo de Jefe de Gabinete del Gobierno de la Provincia de Buenos Aires&#8221;, poste\u00f3 en la red social X (exTwitter).<\/p>\n<\/blockquote>\n\n\n\n<p>&#8220;<strong>Mi tarea es seguir liderando un gobierno al servicio del pueblo de la Provincia<\/strong>. Las explicaciones se tendr\u00e1n que dar en los \u00e1mbitos correspondientes&#8221;, sostuvo el gobernador y agreg\u00f3: &#8220;Asimismo,&nbsp;<strong>he decidido tambi\u00e9n enviar a la Legislatura Provincial un proyecto de ley donde disponemos disolver la Jefatura de Gabinete de Ministros<\/strong>, cuyas funciones sustantivas ser\u00e1n absorbidas por otros ministerios&#8221;.<\/p>\n\n\n\n<p>En ese marco, analiz\u00f3 que &#8220;<strong>no se trata de hacer &#8216;marketing de la honestidad&#8217;, en plena campa\u00f1a electoral<\/strong>. Para nosotros el gobierno es una herramienta para transformar la vida de los dem\u00e1s&#8221;, y que &#8220;no podemos distraernos ni perder tiempo. La celeridad con la que se resolvieron las cosas pone de manifiesto con claridad cu\u00e1l es mi posici\u00f3n y mi decisi\u00f3n&#8221;.<\/p>\n\n\n\n<p>Ayer, Kicillof acept\u00f3 la renuncia de Insaurralde&nbsp;despu\u00e9s de que se conociera p\u00fablicamente un cuestionado viaje que el ahora exfuncionario hizo a Marbella (Espa\u00f1a).<\/p>\n\n\n\n<p><strong>&#8220;Como no quiero que se me utilice para afectar al espacio pol\u00edtico en el proceso electoral, present\u00e9 hoy mi renuncia al cargo de jefe de Gabinete de la Provincia&#8221;<\/strong>, se\u00f1al\u00f3 Insaurralde, cuya dimisi\u00f3n fue oficializada&nbsp;a trav\u00e9s del decreto 1815 publicado en el Bolet\u00edn Oficial del distrito.<\/p>\n\n\n\n<p><img decoding=\"async\" src=\"https:\/\/www.canal26.com\/media\/image\/2023\/09\/30\/564868.jpg\" alt=\"Renuncia Mart\u00edn Insaurralde\">&nbsp;<img decoding=\"async\" src=\"https:\/\/www.canal26.com\/media\/image\/2023\/09\/30\/564870.jpg\" alt=\"Decreto de aceptaci\u00f3n de renuncia de Insaurralde\"><strong><em>Decreto de aceptaci\u00f3n de renuncia de Insaurralde.<\/em><\/strong><\/p>\n\n\n\n<p>&#8220;El gobernador de la provincia de Buenos Aires, Axel Kicillof, acept\u00f3 esta noche de manera inmediata la renuncia de Mart\u00edn Insaurralde al cargo de jefe de Gabinete de Ministros.<strong>\u00a0El cese en el cargo fue ratificado por el decreto 2023-1815 y rige a partir del d\u00eda de la fecha<\/strong>&#8220;, se\u00f1al\u00f3 el Ejecutivo provincial en un comunicado.<\/p>\n\n\n\n<p>FUENTE: cadena26<\/p>\n","protected":false},"excerpt":{"rendered":"<div class=\"mh-excerpt\"><p>El gobernador de la provincia de Buenos Aires,&nbsp;Axel Kicillof, destac\u00f3 que la &#8220;celeridad&#8221; con la que se resolvi\u00f3&nbsp;la salida de Mart\u00edn Insaurralde,&nbsp;quien renunci\u00f3 este s\u00e1bado al cargo de Jefe de Gabinete del Gobierno de la Provincia de Buenos Aires, es una muestra de la &#8220;posici\u00f3n&#8221; y &#8220;decisi\u00f3n&#8221; de la administraci\u00f3n, y adelant\u00f3 que&nbsp;enviar\u00e1 un proyecto de ley a la Legislatura provincial para disolver la Jefatura de Ministros. &#8220;Luego de interiorizarme sobre la situaci\u00f3n&nbsp;decid\u00ed aceptar, de forma inmediata, la renuncia de Mart\u00edn Insaurralde&nbsp;al cargo de Jefe de Gabinete del Gobierno de la Provincia de Buenos Aires&#8221;, poste\u00f3 en la red social <a class=\"mh-excerpt-more\" href=\"http:\/\/dsrmedios.com.ar\/diario\/archivos\/39920\" title=\"Axel Kicillof acept\u00f3 la renuncia de Mart\u00edn Insaurralde\">[Leer m\u00e1s]<\/a><\/p>\n<\/div>","protected":false},"author":8,"featured_media":33910,"comment_status":"open","ping_status":"closed","sticky":false,"template":"","format":"standard","meta":{"_jetpack_newsletter_access":""},"categories":[6],"tags":[],"jetpack_featured_media_url":"http:\/\/dsrmedios.com.ar\/diario\/wp-content\/uploads\/2023\/05\/p14-axel-kicillof-n_optjpeg.jpeg","jetpack_sharing_enabled":true,"jetpack_shortlink":"https:\/\/wp.me\/p9fihK-anS","_links":{"self":[{"href":"http:\/\/dsrmedios.com.ar\/diario\/wp-json\/wp\/v2\/posts\/39920"}],"collection":[{"href":"http:\/\/dsrmedios.com.ar\/diario\/wp-json\/wp\/v2\/posts"}],"about":[{"href":"http:\/\/dsrmedios.com.ar\/diario\/wp-json\/wp\/v2\/types\/post"}],"author":[{"embeddable":true,"href":"http:\/\/dsrmedios.com.ar\/diario\/wp-json\/wp\/v2\/users\/8"}],"replies":[{"embeddable":true,"href":"http:\/\/dsrmedios.com.ar\/diario\/wp-json\/wp\/v2\/comments?post=39920"}],"version-history":[{"count":1,"href":"http:\/\/dsrmedios.com.ar\/diario\/wp-json\/wp\/v2\/posts\/39920\/revisions"}],"predecessor-version":[{"id":39921,"href":"http:\/\/dsrmedios.com.ar\/diario\/wp-json\/wp\/v2\/posts\/39920\/revisions\/39921"}],"wp:featuredmedia":[{"embeddable":true,"href":"http:\/\/dsrmedios.com.ar\/diario\/wp-json\/wp\/v2\/media\/33910"}],"wp:attachment":[{"href":"http:\/\/dsrmedios.com.ar\/diario\/wp-json\/wp\/v2\/media?parent=39920"}],"wp:term":[{"taxonomy":"category","embeddable":true,"href":"http:\/\/dsrmedios.com.ar\/diario\/wp-json\/wp\/v2\/categories?post=39920"},{"taxonomy":"post_tag","embeddable":true,"href":"http:\/\/dsrmedios.com.ar\/diario\/wp-json\/wp\/v2\/tags?post=39920"}],"curies":[{"name":"wp","href":"https:\/\/api.w.org\/{rel}","templated":true}]}}