{"id":39903,"date":"2023-10-01T21:05:17","date_gmt":"2023-10-02T00:05:17","guid":{"rendered":"http:\/\/dsrmedios.com.ar\/diario\/?p=39903"},"modified":"2023-10-01T21:05:20","modified_gmt":"2023-10-02T00:05:20","slug":"bullrich-afronta-un-test-clave-de-la-campana-en-medio-de-una-recomposicion-inquietante-de-juntos-por-el-cambio","status":"publish","type":"post","link":"http:\/\/dsrmedios.com.ar\/diario\/archivos\/39903","title":{"rendered":"Bullrich afronta un test clave de la campa\u00f1a, en medio de una recomposici\u00f3n inquietante de Juntos por el Cambio"},"content":{"rendered":"\n<p>Ya nada ser\u00e1 igual. El pa\u00eds anterior a las PASO parece muy distinto al actual, con un&nbsp;<strong>Javier Milei&nbsp;<\/strong>empoderado mientras&nbsp;<strong>Patricia Bullrich<\/strong>&nbsp;y<strong>&nbsp;Sergio Massa<\/strong>&nbsp;hacen n\u00fameros y malabares de campa\u00f1a para recuperar los votos que perdieron en el camino hacia esta nueva Argentina que nadie puede decodificar. Ni qu\u00e9 hablar del escenario que puede darse&nbsp;<strong>despu\u00e9s<\/strong>&nbsp;de las elecciones generales.&nbsp;<strong>\u00bfHay margen para sorpresas?<\/strong>&nbsp;Algunos encuestadores no lo descartan, aunque se sabe que los sondeos les han permitido vivir de su oficio pese a que hoy su margen de error es&nbsp;<strong>\u201c+\/- una eternidad\u201d.<\/strong><\/p>\n\n\n\n<p>Bullrich se esfuerza por mantener&nbsp;<strong>lo m\u00e1s unido posible&nbsp;<\/strong>a Juntos por el Cambio, aunque hay dirigentes de su propio espacio que<strong>&nbsp;se la est\u00e1n haciendo dif\u00edcil.<\/strong>&nbsp;\u00bfTen\u00edan necesidad los radicales&nbsp;<strong>Gerardo Morales&nbsp;<\/strong>y&nbsp;<strong>Gustavo Vald\u00e9s<\/strong>&nbsp;de sacarse una foto con&nbsp;<strong>Massa&nbsp;<\/strong>en medio de la campa\u00f1a? \u00bfNo podr\u00eda haberse quedado en el pa\u00eds la senadora de JxC&nbsp;<strong>Lucila Crexell&nbsp;<\/strong>para evitar que el kirchnerismo aprobara en la C\u00e1mara Alta el pliego de la ex jueza Ana Mar\u00eda Figueroa? Las preguntas est\u00e1n hechas de la&nbsp;<strong>misma sustancia<\/strong>&nbsp;que el interrogante de por qu\u00e9&nbsp;<strong>Mauricio Macri&nbsp;<\/strong>tard\u00f3 tanto para desmentir que pensara aceptar<strong>&nbsp;la oferta de Milei&nbsp;<\/strong>de ser su \u201crepresentante ante el mundo\u201d en un eventual gobierno libertario.<\/p>\n\n\n\n<p>Si la candidata de JxC termina ganando las elecciones, las tensiones podr\u00edan&nbsp;<strong>disimularse&nbsp;<\/strong>porque, como se sabe,&nbsp;<strong>el poder siempre ordena<\/strong>&nbsp;(o casi siempre si se piensa en el gobierno de Fernando de la R\u00faa). Pero un rev\u00e9s de Bullrich en las urnas marcar\u00eda&nbsp;<strong>el final<\/strong>&nbsp;de la coalici\u00f3n opositora tal como la conocemos. \u00bfHabr\u00e1 una nueva alianza dura, socia de los libertarios, y otra de sesgo moderado, m\u00e1s en sinton\u00eda con el massismo? Nadie mira el tablero pol\u00edtico con<strong>&nbsp;tanta anticipaci\u00f3n.&nbsp;<\/strong>Puede ser un error.<\/p>\n\n\n\n<p><img decoding=\"async\" loading=\"lazy\" alt=\"La Mesa Nacional de Juntos por el Cambio, ante una etapa de reacomodamientos y riesgos de fractura\" height=\"1080\" width=\"1920\" src=\"https:\/\/www.infobae.com\/new-resizer\/jXunT6xR1PkOUSNVWPYutJzdf6M=\/arc-anglerfish-arc2-prod-infobae\/public\/W6TN73DVJZDVHH7A5NSMCXHGFE.JPG\" srcset=\"https:\/\/www.infobae.com\/new-resizer\/m9rN-UhJwnzyHLxcYuDfjwsWnSQ=\/420x236\/filters:format(webp):quality(85)\/cloudfront-us-east-1.images.arcpublishing.com\/infobae\/W6TN73DVJZDVHH7A5NSMCXHGFE.JPG 420w,https:\/\/www.infobae.com\/new-resizer\/bpNtyEg7gzAUzt0E4BgQ8x4ZtdM=\/768x432\/filters:format(webp):quality(85)\/cloudfront-us-east-1.images.arcpublishing.com\/infobae\/W6TN73DVJZDVHH7A5NSMCXHGFE.JPG 768w,https:\/\/www.infobae.com\/new-resizer\/voGLaJiQFkzc69PbTa1VtMdxvp4=\/992x558\/filters:format(webp):quality(85)\/cloudfront-us-east-1.images.arcpublishing.com\/infobae\/W6TN73DVJZDVHH7A5NSMCXHGFE.JPG 992w,https:\/\/www.infobae.com\/new-resizer\/k09CJJVD_RCAPm0lj_LtkFJJTfg=\/1200x675\/filters:format(webp):quality(85)\/cloudfront-us-east-1.images.arcpublishing.com\/infobae\/W6TN73DVJZDVHH7A5NSMCXHGFE.JPG 1200w,https:\/\/www.infobae.com\/new-resizer\/2WlymwbDYdISpIqmeyW-Mn3bhY0=\/1440x810\/filters:format(webp):quality(85)\/cloudfront-us-east-1.images.arcpublishing.com\/infobae\/W6TN73DVJZDVHH7A5NSMCXHGFE.JPG 1440w\">La Mesa Nacional de Juntos por el Cambio, ante una etapa de reacomodamientos y riesgos de fractura<\/p>\n\n\n\n<p>Por lo pronto, en 2024 deber\u00e1n elegirse las\u00a0<strong>nuevas autoridades del PRO nacional,\u00a0<\/strong>hoy conducido por el diputado nacional santafesino\u00a0<strong>Federico Angelini,\u00a0<\/strong>un macrista-bullrichista de pura cepa, en reemplazo de la ex ministra de Seguridad, que pidi\u00f3 una licencia en el cargo para dedicarse de lleno a la campa\u00f1a. Nadie duda de que la decisi\u00f3n de qui\u00e9n presidir\u00e1 el partido quedar\u00e1 en manos de Bullrich si se convierte en presidenta de la Naci\u00f3n. Si no, se prev\u00e9 que la\u00a0<strong>acci\u00f3n de oro<\/strong>\u00a0ser\u00e1 de Macri. Antes, en diciembre, se elegir\u00e1 al\u00a0<strong>nuevo titular del Comit\u00e9 Nacional de la UCR,<\/strong>\u00a0hoy piloteado por Morales. Tambi\u00e9n en este caso la renovaci\u00f3n o no del partido depender\u00e1 de la suerte electoral de JxC. Para\u00a0<strong>Alfredo Cornejo,<\/strong>\u00a0flamante gobernador electo de Mendoza, \u201cno importa tanto el nombre de qui\u00e9n presidir\u00e1 el partido porque el radicalismo\u00a0<strong>primero debe definir su rol en el nuevo mapa pol\u00edtico\u201d.<\/strong><\/p>\n\n\n\n<p>Pase lo que pase, hay algo seguro: el poder de Juntos por el Cambio estar\u00e1 estrechamente asociado a una&nbsp;<strong>liga de gobernadores de la coalici\u00f3n,<\/strong>&nbsp;que desde el 10 de diciembre manejar\u00e1 provincias como&nbsp;<strong>Santa Fe, Chaco, San Luis, Jujuy, Chubut, Corrientes&nbsp;<\/strong>y<strong>&nbsp;Mendoza.<\/strong>&nbsp;Todo indica que se sumar\u00e1n<strong>&nbsp;Entre R\u00edos<\/strong>&nbsp;si se confirma el triunfo de&nbsp;<strong>Rogelio Frigerio<\/strong>&nbsp;y la&nbsp;<strong>ciudad de Buenos Aires<\/strong>&nbsp;en caso de que<strong>&nbsp;Jorge Macri<\/strong>&nbsp;ratifique su victoria de las PASO. La gran duda es qu\u00e9 pasar\u00e1 con la provincia de Buenos Aires: la suerte de N\u00e9stor Grindetti es decisiva para el futuro de JxC, gane o pierda a nivel nacional. Lo ayudar\u00e1n las fotos de&nbsp;<strong>Mart\u00edn Insaurralde<\/strong>, jefe de gabinete del gobernador&nbsp;<strong>Axel Kicillof,<\/strong>&nbsp;en un<a rel=\"noreferrer noopener\" href=\"https:\/\/www.infobae.com\/politica\/2023\/09\/30\/a-dos-meses-de-su-separacion-de-jessica-cirio-martin-insaurralde-se-mostro-con-una-modelo-a-bordo-de-un-yate\/\" target=\"_blank\">&nbsp;lujoso yate por el Mediterr\u00e1neo<\/a>, acompa\u00f1ado por una modelo, champagne y bolsas de compras en Louis Vuitton.<\/p>\n\n\n\n<p>Sin embargo, la recomposici\u00f3n opositora podr\u00eda&nbsp;<strong>anticiparse&nbsp;<\/strong>si hay un&nbsp;<strong>balotaje entre Milei y Massa.<\/strong>&nbsp;Se descuenta que&nbsp;<strong>Macri llamar\u00e1 a votar por el libertario.&nbsp;<\/strong>Ya anticip\u00f3 que har\u00e1 lo mismo&nbsp;<strong>Maximiliano Pullaro,&nbsp;<\/strong>el radical de Evoluci\u00f3n que gobernar\u00e1 Santa Fe. Una postura opuesta tendr\u00eda el ala dialoguista:<strong>&nbsp;Horacio Rodr\u00edguez Larreta, Gerardo Morales&nbsp;<\/strong>y<strong>&nbsp;Mart\u00edn Lousteau<\/strong>&nbsp;no quieren saber nada con Milei. El dilema ser\u00e1 para la Coalici\u00f3n C\u00edvica porque&nbsp;<strong>Elisa Carri\u00f3&nbsp;<\/strong>detesta tanto al candidato de La Libertad Avanza como al de Uni\u00f3n por la Patria. As\u00ed, JxC quedar\u00eda&nbsp;<strong>a segundos de la ruptura.<\/strong><\/p>\n\n\n\n<p><img decoding=\"async\" loading=\"lazy\" alt=\"Horacio Rodr\u00edguez Larreta y Patricia Bullrich, juntos en un acto en Lomas de Zamora al lado de N\u00e9stor Grindetti, Cristian Ritondo y Diego Santilli, entre otros\" height=\"854\" width=\"1280\" src=\"https:\/\/www.infobae.com\/new-resizer\/XbRKhYwEQatzvXICM27qHd9csq0=\/arc-anglerfish-arc2-prod-infobae\/public\/5FAILBQCSZHM5BENMZZNZ7PUHA.jpeg\" srcset=\"https:\/\/www.infobae.com\/new-resizer\/G2QNIjg0xU80zfLfjTrm-AbU8jQ=\/420x280\/filters:format(webp):quality(85)\/cloudfront-us-east-1.images.arcpublishing.com\/infobae\/5FAILBQCSZHM5BENMZZNZ7PUHA.jpeg 420w,https:\/\/www.infobae.com\/new-resizer\/dmPRs-U3AhBt_I454hBUiSV9zY0=\/768x512\/filters:format(webp):quality(85)\/cloudfront-us-east-1.images.arcpublishing.com\/infobae\/5FAILBQCSZHM5BENMZZNZ7PUHA.jpeg 768w,https:\/\/www.infobae.com\/new-resizer\/e_TTl-1sQVAkpbI-xdoasoMdLwY=\/992x661\/filters:format(webp):quality(85)\/cloudfront-us-east-1.images.arcpublishing.com\/infobae\/5FAILBQCSZHM5BENMZZNZ7PUHA.jpeg 992w,https:\/\/www.infobae.com\/new-resizer\/dulUAOZaAr06JguH78C7N5RkX-g=\/1200x800\/filters:format(webp):quality(85)\/cloudfront-us-east-1.images.arcpublishing.com\/infobae\/5FAILBQCSZHM5BENMZZNZ7PUHA.jpeg 1200w,https:\/\/www.infobae.com\/new-resizer\/_k8P2vYhI1SLKFRKinkO9d128w4=\/1440x960\/filters:format(webp):quality(85)\/cloudfront-us-east-1.images.arcpublishing.com\/infobae\/5FAILBQCSZHM5BENMZZNZ7PUHA.jpeg 1440w\">Horacio Rodr\u00edguez Larreta y Patricia Bullrich, juntos en un acto en Lomas de Zamora al lado de N\u00e9stor Grindetti, Cristian Ritondo y Diego Santilli, entre otros<\/p>\n\n\n\n<p>Otro interrogante cuya definici\u00f3n est\u00e1 condicionada al resultado de las elecciones es el&nbsp;<strong>futuro gabinete porte\u00f1o<\/strong>&nbsp;si gana Jorge Macri. No ser\u00e1 lo mismo en sinton\u00eda con un triunfo de Bullrich que con una derrota. Aqu\u00ed, el&nbsp;<strong>aroma a fractura<\/strong>&nbsp;con la UCR de Lousteau es m\u00e1s perceptible. Hoy, suenan muchos nombres a\u00fan sin confirmar, pero ser\u00e1 indisimulable&nbsp;<strong>la influencia de Mauricio Macri<\/strong>&nbsp;en la grilla de nuevos funcionarios porte\u00f1os.&nbsp;<strong>Fernando de Andreis,<\/strong>&nbsp;mano derecha del ex presidente y jefe de campa\u00f1a de Jorge Macri, tiene el puesto asegurado. Lo mismo&nbsp;<strong>Ezequiel Sabor,<\/strong>&nbsp;ex secretario de Trabajo del gobierno de Cambiemos que hoy opera para el primo del ex mandatario. Incluso se habla de&nbsp;<strong>Dar\u00edo Nieto,&nbsp;<\/strong>legislador porte\u00f1o y ex secretario privado de Mauricio Macri, como vicepresidente 1\u00b0 de la Legislatura de la ciudad. El larretismo tendr\u00e1 una presencia quiz\u00e1&nbsp;<strong>solitaria&nbsp;<\/strong>de&nbsp;<strong>Clara Muzzio<\/strong>&nbsp;como vicejefa de Gobierno, mientras el alcalde porte\u00f1o proyecta tener una&nbsp;<strong>fundaci\u00f3n&nbsp;<\/strong>para seguir trabajando en pol\u00edtica y, de paso, darles&nbsp;<strong>refugio<\/strong>&nbsp;a varios de sus actuales colaboradores de confianza.<\/p>\n\n\n\n<p>En medio de tantas definiciones que depender\u00e1n de qu\u00e9 suceda el 22 de octubre, Bullrich\u00a0<strong>rearm\u00f3 la estrategia<\/strong>\u00a0para recuperar terreno y meterse en el balotaje, donde, seg\u00fan esas encuestas en las que nadie conf\u00eda, pero que sirven de par\u00e1metro, podr\u00eda ser<strong>\u00a0la \u00fanica\u00a0<\/strong>en vencer al ascendente Milei.<\/p>\n\n\n\n<p>Todas las miradas est\u00e1n puestas en el&nbsp;<strong>primer debate presidencial,<\/strong>&nbsp;que tendr\u00e1 lugar este domingo en Santiago del Estero. Bullrich se prepar\u00f3 cuidadosamente en<strong>&nbsp;largos simulacros<\/strong>&nbsp;en un estudio de TV, con sparrings como Juan Pablo Arenaza, su jefe de campa\u00f1a, quien hizo el papel de Massa; Jos\u00e9 Luis Espert como Milei, Luis Petri como Juan Schiaretti y Laura Alonso como Myriam Bregman. Todos trataron de incomodarla con preguntas envenenadas para que practicara las respuestas. Quienes la vieron quedaron muy conformes. El objetivo, sobre todo, es&nbsp;<strong>no cometer errores.&nbsp;<\/strong>Bullrich no se propondr\u00e1 conquistar al votante de Milei sino al&nbsp;<strong>electorado de JxC que no vot\u00f3 o eligi\u00f3 otra opci\u00f3n.<\/strong><\/p>\n\n\n\n<p><img decoding=\"async\" loading=\"lazy\" alt=\"Mauricio Macri y Patricia Bullrich, en la presentaci\u00f3n del nuevo libro de la candidata de JxC\" height=\"695\" width=\"1236\" src=\"https:\/\/www.infobae.com\/new-resizer\/a8X0J0NcT1KRxwtIbkxk1amKwK0=\/arc-anglerfish-arc2-prod-infobae\/public\/4FNJYT6K5VG5FNZPGE3UCOQ2OA.jpg\" srcset=\"https:\/\/www.infobae.com\/new-resizer\/P31oOxTL8EI9DoYgFyTuV5xGo9U=\/420x236\/filters:format(webp):quality(85)\/cloudfront-us-east-1.images.arcpublishing.com\/infobae\/4FNJYT6K5VG5FNZPGE3UCOQ2OA.jpg 420w,https:\/\/www.infobae.com\/new-resizer\/h-zZ6vQn3EJGbxMgPM2wJKnC2w0=\/768x432\/filters:format(webp):quality(85)\/cloudfront-us-east-1.images.arcpublishing.com\/infobae\/4FNJYT6K5VG5FNZPGE3UCOQ2OA.jpg 768w,https:\/\/www.infobae.com\/new-resizer\/yDkYv9FmkjHE1_ssCyURbB59btc=\/992x558\/filters:format(webp):quality(85)\/cloudfront-us-east-1.images.arcpublishing.com\/infobae\/4FNJYT6K5VG5FNZPGE3UCOQ2OA.jpg 992w,https:\/\/www.infobae.com\/new-resizer\/q8O-IHRDvaV0eXd6AeRT3C_I2lg=\/1200x675\/filters:format(webp):quality(85)\/cloudfront-us-east-1.images.arcpublishing.com\/infobae\/4FNJYT6K5VG5FNZPGE3UCOQ2OA.jpg 1200w,https:\/\/www.infobae.com\/new-resizer\/-4B1WKDMMAZ86Z0OV4VD6qYSMUY=\/1440x810\/filters:format(webp):quality(85)\/cloudfront-us-east-1.images.arcpublishing.com\/infobae\/4FNJYT6K5VG5FNZPGE3UCOQ2OA.jpg 1440w\">Mauricio Macri y Patricia Bullrich, en la presentaci\u00f3n del nuevo libro de la candidata de JxC<\/p>\n\n\n\n<p>Decidida a cerrar heridas por la interna, la candidata de JxC&nbsp;<strong>ya sum\u00f3 a la campa\u00f1a a Larreta<\/strong>&nbsp;(44 d\u00edas despu\u00e9s de las PASO), que est\u00e1 tan consustanciado con la necesidad de un triunfo opositor que este s\u00e1bado sali\u00f3 a&nbsp;<strong>recorrer solo&nbsp;<\/strong>la ciudad para pedir el voto a Bullrich. Esta semana,&nbsp;<strong>Mar\u00eda Eugenia Vidal<\/strong>&nbsp;debutar\u00e1 al lado de la ex ministra de Seguridad en una recorrida por Mar del Plata.<\/p>\n\n\n\n<p>Pero la gran escenificaci\u00f3n pol\u00edtica de las pr\u00f3ximas horas se dar\u00e1 este lunes, a partir de las 12, en un extenso encuentro del&nbsp;<strong>Consejo Nacional del PRO,<\/strong>&nbsp;organizado por Angelini en el en el Belgrano Athletic Club como una&nbsp;<strong>demostraci\u00f3n de fuerza&nbsp;<\/strong>del partido y, a la vez, como&nbsp;<strong>un intento de clausurar las disputas internas<\/strong>&nbsp;(al menos hasta el 22 de octubre). Lo cerrar\u00e1 Bullrich a las 16, pero antes hablar\u00e1n Mauricio Macri (mediante una&nbsp;<strong>videollamada&nbsp;<\/strong>porque est\u00e1 en el exterior), Rodr\u00edguez Larreta y Vidal. Estar\u00e1n&nbsp;<strong>los referentes del PRO de todo el pa\u00eds,<\/strong>&nbsp;gobernadores electos, intendentes, legisladores y habr\u00e1 un panel de figuras femeninas en ascenso como Clara Muzzio, Gisela Scaglia y Hebe Casado.<\/p>\n\n\n\n<p><img decoding=\"async\" loading=\"lazy\" alt=\"Mar\u00eda Eugenia Vidal se qued\u00f3 en la segunda fila, al lado de Julio Garro y Diuego Valenzuela, durante la presentaci\u00f3n del libro de Patricia Bullrich; ahora, se sumar\u00e1 a su campa\u00f1a \" height=\"1623\" width=\"1920\" src=\"https:\/\/www.infobae.com\/new-resizer\/g_cMMtIEHvCLVPX8kvmowSzj9TE=\/arc-anglerfish-arc2-prod-infobae\/public\/MNRW57ZISNBF7KJQXS46DFOMOE.jpeg\" srcset=\"https:\/\/www.infobae.com\/new-resizer\/ZoW8SBUyo0FmKK6jfBFDhGOFaio=\/992x850\/filters:format(webp):quality(85)\/cloudfront-us-east-1.images.arcpublishing.com\/infobae\/MNRW57ZISNBF7KJQXS46DFOMOE.jpeg 992w\">Mar\u00eda Eugenia Vidal se qued\u00f3 en la segunda fila, al lado de Julio Garro y Diuego Valenzuela, durante la presentaci\u00f3n del libro de Patricia Bullrich; ahora, se sumar\u00e1 a su campa\u00f1a<\/p>\n\n\n\n<p>Macri volver\u00e1 al pa\u00eds el 8 de octubre y ya se planea un&nbsp;<strong>encuentro a solas<\/strong>&nbsp;con Bullrich. Superaron las tensiones por los coqueteos del ex presidente con Milei y la postulante de JxC qued\u00f3&nbsp;<strong>conforme&nbsp;<\/strong>con sus definiciones en favor de ella y su viaje a C\u00f3rdoba para hacer campa\u00f1a, pero a\u00fan quedan algunos&nbsp;<strong>nubarrones&nbsp;<\/strong>en la relaci\u00f3n. El fundador del PRO se siente&nbsp;<strong>excluido&nbsp;<\/strong>de la tarea proselitista y se baj\u00f3 de una recorrida con Bullrich por el distrito cordob\u00e9s luego de no haber conseguido la agenda de actividades 48 horas antes.&nbsp;<strong>\u201cAs\u00ed no trabajo\u201d,&nbsp;<\/strong>fue el mensaje que hizo llegar a la candidata y viaj\u00f3 solo.<\/p>\n\n\n\n<p>Bullrich, por su parte, ventil\u00f3 en una entrevista con&nbsp;<em>CNN&nbsp;<\/em>que le&nbsp;<strong>reproch\u00f3&nbsp;<\/strong>a Macri que haya criticado a los diputados radicales que participaron de la sesi\u00f3n de la C\u00e1mara Baja por la eliminaci\u00f3n del Impuesto a las Ganancias.&nbsp;<strong>\u201cEl populismo es muy contagioso\u201d<\/strong>, afirm\u00f3 el ex mandatario, en una nueva escalada de fricciones con la UCR que incluy\u00f3&nbsp;<strong>r\u00e9plicas<\/strong>&nbsp;de Morales y de Lousteau. La candidata de JxC, aun mentalizada en no abrir nuevas fisuras internas, admiti\u00f3: \u201cLe dije (a Macri) que<strong>&nbsp;no es hora de salir a generar problemas ni cr\u00edticas\u201d.&nbsp;<\/strong>Y agreg\u00f3: \u201cLo de Milei hab\u00eda quedado bastante claro con las declaraciones que hizo en TV y en los actos a los que fue. Habl\u00e9 con \u00e9l sobre este tema.&nbsp;<strong>No es momento para discutir estos temas.&nbsp;<\/strong>Le dije que era el momento para hablarles a los argentinos\u201d.<\/p>\n\n\n\n<p>Por lo visto, no s\u00f3lo el populismo es contagioso. Tambi\u00e9n la tendencia a las\u00a0<strong>tensiones permanentes.<\/strong><\/p>\n\n\n\n<p>FUENTE: INFOBAE<\/p>\n","protected":false},"excerpt":{"rendered":"<div class=\"mh-excerpt\"><p>Ya nada ser\u00e1 igual. El pa\u00eds anterior a las PASO parece muy distinto al actual, con un&nbsp;Javier Milei&nbsp;empoderado mientras&nbsp;Patricia Bullrich&nbsp;y&nbsp;Sergio Massa&nbsp;hacen n\u00fameros y malabares de campa\u00f1a para recuperar los votos que perdieron en el camino hacia esta nueva Argentina que nadie puede decodificar. Ni qu\u00e9 hablar del escenario que puede darse&nbsp;despu\u00e9s&nbsp;de las elecciones generales.&nbsp;\u00bfHay margen para sorpresas?&nbsp;Algunos encuestadores no lo descartan, aunque se sabe que los sondeos les han permitido vivir de su oficio pese a que hoy su margen de error es&nbsp;\u201c+\/- una eternidad\u201d. Bullrich se esfuerza por mantener&nbsp;lo m\u00e1s unido posible&nbsp;a Juntos por el Cambio, aunque hay dirigentes <a class=\"mh-excerpt-more\" href=\"http:\/\/dsrmedios.com.ar\/diario\/archivos\/39903\" title=\"Bullrich afronta un test clave de la campa\u00f1a, en medio de una recomposici\u00f3n inquietante de Juntos por el Cambio\">[Leer m\u00e1s]<\/a><\/p>\n<\/div>","protected":false},"author":8,"featured_media":30930,"comment_status":"open","ping_status":"closed","sticky":false,"template":"","format":"standard","meta":{"_jetpack_newsletter_access":""},"categories":[6],"tags":[],"jetpack_featured_media_url":"http:\/\/dsrmedios.com.ar\/diario\/wp-content\/uploads\/2023\/04\/patriciabulrich.png","jetpack_sharing_enabled":true,"jetpack_shortlink":"https:\/\/wp.me\/p9fihK-anB","_links":{"self":[{"href":"http:\/\/dsrmedios.com.ar\/diario\/wp-json\/wp\/v2\/posts\/39903"}],"collection":[{"href":"http:\/\/dsrmedios.com.ar\/diario\/wp-json\/wp\/v2\/posts"}],"about":[{"href":"http:\/\/dsrmedios.com.ar\/diario\/wp-json\/wp\/v2\/types\/post"}],"author":[{"embeddable":true,"href":"http:\/\/dsrmedios.com.ar\/diario\/wp-json\/wp\/v2\/users\/8"}],"replies":[{"embeddable":true,"href":"http:\/\/dsrmedios.com.ar\/diario\/wp-json\/wp\/v2\/comments?post=39903"}],"version-history":[{"count":1,"href":"http:\/\/dsrmedios.com.ar\/diario\/wp-json\/wp\/v2\/posts\/39903\/revisions"}],"predecessor-version":[{"id":39904,"href":"http:\/\/dsrmedios.com.ar\/diario\/wp-json\/wp\/v2\/posts\/39903\/revisions\/39904"}],"wp:featuredmedia":[{"embeddable":true,"href":"http:\/\/dsrmedios.com.ar\/diario\/wp-json\/wp\/v2\/media\/30930"}],"wp:attachment":[{"href":"http:\/\/dsrmedios.com.ar\/diario\/wp-json\/wp\/v2\/media?parent=39903"}],"wp:term":[{"taxonomy":"category","embeddable":true,"href":"http:\/\/dsrmedios.com.ar\/diario\/wp-json\/wp\/v2\/categories?post=39903"},{"taxonomy":"post_tag","embeddable":true,"href":"http:\/\/dsrmedios.com.ar\/diario\/wp-json\/wp\/v2\/tags?post=39903"}],"curies":[{"name":"wp","href":"https:\/\/api.w.org\/{rel}","templated":true}]}}