{"id":39896,"date":"2023-10-01T14:47:04","date_gmt":"2023-10-01T17:47:04","guid":{"rendered":"http:\/\/dsrmedios.com.ar\/diario\/?p=39896"},"modified":"2023-10-01T14:47:06","modified_gmt":"2023-10-01T17:47:06","slug":"oficialismo-y-oposicion-en-la-recta-final-atravesados-por-la-bronca-y-el-miedo-del-electorado-y-los-affaires-bonaerenses","status":"publish","type":"post","link":"http:\/\/dsrmedios.com.ar\/diario\/archivos\/39896","title":{"rendered":"Oficialismo y oposici\u00f3n en la recta final, atravesados por la bronca y el miedo del electorado, y los affaires bonaerenses"},"content":{"rendered":"\n<p>Era el caso \u201cChocolate\u201d que se hab\u00eda colado inc\u00f3modo en el tramo final de la campa\u00f1a hasta que la modelo Sof\u00eda Cl\u00e9rici subi\u00f3 este s\u00e1bado a su cuenta de Instagram im\u00e1genes del yate con el que naveg\u00f3 por Marbella junto a\u00a0<strong>Mart\u00edn Insaurralde<\/strong>, un esc\u00e1ndalo que en menos de 24 horas deriv\u00f3 en la renuncia del ahora ex jefe de Gabinete provincial, seg\u00fan ventil\u00f3, \u201cpara no afectar al espacio pol\u00edtico -el kirchnerismo- en el proceso electoral\u201d.<\/p>\n\n\n\n<p><a rel=\"noreferrer noopener\" href=\"https:\/\/www.infobae.com\/politica\/2023\/09\/30\/a-dos-meses-de-su-separacion-de-jessica-cirio-martin-insaurralde-se-mostro-con-una-modelo-a-bordo-de-un-yate\/\" target=\"_blank\">Una exhibici\u00f3n obscena, otra m\u00e1s, que cosech\u00f3 fuertes cr\u00edticas opositoras y un creciente malestar en el kirchnerismo con el ex intendente de Lomas de Zamora&nbsp;<\/a>que tanto poder acumul\u00f3 en esta d\u00e9cada pero que en los \u00faltimos meses tropez\u00f3 con una serie de desaciertos que tuvieron en Marbella su m\u00e1xima expresi\u00f3n.<\/p>\n\n\n\n<p>El viaje por el Mediterr\u00e1neo tiene varias semanas: Insaurralde estuvo este mi\u00e9rcoles en el acto de Ensenada sentado entre las primeras filas, al lado del jefe de La C\u00e1mpora. Esa sociedad pol\u00edtica, que le permiti\u00f3 a M\u00e1ximo Kirchner alzarse con la presidencia del PJ bonaerense, termin\u00f3 de afianzarse con la intervenci\u00f3n del gabinete del gobernador&nbsp;<strong>Axel Kicillof&nbsp;<\/strong>tras la derrota de las PASO del 2021, que cont\u00f3 con el aval del diputado y, en particular, de<strong>&nbsp;Cristina Kirchner<\/strong>.<\/p>\n\n\n\n<p>Kicillof soport\u00f3 con estoicismo ese embate que deton\u00f3 para siempre la relaci\u00f3n con el jefe de La C\u00e1mpora. Esa interna volvi\u00f3 a recrudecer en estas horas, en un tramo crucial de la campa\u00f1a.<\/p>\n\n\n\n<p>Ahora fue un yate de lujo en Marbella, en las semanas previas hab\u00eda sido el caso&nbsp;<strong>\u201cChocolate\u201d<\/strong>, un merecido homenaje al puntero del PJ&nbsp;<strong>Julio Rigau<\/strong>, pero podr\u00eda haber sido&nbsp;<strong>\u201cLa cajita feliz\u201d<\/strong>, como se populariz\u00f3 a fines de los \u201890, en los albores de la Alianza, cuando la presidencia de la C\u00e1mara de Diputados bonaerense estaba en manos del Frente Grande, en cabeza de&nbsp;<strong>Alejandro Mosquera<\/strong>, un hist\u00f3rico dirigente del PC.<\/p>\n\n\n\n<p>Era un secreto a voces que desde la Legislatura bonaerense se financi\u00f3 en las \u00faltimas d\u00e9cadas al c\u00edrculo rojo provincial -el mismo esquema que rein\u00f3 durante el gobierno de Cambiemos y en las administraciones peronistas de todos estos a\u00f1os- hasta que sorprendieron a \u201cChocolate\u201d en un cajero autom\u00e1tico del centro de La Plata con m\u00e1s de 40 tarjetas de d\u00e9bito y miles de pesos, y el oficialismo y la oposici\u00f3n quedaron otra vez en shock, un mes y medio despu\u00e9s del batacazo electoral de\u00a0<strong>Javier Milei\u00a0<\/strong>que conmocion\u00f3 a la pol\u00edtica. Como en v\u00edsperas del \u201cque se vayan todos\u201d, a principios de siglo, pero veinte a\u00f1os despu\u00e9s.<\/p>\n\n\n\n<p>Entre la bronca y el miedo, dos emociones que caracterizan el humor de la sociedad y que los equipos de campa\u00f1a de&nbsp;<strong>Sergio Massa&nbsp;<\/strong>y de<strong>&nbsp;Patricia Bullrich<\/strong>&nbsp;tratan de decodificar en estas \u00faltimas semanas para colarse en el balotaje con el candidato libertario, la escandalosa trama en torno a \u201cChocolate\u201d sacudi\u00f3 las estructuras del oficialismo y de la oposici\u00f3n en la previa del primer debate presidencial en un rubro inc\u00f3modo, en medio de un brutal cambio de \u00e9poca y de un fenomenal hartazgo social con la clase pol\u00edtica:&nbsp;<strong>el financiamiento opaco del sistema pol\u00edtico.<\/strong><\/p>\n\n\n\n<p>Fingieron demencia, y pas\u00f3 m\u00e1s de una semana para que Juntos por el Cambio reaccionara d\u00e1ndole impulso a un proyecto de ley que todav\u00eda era materia de an\u00e1lisis por estas horas entre constitucionalistas, asesores y dirigentes destinado a reformar 50 art\u00edculos de la Constituci\u00f3n provincial -del 68 al 118, aseguran- para disminuir en un 43% la conformaci\u00f3n de la Legislatura que, seg\u00fan trascendi\u00f3, contemplar\u00eda una integraci\u00f3n unicameral de solo 80 legisladores, 58 menos que los actuales, entre senadores y diputados.<\/p>\n\n\n\n<p><strong>\u201cLo peor que podemos hacer es no hacer nada\u201d<\/strong>, le escribi\u00f3 por WhatsApp un diputado opositor a un colega a mitad de semana, todav\u00eda shockeado por la imprudencia de Rigau y alarmado por la pasividad de los jefes bonaerenses de JxC, que reaccionaron tarde pero que ahora prometen avanzar con una explosiva reforma constitucional que cambia el paradigma de la pol\u00edtica provincial pero que tiene destino de archivo si no encuentra, como se prev\u00e9, consenso en el peronismo. De ser as\u00ed, ser\u00e1 solo una declamaci\u00f3n para la tribuna.<\/p>\n\n\n\n<p><img decoding=\"async\" loading=\"lazy\" alt=\"Julio Rigau, el puntero del PJ acusado de robar tarjetas de d\u00e9bito en la Legislatura bonaerense\" height=\"996\" width=\"1920\" src=\"https:\/\/www.infobae.com\/new-resizer\/LsDOILfAaQenfQr8pvuNF90fUYw=\/arc-anglerfish-arc2-prod-infobae\/public\/PQKPCYMOHBH3DNVBTBZUOGFSSM.jpg\" srcset=\"https:\/\/www.infobae.com\/new-resizer\/ybk5KqNxyhFggXJ2V0gzziZr3xI=\/420x236\/filters:format(webp):quality(85)\/cloudfront-us-east-1.images.arcpublishing.com\/infobae\/PQKPCYMOHBH3DNVBTBZUOGFSSM.jpg 420w,https:\/\/www.infobae.com\/new-resizer\/DydqzUbMfI33EtRRHj5iZt3mBUI=\/768x432\/filters:format(webp):quality(85)\/cloudfront-us-east-1.images.arcpublishing.com\/infobae\/PQKPCYMOHBH3DNVBTBZUOGFSSM.jpg 768w,https:\/\/www.infobae.com\/new-resizer\/38KPFBtk76KGJYrYPDgNaAMGgd4=\/992x558\/filters:format(webp):quality(85)\/cloudfront-us-east-1.images.arcpublishing.com\/infobae\/PQKPCYMOHBH3DNVBTBZUOGFSSM.jpg 992w,https:\/\/www.infobae.com\/new-resizer\/PXUzyOyHGiNeGVp154b6vOTTdlI=\/1200x675\/filters:format(webp):quality(85)\/cloudfront-us-east-1.images.arcpublishing.com\/infobae\/PQKPCYMOHBH3DNVBTBZUOGFSSM.jpg 1200w,https:\/\/www.infobae.com\/new-resizer\/cEkWE9DSLy1ibZicvvsYFU1y0fI=\/1440x810\/filters:format(webp):quality(85)\/cloudfront-us-east-1.images.arcpublishing.com\/infobae\/PQKPCYMOHBH3DNVBTBZUOGFSSM.jpg 1440w\">Julio Rigau, el puntero del PJ acusado de robar tarjetas de d\u00e9bito en la Legislatura bonaerense<\/p>\n\n\n\n<p>Fuentes inobjetables de la coalici\u00f3n opositora explicaron a este medio que la decisi\u00f3n de ventilar la presentaci\u00f3n de reforma constitucional estuvo motivada no solo por la necesidad de \u201csalir por arriba\u201d de un esc\u00e1ndalo que atraviesa a todos los partidos, si no por la revitalizaci\u00f3n de la interna del PJ provincial que en JxC entienden que se libra detr\u00e1s del caso \u201cChocolate\u201d despu\u00e9s de la p\u00e9sima decisi\u00f3n del puntero de vaciar un cajero autom\u00e1tico en pleno centro platense. Como suele ocurrir, hasta las tramas m\u00e1s escandalosas se originan por descuidos de los m\u00e1s b\u00e1sicos: reci\u00e9n ah\u00ed empiezan a jugar las operaciones.<\/p>\n\n\n\n<p>La disputa entre<strong>&nbsp;Kicillof<\/strong>&nbsp;y los intendentes del Gran Buenos Aires referenciados en&nbsp;<strong>Insaurralde&nbsp;<\/strong>segu\u00eda este fin de semana al rojo vivo, igual que la interna entre el gobernador y La C\u00e1mpora. Ninguno se pronunci\u00f3 hasta ahora sobre el esc\u00e1ndalo de la Legislatura.&nbsp;<strong>Federico Otermin<\/strong>, el presidente de la C\u00e1mara baja provincial, qued\u00f3 en el ojo de la tormenta. En sectores del PJ empiezan a preguntarse adem\u00e1s por el rol de&nbsp;<strong>Cesar Valicenti<\/strong>, diputado provincial de la agrupaci\u00f3n liderada por&nbsp;<strong>M\u00e1ximo Kirchner<\/strong>. Los intendentes y La C\u00e1mpora ten\u00edan en estos d\u00edas serias sospechas de qui\u00e9n o qui\u00e9nes pod\u00edan estar incitando a que la trama siga al tope de la agenda medi\u00e1tica hasta que el Instagram de Cl\u00e9rici le dio otro vuelco a la agenda p\u00fablica. \u00bfHay m\u00e1s?<\/p>\n\n\n\n<p>Kicillof est\u00e1 intranquilo por los coletazos de la investigaci\u00f3n \u201cChocolate\u201d en la campa\u00f1a electoral, pero sereno -a diferencia de los popes del sistema pol\u00edtico bonaerense que detestan su estilo de construcci\u00f3n pol\u00edtica- porque a \u00e9l nunca le fascinaron los chocolates. Ese choque de estilos en la pol\u00edtica provincial qued\u00f3 este s\u00e1bado como nunca al desnudo.<\/p>\n\n\n\n<p>En ese contexto de p\u00e9simas noticias y&nbsp;<em>affaires&nbsp;<\/em>bonaerenses, Massa viajaba ayer por la tarde al debate de Santiago del Estero sin decir al cierre de esta edici\u00f3n una sola palabra. El ministro est\u00e1 concentrado en su campa\u00f1a, que hace y deshace de manera discrecional cada vez m\u00e1s apuntalado por los&nbsp;<strong>asesores brasileros&nbsp;<\/strong>que el PT le envi\u00f3 desde Brasil y que le dieron un vuelco a la estrategia comunicacional, que coincidi\u00f3 con la bater\u00eda de medidas econ\u00f3micas del candidato que est\u00e1 decidido a \u201cprender fuego la pradera\u201d, como se regodean en su entorno con una notable osad\u00eda, a\u00fan a riesgo de incentivar un proceso hiperinflacionario, como advierten economistas de la oposici\u00f3n.<\/p>\n\n\n\n<p>El viernes, el d\u00f3lar libre trep\u00f3 a los $800. El ministro quiere transformar la devaluaci\u00f3n en una oportunidad cuando presente este domingo en el debate a&nbsp;<strong>Roberto Lavagna&nbsp;<\/strong>como un futuro asesor en caso de llegar a la Presidencia.<\/p>\n\n\n\n<p><img decoding=\"async\" loading=\"lazy\" alt=\"Sergio Massa y Roberto Lavagna\" height=\"1080\" width=\"1920\" src=\"https:\/\/www.infobae.com\/new-resizer\/aq_lcRT6aQj16GBuGwzO6hOUZVA=\/arc-anglerfish-arc2-prod-infobae\/public\/UVTEHW4SQZDHRKCA54HOOEW7LI.jpg\" srcset=\"https:\/\/www.infobae.com\/new-resizer\/AisBJyTD2vp9xUwkqCsrGStJtP4=\/420x236\/filters:format(webp):quality(85)\/cloudfront-us-east-1.images.arcpublishing.com\/infobae\/UVTEHW4SQZDHRKCA54HOOEW7LI.jpg 420w,https:\/\/www.infobae.com\/new-resizer\/gFfJhBreUyBrnraMD92-pPBcuTY=\/768x432\/filters:format(webp):quality(85)\/cloudfront-us-east-1.images.arcpublishing.com\/infobae\/UVTEHW4SQZDHRKCA54HOOEW7LI.jpg 768w,https:\/\/www.infobae.com\/new-resizer\/zsf-7lmghCEuF_miKVa5Ljok3Zo=\/992x558\/filters:format(webp):quality(85)\/cloudfront-us-east-1.images.arcpublishing.com\/infobae\/UVTEHW4SQZDHRKCA54HOOEW7LI.jpg 992w,https:\/\/www.infobae.com\/new-resizer\/LGsAokw4ZcFuuDb01rLF85YsIzI=\/1200x675\/filters:format(webp):quality(85)\/cloudfront-us-east-1.images.arcpublishing.com\/infobae\/UVTEHW4SQZDHRKCA54HOOEW7LI.jpg 1200w,https:\/\/www.infobae.com\/new-resizer\/uteIsEL8-RvlbFL1bac-E-ZYYP0=\/1440x810\/filters:format(webp):quality(85)\/cloudfront-us-east-1.images.arcpublishing.com\/infobae\/UVTEHW4SQZDHRKCA54HOOEW7LI.jpg 1440w\">Sergio Massa y Roberto Lavagna<\/p>\n\n\n\n<p><strong>Massa es un especialista de la escena p\u00fablica<\/strong>, una cualidad que trabaj\u00f3 incansablemente en las \u00faltimas nueve elecciones en las que particip\u00f3, y fue exitoso en la filtraci\u00f3n de encuestas que inocul\u00f3 en el c\u00edrculo rojo y que ubican a Bullrich tercera, fuera del balotaje. Pero los desaciertos de Milei de las \u00faltima semanas y la posibilidad de que la candidata de Juntos por el Cambio recortara algunos puntos encendieron luces de alarma en el b\u00fanker de la calle Mitre. \u00bfUn triple empate? Es una hip\u00f3tesis que barajan en algunos campamentos. Seg\u00fan un consultor de los m\u00e1s profesionales, todav\u00eda se trata de una \u201cexageraci\u00f3n\u201d.<\/p>\n\n\n\n<p>Lo cierto es que el fen\u00f3meno Milei empez\u00f3 a mostrar algunos signos de preocupaci\u00f3n para el candidato de La Libertad Avanza, y urgi\u00f3 a los estrategas del oficialismo y la oposici\u00f3n a revisar por en\u00e9sima vez la hoja de ruta.&nbsp;<strong>\u201cTal vez la bronca con el presente que se manifest\u00f3 en las PASO empez\u00f3 a cruzarse con el miedo por el ma\u00f1ana que se puede haber despertado en algunos sectores\u201d<\/strong>, explic\u00f3 un consultor que trabaja para todos.<\/p>\n\n\n\n<p>Un candidato opositor de la tercera secci\u00f3n electoral que trabaja de lunes a lunes para ser intendente resalt\u00f3 a este medio que en las \u00faltimas semanas empez\u00f3 a notar en las zonas c\u00e9ntricas una creciente curiosidad de votantes propios que en las PASO se inclinaron por Milei y que en las generales preferir\u00edan volver a optar por JxC, repentinamente \u201casustados\u201d, seg\u00fan \u00e9l, por el economista libertario. \u201cEso s\u00ed: quieren saber qu\u00e9 tenemos para ofrecer\u201d, precis\u00f3. Puso como ejemplo una mujer que lo sigui\u00f3 durante varias cuadras para frenarlo y preguntarle por qu\u00e9 ten\u00eda que votarlo.<\/p>\n\n\n\n<p>Se trata del segmento de votantes mayores a 40 a\u00f1os, de clase media, responsables del sost\u00e9n de una familia que est\u00e1n hartos de la clase pol\u00edtica, que hicieron notar ese descontento en las primarias y que ahora tienen dudas. La posibilidad de que Massa entre al balotaje, un escenario que el propio ministro y la dirigencia oficialista se encargaron de popularizar, le dio a ese electorado una herramienta extra para repensar el voto.<\/p>\n\n\n\n<p><img decoding=\"async\" loading=\"lazy\" alt=\"Javier Milei EFE\/ Juan Ignacio Roncoroni\n\" height=\"2090\" width=\"3135\" src=\"https:\/\/www.infobae.com\/new-resizer\/CRCEh0HdpZwyLUI2VCJrQssm3nk=\/arc-anglerfish-arc2-prod-infobae\/public\/W2FIZIAQURG27LJX2A5FJ74AVA.jpg\" srcset=\"https:\/\/www.infobae.com\/new-resizer\/E27hTJvemp7xdYNF6dT7oQdXAUM=\/420x280\/filters:format(webp):quality(85)\/cloudfront-us-east-1.images.arcpublishing.com\/infobae\/W2FIZIAQURG27LJX2A5FJ74AVA.jpg 420w,https:\/\/www.infobae.com\/new-resizer\/J0VF4NaJqclWLDOUKsBW_icYMbk=\/768x512\/filters:format(webp):quality(85)\/cloudfront-us-east-1.images.arcpublishing.com\/infobae\/W2FIZIAQURG27LJX2A5FJ74AVA.jpg 768w,https:\/\/www.infobae.com\/new-resizer\/N8fOO-UnQxRlie-CNOl4QGQt6qc=\/992x661\/filters:format(webp):quality(85)\/cloudfront-us-east-1.images.arcpublishing.com\/infobae\/W2FIZIAQURG27LJX2A5FJ74AVA.jpg 992w,https:\/\/www.infobae.com\/new-resizer\/1dmahN2qU1ROkf9tk3BgXLlEn38=\/1200x800\/filters:format(webp):quality(85)\/cloudfront-us-east-1.images.arcpublishing.com\/infobae\/W2FIZIAQURG27LJX2A5FJ74AVA.jpg 1200w,https:\/\/www.infobae.com\/new-resizer\/hdCzqNiXniM_LnZFseyq1uLAfOw=\/1440x960\/filters:format(webp):quality(85)\/cloudfront-us-east-1.images.arcpublishing.com\/infobae\/W2FIZIAQURG27LJX2A5FJ74AVA.jpg 1440w\">Javier Milei EFE\/ Juan Ignacio Roncoroni<\/p>\n\n\n\n<p>En los segmentos m\u00e1s j\u00f3venes, en especial en los sectores populares, el fen\u00f3meno Milei sigue tan potente como hace meses. La semana pasada, un candidato de la primera secci\u00f3n electoral reuni\u00f3 a trav\u00e9s de un amigo due\u00f1o de discotecas a cuatro decenas de pibes y pibas que hacen changas y que, en un buen n\u00famero, alquilan habitaciones a $15 mil la semana.&nbsp;<strong>Casi todos hab\u00edan votado por el economista libertario en las PASO sin mayores argumentos que las ganas de que \u201cexplote\u201d el sistema<\/strong>. Para ellos, todos los pol\u00edticos \u201cson chorros\u201d. Elecciones atr\u00e1s, cientos de miles de esos casos eran votos cautivos del peronismo que Massa y los intendentes del Gran Buenos Aires tratan ahora de reconquistar.<\/p>\n\n\n\n<p>Fue lo que ratific\u00f3 semanas atr\u00e1s un intendente del Gran Buenos Aires que, seg\u00fan fuentes del Frente Renovador, visit\u00f3 a Massa en su casa de Tigre. \u201cEsa gente se tir\u00f3 con nosotros desde el avi\u00f3n: a nosotros se nos abri\u00f3 el paraca\u00eddas, pero ellos se estrellaron contra el piso. Ahora prefieren tirarse del avi\u00f3n con Milei y que pase lo que tenga que pasar\u201d, le grafic\u00f3 el jefe comunal. En JxC est\u00e1n seguros de que para el peronismo ser\u00e1 muy dif\u00edcil reconquistar a esos votantes de cara a las elecciones generales.<\/p>\n\n\n\n<p>Massa tom\u00f3 nota, y prometi\u00f3 incluirlo entre sus equipos as\u00ed como ofreci\u00f3 en el acto de la CGT de este viernes frente al Congreso que llamar\u00eda a \u201cun gobierno de unidad nacional\u201d en caso de llegar a la Presidencia: el ministro-candidato no dej\u00f3 promesa por cumplir. Es m\u00e1s: a un dirigente le confi\u00f3 en que pondr\u00eda \u201cde rodillas en el piso\u201d a un sector del kirchnerismo que est\u00e1 encolumnado detr\u00e1s de su figura.<\/p>\n\n\n\n<p>Por el lado de la oposici\u00f3n, en el entorno de Bullrich est\u00e1n seguros de que todav\u00eda tienen una chance real de llegar al balotaje, a pesar de que a\u00fan son bien conscientes de que la interna con&nbsp;<strong>Horacio Rodr\u00edguez Larreta<\/strong>&nbsp;hizo estragos hacia adentro y, para peor, en el electorado. La candidata pas\u00f3 semanas de zozobra. Colaboradores del jefe de Gobierno porte\u00f1o que le llevaron consejos a sus estrategas les advirtieron que la ex ministra no deb\u00eda cometer los mismos errores que su jefe: ni \u201clarretizarse\u201d ni enfrentarse a Mauricio Macri.<\/p>\n\n\n\n<p><img decoding=\"async\" loading=\"lazy\" alt=\"Patricia Bullrich y su equipo rumbo a Santiago del Estero\" height=\"1080\" width=\"1920\" src=\"https:\/\/www.infobae.com\/new-resizer\/Ck2STiVVIBc3HNVgXgmBrxAUlJA=\/arc-anglerfish-arc2-prod-infobae\/public\/N6PRHWKRVBFPNFR7B6GB2BVJ6I.jpg\" srcset=\"https:\/\/www.infobae.com\/new-resizer\/vjjAdZXn1SJNUAP7geKjepmznW0=\/420x236\/filters:format(webp):quality(85)\/cloudfront-us-east-1.images.arcpublishing.com\/infobae\/N6PRHWKRVBFPNFR7B6GB2BVJ6I.jpg 420w,https:\/\/www.infobae.com\/new-resizer\/amVKzoW6puk99Ds_YT3rZ4h0ARw=\/768x432\/filters:format(webp):quality(85)\/cloudfront-us-east-1.images.arcpublishing.com\/infobae\/N6PRHWKRVBFPNFR7B6GB2BVJ6I.jpg 768w,https:\/\/www.infobae.com\/new-resizer\/dKZs9_58l1bN6gFBx697zLnYpQk=\/992x558\/filters:format(webp):quality(85)\/cloudfront-us-east-1.images.arcpublishing.com\/infobae\/N6PRHWKRVBFPNFR7B6GB2BVJ6I.jpg 992w,https:\/\/www.infobae.com\/new-resizer\/SdKpTFuE3pPAL2TFt3JKL5V9r48=\/1200x675\/filters:format(webp):quality(85)\/cloudfront-us-east-1.images.arcpublishing.com\/infobae\/N6PRHWKRVBFPNFR7B6GB2BVJ6I.jpg 1200w,https:\/\/www.infobae.com\/new-resizer\/UeeEwAoW5dKNBG0W45J3hAMtYk0=\/1440x810\/filters:format(webp):quality(85)\/cloudfront-us-east-1.images.arcpublishing.com\/infobae\/N6PRHWKRVBFPNFR7B6GB2BVJ6I.jpg 1440w\">Patricia Bullrich y su equipo rumbo a Santiago del Estero<\/p>\n\n\n\n<p>Bullrich estuvo casi un mes atravesada por esas dos variables hasta que pudo darle m\u00e1s orden a su campa\u00f1a y enfocarse otra vez en el contacto con la gente, una estrategia que meses atr\u00e1s le dio resultados.<\/p>\n\n\n\n<p>En su equipo dicen que el viaje expr\u00e9s de tres d\u00edas que hace varias semanas realizaron a Madrid&nbsp;<strong>Joaqu\u00edn de la Torre<\/strong>, un asesor y un colaborador del consultor Derek Hampton fue muy importante para decidir que Bullrich se centrara en&nbsp;<strong>confrontar con el kirchnerismo&nbsp;<\/strong>y omitir lo m\u00e1s posible a Milei de la agenda de campa\u00f1a, una decisi\u00f3n que llev\u00f3 d\u00edas de an\u00e1lisis e investigaciones cualitativas y opiniones encontradas.<strong>&nbsp;\u201cEspa\u00f1a es el \u00fanico lugar en el que la centro derecha (el PP) neutraliz\u00f3 a la ultra derecha (VOX)\u201d<\/strong>, explicaron. Los funcionarios del PP que los recibieron en la capital espa\u00f1ola les resaltaron que lograron ese objetivo por una sencilla raz\u00f3n: tomaron algunos de los proyectos de VOX y se dedicaron a ignorar al partido presidido por Santiago Abascal.<\/p>\n\n\n\n<p>En los centros de campa\u00f1a de UP y de JxC coinciden en que el envi\u00f3n posterior de las PASO en favor de Milei empez\u00f3 a mostrar algunas fisuras que comienzan a incrementarse con la chance cierta de que el economista sea presidente a partir del 10 de diciembre, y que llevaron al candidato a acercarse obligadamente a sectores de lo que denomina \u201ccasta\u201d, como el sindicalista&nbsp;<strong>Luis Barrionuevo<\/strong>. El votante m\u00e1s sofisticado empieza a preguntarse si est\u00e1 en condiciones de administrar este caos.<\/p>\n\n\n\n<p>El economista, por caso, no dijo ni una palabra sobre el caso \u201cChocolate\u201d: sus legisladores bonaerenses solo emitieron un t\u00edmido comunicado de repudio. En el c\u00edrculo rojo provincial sospechan que el financiamiento proveniente de la Legislatura no excluye a ning\u00fan partido.<\/p>\n\n\n\n<p>Los reiterados ataques del candidato de LLA al&nbsp;<strong>Papa Francisco<\/strong>&nbsp;tambi\u00e9n provocaron zozobra en sus equipos. En el 2015, An\u00edbal Fern\u00e1ndez perdi\u00f3 la elecci\u00f3n en la provincia de Buenos Aires reprobado por las iglesias cristianas y evang\u00e9licas. \u201cEs una torpeza meterse con las creencias del electorado\u201d, explic\u00f3 un especialista. En las \u00faltimas horas,&nbsp;<strong>Jos\u00e9 Mar\u00eda del Corral<\/strong>, director mundial de Scholas Occurrentes, que ofreci\u00f3 de intermediario para un breve intercambio por carta que tuvieron Bullrich y el Papa,&nbsp;<a rel=\"noreferrer noopener\" href=\"https:\/\/www.infobae.com\/politica\/2023\/09\/29\/jose-maria-del-corral-el-papa-va-a-ir-a-argentina-y-su-visita-no-va-a-depender-de-quien-sea-el-presidente\/\" target=\"_blank\">tuvo que aclarar que Francisco tiene intenciones de visitar el pa\u00eds sin \u201cdepender de qui\u00e9n sea el Presidente\u201d<\/a>.<\/p>\n\n\n\n<p>En el c\u00edrculo rojo, sin embargo, el futuro de Milei, m\u00e1s all\u00e1 de la enorme incertidumbre que despierta, todav\u00eda cotiza al alza. En una reciente comida de empresarios se ensay\u00f3 una votaci\u00f3n. M\u00e1s del 80% se inclin\u00f3 por Bullrich. Cuando preguntaron a qu\u00e9 candidato votar\u00edan si al que votaron no llegaba al balotaje, m\u00e1s del 60% eligi\u00f3 a Massa. El tercer interrogante era qui\u00e9n cre\u00edan que ser\u00eda el pr\u00f3ximo presidente: la respuesta, con holgura, fue Milei.<\/p>\n\n\n\n<p>Fuente: Infobae<\/p>\n","protected":false},"excerpt":{"rendered":"<div class=\"mh-excerpt\"><p>Era el caso \u201cChocolate\u201d que se hab\u00eda colado inc\u00f3modo en el tramo final de la campa\u00f1a hasta que la modelo Sof\u00eda Cl\u00e9rici subi\u00f3 este s\u00e1bado a su cuenta de Instagram im\u00e1genes del yate con el que naveg\u00f3 por Marbella junto a\u00a0Mart\u00edn Insaurralde, un esc\u00e1ndalo que en menos de 24 horas deriv\u00f3 en la renuncia del ahora ex jefe de Gabinete provincial, seg\u00fan ventil\u00f3, \u201cpara no afectar al espacio pol\u00edtico -el kirchnerismo- en el proceso electoral\u201d. Una exhibici\u00f3n obscena, otra m\u00e1s, que cosech\u00f3 fuertes cr\u00edticas opositoras y un creciente malestar en el kirchnerismo con el ex intendente de Lomas de Zamora&nbsp;que <a class=\"mh-excerpt-more\" href=\"http:\/\/dsrmedios.com.ar\/diario\/archivos\/39896\" title=\"Oficialismo y oposici\u00f3n en la recta final, atravesados por la bronca y el miedo del electorado, y los affaires bonaerenses\">[Leer m\u00e1s]<\/a><\/p>\n<\/div>","protected":false},"author":8,"featured_media":39897,"comment_status":"open","ping_status":"closed","sticky":false,"template":"","format":"standard","meta":{"_jetpack_newsletter_access":""},"categories":[6],"tags":[],"jetpack_featured_media_url":"http:\/\/dsrmedios.com.ar\/diario\/wp-content\/uploads\/2023\/10\/descarga-10.jpeg","jetpack_sharing_enabled":true,"jetpack_shortlink":"https:\/\/wp.me\/p9fihK-anu","_links":{"self":[{"href":"http:\/\/dsrmedios.com.ar\/diario\/wp-json\/wp\/v2\/posts\/39896"}],"collection":[{"href":"http:\/\/dsrmedios.com.ar\/diario\/wp-json\/wp\/v2\/posts"}],"about":[{"href":"http:\/\/dsrmedios.com.ar\/diario\/wp-json\/wp\/v2\/types\/post"}],"author":[{"embeddable":true,"href":"http:\/\/dsrmedios.com.ar\/diario\/wp-json\/wp\/v2\/users\/8"}],"replies":[{"embeddable":true,"href":"http:\/\/dsrmedios.com.ar\/diario\/wp-json\/wp\/v2\/comments?post=39896"}],"version-history":[{"count":1,"href":"http:\/\/dsrmedios.com.ar\/diario\/wp-json\/wp\/v2\/posts\/39896\/revisions"}],"predecessor-version":[{"id":39898,"href":"http:\/\/dsrmedios.com.ar\/diario\/wp-json\/wp\/v2\/posts\/39896\/revisions\/39898"}],"wp:featuredmedia":[{"embeddable":true,"href":"http:\/\/dsrmedios.com.ar\/diario\/wp-json\/wp\/v2\/media\/39897"}],"wp:attachment":[{"href":"http:\/\/dsrmedios.com.ar\/diario\/wp-json\/wp\/v2\/media?parent=39896"}],"wp:term":[{"taxonomy":"category","embeddable":true,"href":"http:\/\/dsrmedios.com.ar\/diario\/wp-json\/wp\/v2\/categories?post=39896"},{"taxonomy":"post_tag","embeddable":true,"href":"http:\/\/dsrmedios.com.ar\/diario\/wp-json\/wp\/v2\/tags?post=39896"}],"curies":[{"name":"wp","href":"https:\/\/api.w.org\/{rel}","templated":true}]}}