{"id":39882,"date":"2023-09-29T21:41:26","date_gmt":"2023-09-30T00:41:26","guid":{"rendered":"http:\/\/dsrmedios.com.ar\/diario\/?p=39882"},"modified":"2023-09-29T21:41:28","modified_gmt":"2023-09-30T00:41:28","slug":"alberto-fernandez-pospuso-para-la-semana-que-viene-la-firma-del-decreto-para-avalar-el-pliego-de-la-jueza-ana-maria-figueroa","status":"publish","type":"post","link":"http:\/\/dsrmedios.com.ar\/diario\/archivos\/39882","title":{"rendered":"Alberto Fern\u00e1ndez pospuso para la semana que viene la firma del decreto para avalar el pliego de la jueza Ana Mar\u00eda Figueroa"},"content":{"rendered":"\n<p>Luego de que el Senado aprobara su pliego, Ana Mar\u00eda Figueroa espera ahora el aval del presidente Alberto Fern\u00e1ndez para que contin\u00fae como jueza de la C\u00e1mara de Casaci\u00f3n Federal por 5 a\u00f1os m\u00e1s.<\/p>\n\n\n\n<p>La Corte Suprema de Justicia resolvi\u00f3 dejar cesante a Figueroa el 6 de septiembre y ahora, con la jugada que impuls\u00f3 Cristina Kirchner en la C\u00e1mara Alta, el Gobierno pretende que vuelva a su puesto, clave en las causas de Hotesur y Los Sauces y en la del Memor\u00e1ndum con Ir\u00e1n, en las que est\u00e1 implicada la vicepresidenta.<\/p>\n\n\n\n<p>Falta un paso fundamental:&nbsp;<strong>el decreto que tiene que firmar el Presidente<\/strong>&nbsp;para ser publicado en el Bolet\u00edn Oficial que completar\u00e1 el nombramiento de Figueroa. La votaci\u00f3n ajustada en el Congreso, que reci\u00e9n pudo destrabarse con el voto de la senadora Claudia Ledesma Abdala como presidenta provisional del Senado porque CFK se hab\u00eda retirado del recinto, fue el jueves a \u00faltima hora. Seg\u00fan pudo averiguar&nbsp;<strong>Infobae<\/strong>&nbsp;en Casa Rosada, durante el fin de semana&nbsp;<strong>no se abordar\u00e1 el tema&nbsp;<\/strong>y reci\u00e9n la semana pr\u00f3xima habr\u00e1 novedades al respecto, pese a la presi\u00f3n de la Vicepresidenta.<\/p>\n\n\n\n<p>En ese decreto el Ejecutivo deber\u00e1 fundamentar las razones por las que se impulsa a Figueroa en Casaci\u00f3n pese a que cumpli\u00f3 75 a\u00f1os el 9 de agosto de este a\u00f1o, la edad l\u00edmite que establece la Constituci\u00f3n Nacional para ejercer como magistrada.<\/p>\n\n\n\n<p>No ser\u00e1 la primera vez que, de hacerlo, el jefe de Estado firme el decreto nombrando a un juez que busca mantenerse en su cargo despu\u00e9s de los 75 a\u00f1os. El viceministro de Justicia&nbsp;<strong>Juan Mart\u00edn Mena&nbsp;<\/strong>record\u00f3 los antecedentes, tambi\u00e9n durante esta gesti\u00f3n presidencial, de jueces que fueron nombrados despu\u00e9s de cumplir esa edad, al reclamar que se mantuviera a Figueroa hasta el final del a\u00f1o parlamentario.<\/p>\n\n\n\n<p><img decoding=\"async\" loading=\"lazy\" alt=\"La jueza Ana Mar\u00eda Figueroa cumpli\u00f3 75 a\u00f1os el 9 de agosto, la edad m\u00e1xima para ejercer como jueza. FOTO: Maxi Luna\" height=\"864\" width=\"1152\" src=\"https:\/\/www.infobae.com\/new-resizer\/U3-JFaYgRup4VTY3-WhxvDrbTSc=\/arc-anglerfish-arc2-prod-infobae\/public\/3S5WUUMHRBACHHVZXR2DRVP4D4.jpg\" srcset=\"https:\/\/www.infobae.com\/new-resizer\/hmJW3gSzfdjm6cDGpy7epjfbUN4=\/420x315\/filters:format(webp):quality(85)\/cloudfront-us-east-1.images.arcpublishing.com\/infobae\/3S5WUUMHRBACHHVZXR2DRVP4D4.jpg 420w,https:\/\/www.infobae.com\/new-resizer\/HTVbt4YYkjLS9wzb44vaDYSRQaE=\/768x576\/filters:format(webp):quality(85)\/cloudfront-us-east-1.images.arcpublishing.com\/infobae\/3S5WUUMHRBACHHVZXR2DRVP4D4.jpg 768w,https:\/\/www.infobae.com\/new-resizer\/K_lqL9A1-x_UxYhQ_uIh7c_VEcc=\/992x744\/filters:format(webp):quality(85)\/cloudfront-us-east-1.images.arcpublishing.com\/infobae\/3S5WUUMHRBACHHVZXR2DRVP4D4.jpg 992w,https:\/\/www.infobae.com\/new-resizer\/Q4KGfvZXNhe_NpCkA0ekQUquJKo=\/1200x900\/filters:format(webp):quality(85)\/cloudfront-us-east-1.images.arcpublishing.com\/infobae\/3S5WUUMHRBACHHVZXR2DRVP4D4.jpg 1200w,https:\/\/www.infobae.com\/new-resizer\/GPkAMICRVT3CplSZcWDcidR6VzA=\/1440x1080\/filters:format(webp):quality(85)\/cloudfront-us-east-1.images.arcpublishing.com\/infobae\/3S5WUUMHRBACHHVZXR2DRVP4D4.jpg 1440w\">La jueza Ana Mar\u00eda Figueroa cumpli\u00f3 75 a\u00f1os el 9 de agosto, la edad m\u00e1xima para ejercer como jueza. FOTO: Maxi Luna<\/p>\n\n\n\n<p>Cit\u00f3 los casos de&nbsp;<strong>Silvia Mora,<\/strong>&nbsp;al frente del Tribunal Oral en lo Criminal y Correccional n\u00famero 10, por decreto del 12 de febrero de 2021; el de&nbsp;<strong>Juan Carlos Bonz\u00f3n<\/strong>, como vocal en la C\u00e1mara Nacional de Apelaciones en lo Penal Econ\u00f3mico Sala A, el 2 de septiembre de ese mismo a\u00f1o; y el de&nbsp;<strong>Luis Imas<\/strong>, como juez en la C\u00e1mara del Tribunal Oral en lo Penal Econ\u00f3mico N\u00b0 3, el 17 de febrero, tambi\u00e9n en 2021.<\/p>\n\n\n\n<p><\/p>\n\n\n\n<p>Mora renunci\u00f3 en febrero de 2023 y Bonz\u00f3n hace dos semanas. El \u00fanico que contin\u00faa en su cargo es Imas, caso en donde Casaci\u00f3n, por v\u00eda de superintendencia, justific\u00f3 su permanencia en el cargo porque el Senado estaba deliberando. El decreto sali\u00f3 incluso en febrero del a\u00f1o siguiente, despu\u00e9s de que termin\u00f3 el a\u00f1o parlamentario en que cumpli\u00f3 los 75.<\/p>\n\n\n\n<p><strong>En ninguna de esas oportunidades hubo una remisi\u00f3n directa por parte de Casaci\u00f3n a la Corte Suprema y al Consejo de la Magistratura&nbsp;<\/strong>para informar los 75 a\u00f1os cumplidos, como s\u00ed ocurri\u00f3 con la presidenta del Tribunal Ana Figueroa, que sigui\u00f3 asistiendo a su despacho pero no firm\u00f3 fallos o resoluciones administrativas, lo cual generaba tensiones e internas en el propio seno del m\u00e1ximo tribunal penal.<\/p>\n\n\n\n<p><img decoding=\"async\" loading=\"lazy\" alt=\"Horacio Rosatti (presidente), Carlos Rosenkrantz (vicepresidente), Juan Carlos Maqueda y Ricardo Lorenzetti, los cuatro integrantes de la Corte Suprema de Justicia.\" height=\"1080\" width=\"1920\" src=\"https:\/\/www.infobae.com\/new-resizer\/fjgMp3imvhzDo4IupT665hldThk=\/arc-anglerfish-arc2-prod-infobae\/public\/J4E3LJIIIZCRNAMZ75U233FQJ4.jpg\" srcset=\"https:\/\/www.infobae.com\/new-resizer\/LxJ1vzKpyijWcVqkBACUfmeQ4S8=\/420x236\/filters:format(webp):quality(85)\/cloudfront-us-east-1.images.arcpublishing.com\/infobae\/J4E3LJIIIZCRNAMZ75U233FQJ4.jpg 420w,https:\/\/www.infobae.com\/new-resizer\/-BFY7mBklXEz0YfKUdvj_4Zb6Pw=\/768x432\/filters:format(webp):quality(85)\/cloudfront-us-east-1.images.arcpublishing.com\/infobae\/J4E3LJIIIZCRNAMZ75U233FQJ4.jpg 768w,https:\/\/www.infobae.com\/new-resizer\/gIYKDNWg2L71eufir0YHfwhGVTI=\/992x558\/filters:format(webp):quality(85)\/cloudfront-us-east-1.images.arcpublishing.com\/infobae\/J4E3LJIIIZCRNAMZ75U233FQJ4.jpg 992w,https:\/\/www.infobae.com\/new-resizer\/dWLOWvB47WGTbdmH7o0fIoo9eCw=\/1200x675\/filters:format(webp):quality(85)\/cloudfront-us-east-1.images.arcpublishing.com\/infobae\/J4E3LJIIIZCRNAMZ75U233FQJ4.jpg 1200w,https:\/\/www.infobae.com\/new-resizer\/1U3A9uiY0nWUpJwygHuPyVSEARc=\/1440x810\/filters:format(webp):quality(85)\/cloudfront-us-east-1.images.arcpublishing.com\/infobae\/J4E3LJIIIZCRNAMZ75U233FQJ4.jpg 1440w\">Horacio Rosatti (presidente), Carlos Rosenkrantz (vicepresidente), Juan Carlos Maqueda y Ricardo Lorenzetti, los cuatro integrantes de la Corte Suprema de Justicia.<\/p>\n\n\n\n<p>El 6 de septiembre pasado, con la firma de los jueces&nbsp;<strong>Horacio Rosatti, Carlos Rosenkrantz, Juan Carlos Maqueda y Ricardo Lorenzetti<\/strong>, la Corte Suprema de Justicia de la Naci\u00f3n dict\u00f3 una resoluci\u00f3n que declar\u00f3 que Figueroa hab\u00eda dejado de ser jueza el d\u00eda de sus 75 a\u00f1os.<\/p>\n\n\n\n<p>El art\u00edculo 99 de la Constituci\u00f3n Nacional, en su inciso 4, indica que, entre las atribuciones del presidente, est\u00e1 nombrar a los jueces -que no vayan a integrar la Corte Suprema- \u201cen base a una propuesta vinculante en terna del consejo de la Magistratura, con acuerdo del Senado, en sesi\u00f3n p\u00fablica, en la que se tendr\u00e1 en cuenta la idoneidad de los candidatos\u201d. Y agrega que \u201cun nuevo nombramiento, precedido de igual acuerdo, ser\u00e1 necesario para mantener en el cargo a cualquiera de esos magistrados,&nbsp;<strong>una vez que cumplan la edad de setenta y cinco a\u00f1os.<\/strong>&nbsp;Todos los nombramientos de magistrados cuya edad sea la indicada o mayor se har\u00e1n por cinco a\u00f1os, y podr\u00e1n ser repetidos indefinidamente, por el mismo tr\u00e1mite\u201d.<\/p>\n\n\n\n<p>La Corte Suprema, en base a lo expresado por la Carta Magna, subray\u00f3 entonces: \u201c<strong>Al no prever la norma plazo de gracia alguno<\/strong>,&nbsp;<strong>el nombramiento debe ser anterior al d\u00eda en que el magistrado alcance la edad referida; de lo contrario, no habr\u00eda l\u00edmite temporal para la realizaci\u00f3n de ese nuevo nombramiento<\/strong>, con la absurda consecuencia de que el l\u00edmite etario se tornar\u00eda inoperante\u201d.<\/p>\n\n\n\n<p>Figueroa tuvo que dejar su despacho d\u00edas despu\u00e9s. El pliego para que contin\u00fae en su cargo reci\u00e9n se pudo tratar en el Senado, con el respaldo de Cristina Kirchner, y tens\u00f3 a\u00fan m\u00e1s la relaci\u00f3n del Gobierno nacional con el Poder Judicial y en especial con la Corte Suprema 49 d\u00edas despu\u00e9s. Nadie se atreve a pronosticar c\u00f3mo terminar\u00e1 esta historia despu\u00e9s que se firme el decreto de Alberto Fern\u00e1ndez.<\/p>\n\n\n\n<p>Fuente: Infobae<\/p>\n","protected":false},"excerpt":{"rendered":"<div class=\"mh-excerpt\"><p>Luego de que el Senado aprobara su pliego, Ana Mar\u00eda Figueroa espera ahora el aval del presidente Alberto Fern\u00e1ndez para que contin\u00fae como jueza de la C\u00e1mara de Casaci\u00f3n Federal por 5 a\u00f1os m\u00e1s. La Corte Suprema de Justicia resolvi\u00f3 dejar cesante a Figueroa el 6 de septiembre y ahora, con la jugada que impuls\u00f3 Cristina Kirchner en la C\u00e1mara Alta, el Gobierno pretende que vuelva a su puesto, clave en las causas de Hotesur y Los Sauces y en la del Memor\u00e1ndum con Ir\u00e1n, en las que est\u00e1 implicada la vicepresidenta. Falta un paso fundamental:&nbsp;el decreto que tiene que <a class=\"mh-excerpt-more\" href=\"http:\/\/dsrmedios.com.ar\/diario\/archivos\/39882\" title=\"Alberto Fern\u00e1ndez pospuso para la semana que viene la firma del decreto para avalar el pliego de la jueza Ana Mar\u00eda Figueroa\">[Leer m\u00e1s]<\/a><\/p>\n<\/div>","protected":false},"author":8,"featured_media":29246,"comment_status":"open","ping_status":"closed","sticky":false,"template":"","format":"standard","meta":{"_jetpack_newsletter_access":""},"categories":[6],"tags":[],"jetpack_featured_media_url":"http:\/\/dsrmedios.com.ar\/diario\/wp-content\/uploads\/2022\/09\/fernandezalberto.jpg","jetpack_sharing_enabled":true,"jetpack_shortlink":"https:\/\/wp.me\/p9fihK-ang","_links":{"self":[{"href":"http:\/\/dsrmedios.com.ar\/diario\/wp-json\/wp\/v2\/posts\/39882"}],"collection":[{"href":"http:\/\/dsrmedios.com.ar\/diario\/wp-json\/wp\/v2\/posts"}],"about":[{"href":"http:\/\/dsrmedios.com.ar\/diario\/wp-json\/wp\/v2\/types\/post"}],"author":[{"embeddable":true,"href":"http:\/\/dsrmedios.com.ar\/diario\/wp-json\/wp\/v2\/users\/8"}],"replies":[{"embeddable":true,"href":"http:\/\/dsrmedios.com.ar\/diario\/wp-json\/wp\/v2\/comments?post=39882"}],"version-history":[{"count":1,"href":"http:\/\/dsrmedios.com.ar\/diario\/wp-json\/wp\/v2\/posts\/39882\/revisions"}],"predecessor-version":[{"id":39883,"href":"http:\/\/dsrmedios.com.ar\/diario\/wp-json\/wp\/v2\/posts\/39882\/revisions\/39883"}],"wp:featuredmedia":[{"embeddable":true,"href":"http:\/\/dsrmedios.com.ar\/diario\/wp-json\/wp\/v2\/media\/29246"}],"wp:attachment":[{"href":"http:\/\/dsrmedios.com.ar\/diario\/wp-json\/wp\/v2\/media?parent=39882"}],"wp:term":[{"taxonomy":"category","embeddable":true,"href":"http:\/\/dsrmedios.com.ar\/diario\/wp-json\/wp\/v2\/categories?post=39882"},{"taxonomy":"post_tag","embeddable":true,"href":"http:\/\/dsrmedios.com.ar\/diario\/wp-json\/wp\/v2\/tags?post=39882"}],"curies":[{"name":"wp","href":"https:\/\/api.w.org\/{rel}","templated":true}]}}