{"id":39870,"date":"2023-09-28T16:03:55","date_gmt":"2023-09-28T19:03:55","guid":{"rendered":"http:\/\/dsrmedios.com.ar\/diario\/?p=39870"},"modified":"2023-09-28T16:04:55","modified_gmt":"2023-09-28T19:04:55","slug":"en-el-dia-de-ayer-en-la-escuela-secundaria-n-2-se-organizo-el-panel-2023","status":"publish","type":"post","link":"http:\/\/dsrmedios.com.ar\/diario\/archivos\/39870","title":{"rendered":"En el d\u00eda de ayer en la Escuela Secundaria N 2 se organizo\u00a0el\u00a0Panel\u00a02023"},"content":{"rendered":"\n<p>En las instalaciones de la Escuela de Educaci\u00f3n Secundaria N\u00b0 2 se realiz\u00f3 el pasado mi\u00e9rcoles 27 de septiembre  el Panel 2023 en el marco del proyecto \u201cDemocracia, Estado, Escuela y Elecciones\u201d, realizado por las Jefas de los Departamentos de Integraci\u00f3n Curricular.<br>La escuela asume cotidianamente el compromiso por la formaci\u00f3n integral de los j\u00f3venes y la Ley 26.774 \u201cLey del voto joven\u201d, evoca y promueve la profundizaci\u00f3n del trabajo en el campo de la formaci\u00f3n ciudadana y democr\u00e1tica, por ello la Escuela de Educaci\u00f3n Secundaria N\u00b02 convoc\u00f3 a sus estudiantes votantes a participar de un Panel y se extendi\u00f3 la invitaci\u00f3n a las siguientes instituciones educativas: EES N\u00b05, EEST N\u00b01 y EPS, CENS N\u00b0 451, CEA N\u00b0701 y Colegio San Jos\u00e9.<br>Como principal objetivo las docentes se plantearon, en primer lugar, que los estudiantes analicen su propio contexto y expresen las problem\u00e1ticas de nuestra localidad y distrito. Adem\u00e1s, que sean part\u00edcipes de pr\u00e1cticas democr\u00e1ticas interioriz\u00e1ndose y preguntando sobre los distintos proyectos pol\u00edticos y, por \u00faltimo, que sean parte de  debates acerca de temas de actualidad, tomando posici\u00f3n y ejerciendo la capacidad de escuchar.<br>El Panel 2023, cont\u00f3 con la presencia de los candidatos a Intendentes, Concejales y Consejeros Escolares<br>locales de las agrupaciones pol\u00edticas Juntos por el Cambio, Iniciativa Vecinal y La Libertad Avanza.<br>La metodolog\u00eda utilizada consisti\u00f3 en trabajar con los estudiantes, en las semanas previas, sobre los ejes que les interesar\u00eda conocer, sobre las propuestas de los candidatos aspirantes a gobernar el distrito de Adolfo Alsina. La t\u00e9cnica de panel consiste en responder sobre determinados t\u00f3picos sin abrir a debate. Se tuvieron en cuenta algunas pautas: tiempo limitado e igual para todos, dos moderadoras designadas, y el respeto de las opiniones ajenas.<br>Cada fuerza pol\u00edtica fue respondiendo a las preguntas, que giraron en torno a Educaci\u00f3n, Ambiente, Turismo y Patrimonio, J\u00f3venes y Trabajo, Salud, Seguridad y Vialidad.<br>Los directivos de la Instituci\u00f3n y las profesoras coordinadoras destacaron la predisposici\u00f3n de todos los<br>candidatos a participar del panel, como as\u00ed tambi\u00e9n el inter\u00e9s que despert\u00f3 en los alumnos poder ser parte del proyecto desde sus propias inquietudes. Por \u00faltimo, evaluaron el desarrollo de la jornada como altamente positivo ya que fue un ejemplo de pr\u00e1ctica democr\u00e1tica y de construcci\u00f3n de ciudadan\u00eda.<br>Consultados los candidatos acerca de sus apreciaciones sobre la propuesta del panel, lo que sucedi\u00f3 durante su desarrollo y c\u00f3mo se sintieron durante el evento, respondi\u00f3 Silvio Wagner de La Libertad Avanza acompa\u00f1ado de Micaela Amarain: \u201cEn general muy bien, muy respetuoso. Que exista un panel de preguntas hechas por los estudiantes me parece perfecto, ellos son el futuro, as\u00ed que qu\u00e9 mejor que escuchar sus inquietudes y responder. Desde nuestro espacio esperamos que se haya respondido de la misma manera. Tambi\u00e9n pienso que es muy importante porque nos ayuda mucho a conocer lo que los chicos est\u00e1n interesados\u201d.<br>Los candidatos de Juntos por El Cambio, Javier Andres, Jorge Apud y Natalia Vidal a las mismas preguntas<br>respondieron: \u201cLa idea del panel me parece excelente, est\u00e1 bueno esto de que cada uno exponga sus ideas y no generar un debate dentro de la escuela, porque los chicos en realidad lo que quieren escuchar es que les demos respuesta a sus preguntas. En algunos bloques de preguntas me pareci\u00f3 corto el tiempo, pero bueno, es entendible porque a ellos al final se los ve\u00eda agotados, su concentraci\u00f3n es hasta determinado punto, m\u00e1s con un tema como la pol\u00edtica. Nos sentimos re c\u00f3modos. Se ve\u00eda que los chicos estaban interesados porque hab\u00edan sido part\u00edcipes de la construcci\u00f3n de las preguntas, muy bien enfocados en lo que preguntan, la concientizaci\u00f3n ciudadana se est\u00e1 formando\u201d.<br>Finalmente, los representantes de Iniciativa Vecinal Fabio Fern\u00e1ndez, Leandro Varela y Nadia G\u00f3mez<br>respondieron: \u201cLa propuesta del panel yo creo que lo que mostr\u00f3 fue claramente las tres posturas, las tres visiones de gobierno que hay en el distrito. Espero que a criterio de los estudiantes esto tambi\u00e9n haya sido as\u00ed de claro y que elijan en base a sus pensamientos cu\u00e1l es la m\u00e1s adecuada o la que m\u00e1s represente sus intereses. Durante el panel me sent\u00ed sumamente c\u00f3modo. La verdad que estuvo todo muy bien organizado, as\u00ed que agradecer a todos los docentes y a todos los chicos y las chicas que se sumaron para que esto haya podido llevarse adelante. Nadia resalt\u00f3 que, desde lo personal, a 40 a\u00f1os de la recuperaci\u00f3n de la democracia, me parece que volver a estos espacios es fundamental.<br>Adem\u00e1s de sentirme c\u00f3moda, tuve como un dejo de emoci\u00f3n, me parece, que vivir la democracia en estos espacios, en donde puedan escuchar las propuestas, donde est\u00e9n cara a cara con quienes los van a representar, acercarnos es hacer pol\u00edtica. Agregaron que ojal\u00e1 esto sea todos los a\u00f1os y no sea algo previo a las elecciones porque nos va a ayudar a cambiar la mala apreciaci\u00f3n que se tiene desde la gente com\u00fan, desde los j\u00f3venes, desde el p\u00fablico en general de la Pol\u00edtica. Y la \u00fanica forma de cambiarla es exigi\u00e9ndonos, y esta es una forma de que nos exijan y que veamos lo que<br>podamos cumplir\u201d.<\/p>\n","protected":false},"excerpt":{"rendered":"<div class=\"mh-excerpt\"><p>En las instalaciones de la Escuela de Educaci\u00f3n Secundaria N\u00b0 2 se realiz\u00f3 el pasado mi\u00e9rcoles 27 de septiembre el Panel 2023 en el marco del proyecto \u201cDemocracia, Estado, Escuela y Elecciones\u201d, realizado por las Jefas de los Departamentos de Integraci\u00f3n Curricular.La escuela asume cotidianamente el compromiso por la formaci\u00f3n integral de los j\u00f3venes y la Ley 26.774 \u201cLey del voto joven\u201d, evoca y promueve la profundizaci\u00f3n del trabajo en el campo de la formaci\u00f3n ciudadana y democr\u00e1tica, por ello la Escuela de Educaci\u00f3n Secundaria N\u00b02 convoc\u00f3 a sus estudiantes votantes a participar de un Panel y se extendi\u00f3 la <a class=\"mh-excerpt-more\" href=\"http:\/\/dsrmedios.com.ar\/diario\/archivos\/39870\" title=\"En el d\u00eda de ayer en la Escuela Secundaria N 2 se organizo\u00a0el\u00a0Panel\u00a02023\">[Leer m\u00e1s]<\/a><\/p>\n<\/div>","protected":false},"author":8,"featured_media":0,"comment_status":"open","ping_status":"closed","sticky":false,"template":"","format":"standard","meta":{"_jetpack_newsletter_access":""},"categories":[31],"tags":[],"jetpack_featured_media_url":"","jetpack_sharing_enabled":true,"jetpack_shortlink":"https:\/\/wp.me\/p9fihK-an4","_links":{"self":[{"href":"http:\/\/dsrmedios.com.ar\/diario\/wp-json\/wp\/v2\/posts\/39870"}],"collection":[{"href":"http:\/\/dsrmedios.com.ar\/diario\/wp-json\/wp\/v2\/posts"}],"about":[{"href":"http:\/\/dsrmedios.com.ar\/diario\/wp-json\/wp\/v2\/types\/post"}],"author":[{"embeddable":true,"href":"http:\/\/dsrmedios.com.ar\/diario\/wp-json\/wp\/v2\/users\/8"}],"replies":[{"embeddable":true,"href":"http:\/\/dsrmedios.com.ar\/diario\/wp-json\/wp\/v2\/comments?post=39870"}],"version-history":[{"count":3,"href":"http:\/\/dsrmedios.com.ar\/diario\/wp-json\/wp\/v2\/posts\/39870\/revisions"}],"predecessor-version":[{"id":39873,"href":"http:\/\/dsrmedios.com.ar\/diario\/wp-json\/wp\/v2\/posts\/39870\/revisions\/39873"}],"wp:attachment":[{"href":"http:\/\/dsrmedios.com.ar\/diario\/wp-json\/wp\/v2\/media?parent=39870"}],"wp:term":[{"taxonomy":"category","embeddable":true,"href":"http:\/\/dsrmedios.com.ar\/diario\/wp-json\/wp\/v2\/categories?post=39870"},{"taxonomy":"post_tag","embeddable":true,"href":"http:\/\/dsrmedios.com.ar\/diario\/wp-json\/wp\/v2\/tags?post=39870"}],"curies":[{"name":"wp","href":"https:\/\/api.w.org\/{rel}","templated":true}]}}