{"id":39867,"date":"2023-09-28T15:57:44","date_gmt":"2023-09-28T18:57:44","guid":{"rendered":"http:\/\/dsrmedios.com.ar\/diario\/?p=39867"},"modified":"2023-09-28T15:57:47","modified_gmt":"2023-09-28T18:57:47","slug":"10-millones-de-argentinos-mayores-de-50-anos-deben-vacunarse-contra-el-covid","status":"publish","type":"post","link":"http:\/\/dsrmedios.com.ar\/diario\/archivos\/39867","title":{"rendered":"10 millones de argentinos mayores de 50 a\u00f1os deben vacunarse contra el COVID"},"content":{"rendered":"\n<p><strong>M\u00e1s de 10 millones de argentinos mayores de 50 a\u00f1os<\/strong>&nbsp;no recibieron ninguna dosis de refuerzo contra el COVID desde hace m\u00e1s de 6 meses y&nbsp;<a rel=\"noreferrer noopener\" href=\"https:\/\/www.infobae.com\/salud\/2023\/09\/28\/cuantos-casos-de-covid-hay-hoy-en-argentina-y-quienes-deben-vacunarse\/\" target=\"_blank\">deben vacunarse<\/a>&nbsp;para mantener la protecci\u00f3n contra las cuadros severos de la infecci\u00f3n y el riesgo de hospitalizaci\u00f3n, seg\u00fan los datos actualizados del Ministerio de Salud de la Naci\u00f3n.<\/p>\n\n\n\n<p>A trav\u00e9s de un comunicado, la cartera sanitaria que dirige Carla Vizzotti, inst\u00f3 a toda la poblaci\u00f3n a aplicarse las dosis de refuerzo contra el COVID-19, \u201c<strong>en especial a las personas de 50 a\u00f1os o m\u00e1s<\/strong>, quienes tienen mayor riesgo de desarrollar formas graves de la enfermedad\u201d, se\u00f1alaron en el texto y agregaron que la recomendaci\u00f3n es avalada por la Organizaci\u00f3n Mundial de la Salud (OMS) que destaca la aplicaci\u00f3n de refuerzos como la herramienta m\u00e1s eficaz para enfrentar la infecci\u00f3n.<\/p>\n\n\n\n<p>\u201cM\u00e1s all\u00e1 de que las personas puedan contar con el esquema primario completo, la estrategia de refuerzo de vacunas contra la COVID-19 es fundamental para mantener una protecci\u00f3n adecuada a fin de prevenir complicaciones, hospitalizaciones y muertes por esta enfermedad\u201d, indican las autoridades sanitarias.<\/p>\n\n\n\n<p><img decoding=\"async\" loading=\"lazy\" alt=\"Las personas mayores de 50 a\u00f1os, o aquellas que padecen enfermedades preexistentes son las m\u00e1s susceptibles a sufrir casos graves (iStock)\" height=\"1080\" width=\"1920\" src=\"https:\/\/www.infobae.com\/new-resizer\/eymYCFrt4-MimelfofBu6G351K4=\/arc-anglerfish-arc2-prod-infobae\/public\/2UMHA6M2F5BVXK4L7GEILXSXUU.jpg\" srcset=\"https:\/\/www.infobae.com\/new-resizer\/WnSJeAx8n3G_-mZUbNonH-UPHjk=\/420x236\/filters:format(webp):quality(85)\/cloudfront-us-east-1.images.arcpublishing.com\/infobae\/2UMHA6M2F5BVXK4L7GEILXSXUU.jpg 420w,https:\/\/www.infobae.com\/new-resizer\/v0SXwntTveJ2qvHyrCXiIF8niGs=\/768x432\/filters:format(webp):quality(85)\/cloudfront-us-east-1.images.arcpublishing.com\/infobae\/2UMHA6M2F5BVXK4L7GEILXSXUU.jpg 768w,https:\/\/www.infobae.com\/new-resizer\/ehSO02WjYh1XXzJjLl5CnRUcLxM=\/992x558\/filters:format(webp):quality(85)\/cloudfront-us-east-1.images.arcpublishing.com\/infobae\/2UMHA6M2F5BVXK4L7GEILXSXUU.jpg 992w,https:\/\/www.infobae.com\/new-resizer\/qGEcn6HX3pdfL66Y1hG-thEGzlI=\/1200x675\/filters:format(webp):quality(85)\/cloudfront-us-east-1.images.arcpublishing.com\/infobae\/2UMHA6M2F5BVXK4L7GEILXSXUU.jpg 1200w,https:\/\/www.infobae.com\/new-resizer\/bh4ElcsYmTIQmSUC9hj-_VgNGeA=\/1440x810\/filters:format(webp):quality(85)\/cloudfront-us-east-1.images.arcpublishing.com\/infobae\/2UMHA6M2F5BVXK4L7GEILXSXUU.jpg 1440w\">Las personas mayores de 50 a\u00f1os, o aquellas que padecen enfermedades preexistentes son las m\u00e1s susceptibles a sufrir casos graves (iStock)<\/p>\n\n\n\n<p>Seg\u00fan datos del registro federal de vacunaci\u00f3n,\u00a0<strong>10.467.954\u00a0<\/strong>personas mayores de 50 a\u00f1os no han recibido una dosis de refuerzo en los \u00faltimos 6 meses.Como inform\u00f3\u00a0<a rel=\"noreferrer noopener\" href=\"https:\/\/www.infobae.com\/salud\/2023\/09\/25\/los-casos-de-covid-subieron-120-en-el-ultimo-mes-en-el-pais\/\" target=\"_blank\">Infobae<\/a>, el \u00faltimo Bolet\u00edn Epidemiol\u00f3gico Nacional mostr\u00f3 que de los 1.480 casos de COVID-19 reportados en la semana epidemiol\u00f3gica 34 (del 21 al 27 de agosto), se registr\u00f3 un salto a 3.187 casos en la semana 37 (del 11 al 17 de septiembre), cifra que marca un<strong>\u00a0incremento de casos del 120%<\/strong>\u00a0<strong>en el \u00faltimo mes.<\/strong><\/p>\n\n\n\n<p>En tanto, en lo que se refiere a la curva de personas hospitalizadas por COVID-19, empez\u00f3 a crecer desde principios de agosto, con un un promedio actual de 200 notificaciones por semana.<\/p>\n\n\n\n<h2>Qui\u00e9nes deben recibir las dosis de refuerzo<\/h2>\n\n\n\n<p><img decoding=\"async\" loading=\"lazy\" alt=\"&quot;El COVID-19 ya no es una emergencia de salud p\u00fablica de importancia internacional, pero contin\u00faa siendo una amenaza para la salud p\u00fablica en cada naci\u00f3n&quot;, indic\u00f3 la OMS (Getty)\" height=\"1080\" width=\"1920\" src=\"https:\/\/www.infobae.com\/new-resizer\/Iuf04YZanNIN1F2NCzxQNOEtr3o=\/arc-anglerfish-arc2-prod-infobae\/public\/S6KPE764BVAXFAKXM6AD2X4ODA.jpg\" srcset=\"https:\/\/www.infobae.com\/new-resizer\/fZIc2gBiJOpJe6-Uv3KRtrxQDL8=\/420x236\/filters:format(webp):quality(85)\/cloudfront-us-east-1.images.arcpublishing.com\/infobae\/S6KPE764BVAXFAKXM6AD2X4ODA.jpg 420w,https:\/\/www.infobae.com\/new-resizer\/R1xyfySI48I-2UhczTzjFIP43W8=\/768x432\/filters:format(webp):quality(85)\/cloudfront-us-east-1.images.arcpublishing.com\/infobae\/S6KPE764BVAXFAKXM6AD2X4ODA.jpg 768w,https:\/\/www.infobae.com\/new-resizer\/FmMjt1J81hK9F-akqEiXkZ24l_0=\/992x558\/filters:format(webp):quality(85)\/cloudfront-us-east-1.images.arcpublishing.com\/infobae\/S6KPE764BVAXFAKXM6AD2X4ODA.jpg 992w,https:\/\/www.infobae.com\/new-resizer\/jcAiG73_cuSMCI7kIVeHsNVefq0=\/1200x675\/filters:format(webp):quality(85)\/cloudfront-us-east-1.images.arcpublishing.com\/infobae\/S6KPE764BVAXFAKXM6AD2X4ODA.jpg 1200w,https:\/\/www.infobae.com\/new-resizer\/4k01jv0djkvUlJ0gDtExyVmsECM=\/1440x810\/filters:format(webp):quality(85)\/cloudfront-us-east-1.images.arcpublishing.com\/infobae\/S6KPE764BVAXFAKXM6AD2X4ODA.jpg 1440w\">&#8220;El COVID-19 ya no es una emergencia de salud p\u00fablica de importancia internacional, pero contin\u00faa siendo una amenaza para la salud p\u00fablica en cada naci\u00f3n&#8221;, indic\u00f3 la OMS (Getty)<\/p>\n\n\n\n<p><strong>Grupos de riesgo alto<\/strong><\/p>\n\n\n\n<p>En este contexto, se recomienda fuertemente que quienes se encuentren dentro de&nbsp;<strong>grupos con alto riesgo&nbsp;<\/strong>de desarrollar formas graves de enfermedad, como son las personas de 50 a\u00f1os o mayores y las&nbsp;<strong>embarazadas<\/strong>, reciban una&nbsp;<strong>dosis de refuerzo&nbsp;<\/strong>contra COVID-19&nbsp;<strong>si han transcurrido 6 meses desde la \u00faltima dosis aplicada<\/strong>, independientemente de la cantidad de refuerzos recibidos previamente.<\/p>\n\n\n\n<p><strong>Grupos de riesgo medio<\/strong><\/p>\n\n\n\n<p>Adem\u00e1s,&nbsp;<strong>las personas menores de 50 a\u00f1os con comorbilidades (enfermedades cr\u00f3nicas y obesidad)<\/strong>&nbsp;y las personas con mayor riesgo de exposici\u00f3n (<strong>personal de salud<\/strong>) y funci\u00f3n estrat\u00e9gica se incluyen en el&nbsp;<strong>grupo de riesgo medio&nbsp;<\/strong>de experimentar enfermedad grave o muerte por infecci\u00f3n por SARS-CoV-2. La recomendaci\u00f3n, que si ya han recibido un refuerzo en los \u00faltimos 6 meses, recuerden la importancia de recibir un&nbsp;<strong>refuerzo anual<\/strong>.<\/p>\n\n\n\n<p><strong>Grupos de riesgo alto<\/strong><\/p>\n\n\n\n<p>Por \u00faltimo, las personas consideradas con bajo riesgo de complicaciones, es decir<strong>&nbsp;menores de 50 a\u00f1os sin comorbilidades<\/strong>, se recomienda que la vacunaci\u00f3n de refuerzo contra el coronavirus sea&nbsp;<strong>anual<\/strong>.<\/p>\n\n\n\n<p>La OMS destaca que la vacunaci\u00f3n y la aplicaci\u00f3n de refuerzos sigue siendo la herramienta m\u00e1s eficaz para enfrentar al COVID-19, especialmente en los grupos de riesgo. Si bien la vigilancia sobre el virus disminuy\u00f3 en todo el mundo,&nbsp;<strong>sigue habiendo circulaci\u00f3n y aumento de casos, sobre todo en las regiones de As\u00eda y Am\u00e9rica<\/strong>.<\/p>\n\n\n\n<p><img decoding=\"async\" loading=\"lazy\" alt=\"Por \u00faltimo, las personas consideradas con bajo riesgo de complicaciones, es decir menores de 50 a\u00f1os sin comorbilidades, se recomienda que la vacunaci\u00f3n de refuerzo contra la COVID-19 sea anual (Getty)\" height=\"1081\" width=\"1920\" src=\"https:\/\/www.infobae.com\/new-resizer\/ib5EhsT7aLSoDLbtZ3vZCc-0img=\/arc-anglerfish-arc2-prod-infobae\/public\/IBJWGDCGGNFALALIZDGR6VTLNI.jpg\" srcset=\"https:\/\/www.infobae.com\/new-resizer\/t08UuMelg6MyhdhEIz0PvllIl34=\/420x236\/filters:format(webp):quality(85)\/cloudfront-us-east-1.images.arcpublishing.com\/infobae\/IBJWGDCGGNFALALIZDGR6VTLNI.jpg 420w,https:\/\/www.infobae.com\/new-resizer\/IsFQN6JZ4J6XupflecH5zIEbjvA=\/768x432\/filters:format(webp):quality(85)\/cloudfront-us-east-1.images.arcpublishing.com\/infobae\/IBJWGDCGGNFALALIZDGR6VTLNI.jpg 768w,https:\/\/www.infobae.com\/new-resizer\/D_4zjSISKrZ2jjceCKrWG7fQJMc=\/992x558\/filters:format(webp):quality(85)\/cloudfront-us-east-1.images.arcpublishing.com\/infobae\/IBJWGDCGGNFALALIZDGR6VTLNI.jpg 992w,https:\/\/www.infobae.com\/new-resizer\/C2CEjkxuNzXCCWhEj5yk1XRMplA=\/1200x675\/filters:format(webp):quality(85)\/cloudfront-us-east-1.images.arcpublishing.com\/infobae\/IBJWGDCGGNFALALIZDGR6VTLNI.jpg 1200w,https:\/\/www.infobae.com\/new-resizer\/a-ke1VxOSEccOPkfvO5WZOkxvGc=\/1440x810\/filters:format(webp):quality(85)\/cloudfront-us-east-1.images.arcpublishing.com\/infobae\/IBJWGDCGGNFALALIZDGR6VTLNI.jpg 1440w\">Por \u00faltimo, las personas consideradas con bajo riesgo de complicaciones, es decir menores de 50 a\u00f1os sin comorbilidades, se recomienda que la vacunaci\u00f3n de refuerzo contra la COVID-19 sea anual (Getty)<\/p>\n\n\n\n<p>\u201cEl COVID-19 ya no es una emergencia de salud p\u00fablica de importancia internacional, pero sigue siendo una amenaza para la salud p\u00fablica de cada pa\u00eds\u201d, se\u00f1ala la OMS. Adem\u00e1s, se alert\u00f3 sobre el surgimiento de nuevas variantes del SARS-CoV-2, como EG.5 y BA2.86, que hasta el momento poseen un comportamiento similar a la variante \u00d3micron.<\/p>\n\n\n\n<h2>Los expertos piden mantener la vacunaci\u00f3n<\/h2>\n\n\n\n<p>Como se\u00f1al\u00f3&nbsp;<a rel=\"noreferrer noopener\" href=\"https:\/\/www.infobae.com\/salud\/2023\/09\/27\/aumento-del-120-en-los-casos-covid-en-argentina-la-importancia-de-las-dosis-de-refuerzo-para-mantener-la-inmunidad\/\" target=\"_blank\">Infobae&nbsp;<\/a>esta semana, los especialistas coinciden en advertir a la poblaci\u00f3n general de la importancia de aplicarse las dosis de refuerzos contra el COVID. \u201cEs importante mantener los esquemas de vacunaci\u00f3n y la actualizaci\u00f3n de las vacunas para la prevenci\u00f3n de esta enfermedad; tambi\u00e9n es importante destacar que el&nbsp;<strong>grupo poblacional pedi\u00e1trico<\/strong>, en especial entre los 6 meses a 5 a\u00f1os, es el menos vacunado\u201d, se\u00f1al\u00f3 la doctora&nbsp;<strong>Miriam Rozenek<\/strong>, m\u00e9dica infect\u00f3loga y geriatra (M.N. 75773), secretaria de la<strong>&nbsp;Comisi\u00f3n de Vacunas de la Sociedad Argentina de Infectolog\u00eda (SADI)<\/strong>.<\/p>\n\n\n\n<p>De acuerdo con estimaciones de la&nbsp;<strong>Sociedad Argentina de Vacunolog\u00eda y Epidemiolog\u00eda (SAVE)<\/strong>, 33 millones de argentinos ya recibieron su esquema primario de inmunizaci\u00f3n para la prevenci\u00f3n del COVID-19 y se encuentran en condiciones de acceder a un nuevo refuerzo porque transcurrieron m\u00e1s de 6 meses desde su \u00faltima dosis.<\/p>\n\n\n\n<p>\u201cSolamente con las buenas coberturas de vacunaci\u00f3n contra la Covid-19 de la gran mayor\u00eda de la poblaci\u00f3n podemos aspirar a controlar la enfermedad, sin las complicaciones que se presentaron antes de poder contar con la disponibilidad de la vacunaci\u00f3n. Como con todas las vacunas, la efectividad de una vacuna puede ser muy buena, pero si no llega a los brazos de la poblaci\u00f3n y queda en la heladera, no sirve\u201d, complet\u00f3 la doctora Rozenek.<\/p>\n\n\n\n<p>Fuente: Infobae<\/p>\n","protected":false},"excerpt":{"rendered":"<div class=\"mh-excerpt\"><p>M\u00e1s de 10 millones de argentinos mayores de 50 a\u00f1os&nbsp;no recibieron ninguna dosis de refuerzo contra el COVID desde hace m\u00e1s de 6 meses y&nbsp;deben vacunarse&nbsp;para mantener la protecci\u00f3n contra las cuadros severos de la infecci\u00f3n y el riesgo de hospitalizaci\u00f3n, seg\u00fan los datos actualizados del Ministerio de Salud de la Naci\u00f3n. A trav\u00e9s de un comunicado, la cartera sanitaria que dirige Carla Vizzotti, inst\u00f3 a toda la poblaci\u00f3n a aplicarse las dosis de refuerzo contra el COVID-19, \u201cen especial a las personas de 50 a\u00f1os o m\u00e1s, quienes tienen mayor riesgo de desarrollar formas graves de la enfermedad\u201d, se\u00f1alaron <a class=\"mh-excerpt-more\" href=\"http:\/\/dsrmedios.com.ar\/diario\/archivos\/39867\" title=\"10 millones de argentinos mayores de 50 a\u00f1os deben vacunarse contra el COVID\">[Leer m\u00e1s]<\/a><\/p>\n<\/div>","protected":false},"author":8,"featured_media":39868,"comment_status":"open","ping_status":"closed","sticky":false,"template":"","format":"standard","meta":{"_jetpack_newsletter_access":""},"categories":[6],"tags":[],"jetpack_featured_media_url":"http:\/\/dsrmedios.com.ar\/diario\/wp-content\/uploads\/2023\/09\/115982073_gettyimages-1229654575.jpg","jetpack_sharing_enabled":true,"jetpack_shortlink":"https:\/\/wp.me\/p9fihK-an1","_links":{"self":[{"href":"http:\/\/dsrmedios.com.ar\/diario\/wp-json\/wp\/v2\/posts\/39867"}],"collection":[{"href":"http:\/\/dsrmedios.com.ar\/diario\/wp-json\/wp\/v2\/posts"}],"about":[{"href":"http:\/\/dsrmedios.com.ar\/diario\/wp-json\/wp\/v2\/types\/post"}],"author":[{"embeddable":true,"href":"http:\/\/dsrmedios.com.ar\/diario\/wp-json\/wp\/v2\/users\/8"}],"replies":[{"embeddable":true,"href":"http:\/\/dsrmedios.com.ar\/diario\/wp-json\/wp\/v2\/comments?post=39867"}],"version-history":[{"count":1,"href":"http:\/\/dsrmedios.com.ar\/diario\/wp-json\/wp\/v2\/posts\/39867\/revisions"}],"predecessor-version":[{"id":39869,"href":"http:\/\/dsrmedios.com.ar\/diario\/wp-json\/wp\/v2\/posts\/39867\/revisions\/39869"}],"wp:featuredmedia":[{"embeddable":true,"href":"http:\/\/dsrmedios.com.ar\/diario\/wp-json\/wp\/v2\/media\/39868"}],"wp:attachment":[{"href":"http:\/\/dsrmedios.com.ar\/diario\/wp-json\/wp\/v2\/media?parent=39867"}],"wp:term":[{"taxonomy":"category","embeddable":true,"href":"http:\/\/dsrmedios.com.ar\/diario\/wp-json\/wp\/v2\/categories?post=39867"},{"taxonomy":"post_tag","embeddable":true,"href":"http:\/\/dsrmedios.com.ar\/diario\/wp-json\/wp\/v2\/tags?post=39867"}],"curies":[{"name":"wp","href":"https:\/\/api.w.org\/{rel}","templated":true}]}}