{"id":39864,"date":"2023-09-28T15:55:34","date_gmt":"2023-09-28T18:55:34","guid":{"rendered":"http:\/\/dsrmedios.com.ar\/diario\/?p=39864"},"modified":"2023-09-28T15:55:37","modified_gmt":"2023-09-28T18:55:37","slug":"el-fmi-cuestiono-las-ultimas-medidas-del-gobierno-y-puso-reparos-sobre-la-dolarizacion","status":"publish","type":"post","link":"http:\/\/dsrmedios.com.ar\/diario\/archivos\/39864","title":{"rendered":"El FMI cuestion\u00f3 las \u00faltimas medidas del Gobierno y puso reparos sobre la dolarizaci\u00f3n"},"content":{"rendered":"\n<p>El Fondo Monetario Internacional (FMI) critic\u00f3 con dureza las medidas adoptadas por el Gobierno luego de las elecciones al afirmar que aumentan las fuertes dificultades macroecon\u00f3micas que afronta el pa\u00eds.<\/p>\n\n\n\n<p><\/p>\n\n\n\n<p>Adem\u00e1s, aclar\u00f3 que la dolarizaci\u00f3n que propone el candidato<strong>&nbsp;Javier Milei&nbsp;<\/strong>exige condiciones previas para funcionar en forma adecuada y no reemplaza las medidas fiscales y monetarias que hay que adoptar para estabilizar al pa\u00eds.<\/p>\n\n\n\n<p>En la conferencia de prensa desde Washington que realiz\u00f3 su vocera,<strong>&nbsp;Julie Kozack,<\/strong>&nbsp;no dio precisiones sobre la pr\u00f3xima revisi\u00f3n que debe enfrentar la Argentina para recibir el pr\u00f3ximo desembolso. Pero fue tajante sobre las decisiones adoptadas por el equipo que dirige el ministro de Econom\u00eda y candidato presidencial,&nbsp;<strong>Sergio Massa,&nbsp;<\/strong>aunque el organismo haya perdido poder de fuego al haberle desembolsado recursos al Gobierno sin que se hubieran cumplido las metas del programa.<\/p>\n\n\n\n<p>\u201cLa situaci\u00f3n econ\u00f3mica de la Argentina sigue siendo muy dif\u00edcil y compleja; la inflaci\u00f3n es muy alta y sigue aumentando; los colchones de reservas son bajos y las condiciones sociales son fr\u00e1giles\u201d, afirm\u00f3 Kozack.<\/p>\n\n\n\n<p>\u201cEl paquete de pol\u00edticas acordado en la \u00faltima revisi\u00f3n, la quinta y la sexta, ten\u00eda el objetivo de salvaguardar la estabilidad a trav\u00e9s de la reconstrucci\u00f3n de las reservas, restablecer el orden fiscal y proteger a los m\u00e1s vulnerables\u201d, indic\u00f3. \u201cLa revisi\u00f3n del tipo de cambio junto con una pol\u00edtica monetaria y fiscal restrictiva son componentes esenciales del programa\u201d, precis\u00f3.<\/p>\n\n\n\n<p>Luego, advirti\u00f3: \u201c<a rel=\"noreferrer noopener\" href=\"https:\/\/www.infobae.com\/economia\/2023\/09\/16\/massa-anticipo-que-habra-nuevas-medidas-a-favor-de-autonomos-informales-y-pymes\/\" target=\"_blank\">Las medidas de pol\u00edtica adoptadas<\/a>\u00a0exacerban las dificultades de la Argentina\u201d. Al respecto, aclar\u00f3 que el organismo todav\u00eda eval\u00faa su alcance. \u201cEstamos trabajando para entender mejor y evaluar estas medidas recientes y\u00a0<strong>la necesidad de adoptar acciones compensatorias<\/strong>\u00a0que puedan adoptarse para fortalecer la estabilidad y salvaguardar los objetivos del programa al tiempo que no se exacerben las vulnerabilidades\u201d.<\/p>\n\n\n\n<p>\u201cNuestro objetivo sigue siendo salvaguardar la estabilidad y proteger a los m\u00e1s d\u00e9biles en estas \u00e9pocas dif\u00edciles\u201d, indic\u00f3 la funcionaria que previamente se desempe\u00f1\u00f3 como auditora de la Argentina en el inicio del programa firmado con el actual gobierno.<\/p>\n\n\n\n<p><img decoding=\"async\" loading=\"lazy\" alt=\"Julie Kozack, vocera del FMI\n\n(NA)\" height=\"1080\" width=\"1920\" src=\"https:\/\/www.infobae.com\/new-resizer\/3PLCss0ZFDWCdsUb6m2mCGiiobg=\/arc-anglerfish-arc2-prod-infobae\/public\/KUPGCM3M4JAJHGRVHK2BIO2Y6I.jpg\" srcset=\"https:\/\/www.infobae.com\/new-resizer\/gf1CdT8SgfcDHoCHWLGKkemhNFg=\/420x236\/filters:format(webp):quality(85)\/cloudfront-us-east-1.images.arcpublishing.com\/infobae\/KUPGCM3M4JAJHGRVHK2BIO2Y6I.jpg 420w,https:\/\/www.infobae.com\/new-resizer\/i8Rog2fhJdZdmxsq0dseFM6_t9o=\/768x432\/filters:format(webp):quality(85)\/cloudfront-us-east-1.images.arcpublishing.com\/infobae\/KUPGCM3M4JAJHGRVHK2BIO2Y6I.jpg 768w,https:\/\/www.infobae.com\/new-resizer\/F_xpcJKhT_XgLuNCrEQUJ8fzsK4=\/992x558\/filters:format(webp):quality(85)\/cloudfront-us-east-1.images.arcpublishing.com\/infobae\/KUPGCM3M4JAJHGRVHK2BIO2Y6I.jpg 992w,https:\/\/www.infobae.com\/new-resizer\/29P7zHGa0bqu7OsOFwL3JYng7aA=\/1200x675\/filters:format(webp):quality(85)\/cloudfront-us-east-1.images.arcpublishing.com\/infobae\/KUPGCM3M4JAJHGRVHK2BIO2Y6I.jpg 1200w,https:\/\/www.infobae.com\/new-resizer\/FAi0MX5pVW_xiElMRqe5NLP8UKQ=\/1440x810\/filters:format(webp):quality(85)\/cloudfront-us-east-1.images.arcpublishing.com\/infobae\/KUPGCM3M4JAJHGRVHK2BIO2Y6I.jpg 1440w\">Julie Kozack, vocera del FMI (NA)<\/p>\n\n\n\n<p>\u201cEs de inter\u00e9s para el FMI seguir trabajando con la Argentina con un consenso tan amplio como sea posible para garantizar la estabilidad y la prosperidad del pa\u00eds\u201d, afirm\u00f3. De todos modos, no dio pistas sobre cu\u00e1ndo se realizar\u00e1 la pr\u00f3xima revisi\u00f3n. Tanto el Gobierno como el Fondo optaron por postergar este an\u00e1lisis para despu\u00e9s de las elecciones de octubre y la eventual segunda vuelta en noviembre. \u201cEs demasiado pronto para especular cu\u00e1ndo se har\u00e1; es nuestro inter\u00e9s seguir trabajando en forma estrecha con la Argentina\u201d, reiter\u00f3 Kozack sin salir de su libreto habitual.<\/p>\n\n\n\n<p>Cerca de Massa retrucaron en voz baja las cr\u00edticas del Fondo y afirmaron que \u201cse deber\u00edan haber preocupado cuando le dieron un cr\u00e9dito al gobierno de Macri en 28 horas\u201d; a la vez, saben que cualquier cuestionamiento de Washington en voz alta puede ser un punto a favor del candidato en medio de la campa\u00f1a electoral.<\/p>\n\n\n\n<h2>La opini\u00f3n del FMI sobre la dolarizaci\u00f3n<\/h2>\n\n\n\n<p>Cuando se le pregunt\u00f3 sobre la dolarizaci\u00f3n que promueve Milei &#8211;<a rel=\"noreferrer noopener\" href=\"https:\/\/www.infobae.com\/politica\/2023\/09\/14\/javier-milei-hablo-de-su-reunion-con-el-fmi-fui-muy-claro-la-deuda-se-paga\/\" target=\"_blank\">que mantuvo un contacto virtual con el staff del Fondo<\/a>&#8211; Kozack indic\u00f3: \u201cLa determinaci\u00f3n del tipo de cambio es una prerrogativa del pa\u00eds. Cuando hablamos de esto con los pa\u00edses nuestra preocupaci\u00f3n es que la pol\u00edtica macroecon\u00f3mica sea coherente con una transici\u00f3n ordenada entre tipos de cambio\u201d.<\/p>\n\n\n\n<p>Adem\u00e1s, expres\u00f3: \u201cEs importante garantizar la viabilidad de largo plazo del sistema cambiario que se seleccione y en ese sentido la dolarizaci\u00f3n requiere pasos previos importantes y no es algo que no reemplace una pol\u00edtica macroecon\u00f3mica s\u00f3lida\u201d.<\/p>\n\n\n\n<p><img decoding=\"async\" loading=\"lazy\" alt=\"El candidato presidencial argentino Javier Milei, del partido La Libertad Avanza, sostiene un p\u00f3ster que representa el billete de un d\u00f3lar con su rostro, durante un acto de campa\u00f1a en La Plata, Buenos Aires, Argentina, el 12 de septiembre de 2023. REUTERS\/Agustin Marcarian\" height=\"569\" width=\"800\" src=\"https:\/\/www.infobae.com\/new-resizer\/PQLccZyQRMdwDGBpWVvsJObFBXw=\/arc-anglerfish-arc2-prod-infobae\/public\/2SUMBQTLPHABASH2KTORGLJG3I.jpg\" srcset=\"https:\/\/www.infobae.com\/new-resizer\/uegLmTOvBQjsqIKpr4WOhhXIgcE=\/420x280\/filters:format(webp):quality(85)\/cloudfront-us-east-1.images.arcpublishing.com\/infobae\/2SUMBQTLPHABASH2KTORGLJG3I.jpg 420w,https:\/\/www.infobae.com\/new-resizer\/vauPElGMzY2fsP8Bq1cOdj5geNw=\/768x512\/filters:format(webp):quality(85)\/cloudfront-us-east-1.images.arcpublishing.com\/infobae\/2SUMBQTLPHABASH2KTORGLJG3I.jpg 768w,https:\/\/www.infobae.com\/new-resizer\/N4h7NPbXkH60e-XxGIlZWnIrbkA=\/992x661\/filters:format(webp):quality(85)\/cloudfront-us-east-1.images.arcpublishing.com\/infobae\/2SUMBQTLPHABASH2KTORGLJG3I.jpg 992w,https:\/\/www.infobae.com\/new-resizer\/gjEC8BPEV0ytWvybIXAMN9r4RQk=\/1200x800\/filters:format(webp):quality(85)\/cloudfront-us-east-1.images.arcpublishing.com\/infobae\/2SUMBQTLPHABASH2KTORGLJG3I.jpg 1200w,https:\/\/www.infobae.com\/new-resizer\/xU10zBbm6RxFZ6liI1ocrd0Fc3U=\/1440x960\/filters:format(webp):quality(85)\/cloudfront-us-east-1.images.arcpublishing.com\/infobae\/2SUMBQTLPHABASH2KTORGLJG3I.jpg 1440w\">El candidato presidencial argentino Javier Milei, del partido La Libertad Avanza, sostiene un p\u00f3ster que representa el billete de un d\u00f3lar con su rostro, durante un acto de campa\u00f1a en La Plata, Buenos Aires, Argentina, el 12 de septiembre de 2023. REUTERS\/Agustin Marcarian<\/p>\n\n\n\n<p>Tras la \u00faltima revisi\u00f3n en la que el FMI le gir\u00f3 el desembolso de USD USD 7.500 millones, el organismo advirti\u00f3 que el programa firmado por el gobierno de&nbsp;<strong>Alberto Fern\u00e1ndez&nbsp;<\/strong>en 2022 se ha \u201cdescarrilado\u201d por el incumplimiento de las metas acordadas. En paralelo, el Fondo pidi\u00f3 una serie de \u201cacciones previas\u201d al pa\u00eds para concretar ese giro de dinero, como la devaluaci\u00f3n del 20% adoptada tras las elecciones primarias de agosto \u00faltimo.<\/p>\n\n\n\n<p>La tensi\u00f3n entre ambas partes se reflej\u00f3 en la necesidad de la Argentina de tener que recurrir al gobierno de Catar, a la CAF y al swap con China para pagarle un vencimiento al organismo multilateral que integra desde 1956.<\/p>\n\n\n\n<p>El calendario de pagos contempla un pago el 6 de octubre por USD 1.280 millones, otro el 12 de octubre por USD 640 millones y un tercero por USD 673 millones, el \u00faltimo d\u00eda de octubre. Pero el Gobierno pagar\u00e1 los USD 2.600 millones, todos juntos, el \u00faltimo d\u00eda de octubre, ocho d\u00edas despu\u00e9s de las elecciones; se trata de una facultad que tienen los pa\u00edses deudores y que no altera el estatus del programa de refinanciaci\u00f3n.<\/p>\n\n\n\n<p>El informe del staff t\u00e9cnico de fines de agosto enfatiz\u00f3 que el programa necesitaba un&nbsp;<strong>paquete de medidas<\/strong>&nbsp;para volver a funcionar, junto con la devaluaci\u00f3n, como una<strong>&nbsp;tasa de inter\u00e9s positiva en t\u00e9rminos reales<\/strong>, decisiones que refuercen la recaudaci\u00f3n tributaria y una aceleraci\u00f3n del<strong>&nbsp;recorte de subsidios<\/strong>&nbsp;a las tarifas el\u00e9ctricas. La mayor\u00eda de<\/p>\n\n\n\n<p>En varios tramos del\u00a0<a rel=\"noreferrer noopener\" href=\"https:\/\/www.infobae.com\/economia\/2023\/08\/25\/para-los-tecnicos-del-fmi-la-fragilidad-de-la-situacion-economica-argentina-se-incremento-por-la-incertidumbre-electoral\/\" target=\"_blank\">extenso staff report,<\/a>\u00a0el organismo plante\u00f3 c\u00f3mo el calendario electoral implic\u00f3 una fuente adicional de tensi\u00f3n econ\u00f3mica. \u201c<strong>La din\u00e1mica electoral ha complicado la formulaci\u00f3n de pol\u00edticas<\/strong>\u00a0y ha aumentado las incertidumbres. Los desv\u00edos en las pol\u00edticas reflejaron restricciones pol\u00edticas y consideraciones electorales, incluido el hecho de que el ministro de Econom\u00eda,\u00a0<strong>Sergio Massa<\/strong>, tambi\u00e9n es candidato presidencial, y las incertidumbres pol\u00edticas se sumaron a las tensiones m\u00e1s recientemente\u201d, expres\u00f3, tajante.<\/p>\n\n\n\n<p>Fuente: Infobae<\/p>\n","protected":false},"excerpt":{"rendered":"<div class=\"mh-excerpt\"><p>El Fondo Monetario Internacional (FMI) critic\u00f3 con dureza las medidas adoptadas por el Gobierno luego de las elecciones al afirmar que aumentan las fuertes dificultades macroecon\u00f3micas que afronta el pa\u00eds. Adem\u00e1s, aclar\u00f3 que la dolarizaci\u00f3n que propone el candidato&nbsp;Javier Milei&nbsp;exige condiciones previas para funcionar en forma adecuada y no reemplaza las medidas fiscales y monetarias que hay que adoptar para estabilizar al pa\u00eds. En la conferencia de prensa desde Washington que realiz\u00f3 su vocera,&nbsp;Julie Kozack,&nbsp;no dio precisiones sobre la pr\u00f3xima revisi\u00f3n que debe enfrentar la Argentina para recibir el pr\u00f3ximo desembolso. Pero fue tajante sobre las decisiones adoptadas por el <a class=\"mh-excerpt-more\" href=\"http:\/\/dsrmedios.com.ar\/diario\/archivos\/39864\" title=\"El FMI cuestion\u00f3 las \u00faltimas medidas del Gobierno y puso reparos sobre la dolarizaci\u00f3n\">[Leer m\u00e1s]<\/a><\/p>\n<\/div>","protected":false},"author":8,"featured_media":39865,"comment_status":"open","ping_status":"closed","sticky":false,"template":"","format":"standard","meta":{"_jetpack_newsletter_access":""},"categories":[6],"tags":[],"jetpack_featured_media_url":"http:\/\/dsrmedios.com.ar\/diario\/wp-content\/uploads\/2023\/09\/1695918249060.webp","jetpack_sharing_enabled":true,"jetpack_shortlink":"https:\/\/wp.me\/p9fihK-amY","_links":{"self":[{"href":"http:\/\/dsrmedios.com.ar\/diario\/wp-json\/wp\/v2\/posts\/39864"}],"collection":[{"href":"http:\/\/dsrmedios.com.ar\/diario\/wp-json\/wp\/v2\/posts"}],"about":[{"href":"http:\/\/dsrmedios.com.ar\/diario\/wp-json\/wp\/v2\/types\/post"}],"author":[{"embeddable":true,"href":"http:\/\/dsrmedios.com.ar\/diario\/wp-json\/wp\/v2\/users\/8"}],"replies":[{"embeddable":true,"href":"http:\/\/dsrmedios.com.ar\/diario\/wp-json\/wp\/v2\/comments?post=39864"}],"version-history":[{"count":1,"href":"http:\/\/dsrmedios.com.ar\/diario\/wp-json\/wp\/v2\/posts\/39864\/revisions"}],"predecessor-version":[{"id":39866,"href":"http:\/\/dsrmedios.com.ar\/diario\/wp-json\/wp\/v2\/posts\/39864\/revisions\/39866"}],"wp:featuredmedia":[{"embeddable":true,"href":"http:\/\/dsrmedios.com.ar\/diario\/wp-json\/wp\/v2\/media\/39865"}],"wp:attachment":[{"href":"http:\/\/dsrmedios.com.ar\/diario\/wp-json\/wp\/v2\/media?parent=39864"}],"wp:term":[{"taxonomy":"category","embeddable":true,"href":"http:\/\/dsrmedios.com.ar\/diario\/wp-json\/wp\/v2\/categories?post=39864"},{"taxonomy":"post_tag","embeddable":true,"href":"http:\/\/dsrmedios.com.ar\/diario\/wp-json\/wp\/v2\/tags?post=39864"}],"curies":[{"name":"wp","href":"https:\/\/api.w.org\/{rel}","templated":true}]}}