{"id":39858,"date":"2023-09-28T10:45:31","date_gmt":"2023-09-28T13:45:31","guid":{"rendered":"http:\/\/dsrmedios.com.ar\/diario\/?p=39858"},"modified":"2023-09-28T10:45:34","modified_gmt":"2023-09-28T13:45:34","slug":"dia-de-accion-global-por-el-acceso-al-aborto-legal-como-acceder-a-la-ive-en-la-provincia-de-buenos-aires","status":"publish","type":"post","link":"http:\/\/dsrmedios.com.ar\/diario\/archivos\/39858","title":{"rendered":"D\u00eda de Acci\u00f3n Global por el Acceso al Aborto Legal: c\u00f3mo acceder a la IVE en la provincia de Buenos Aires"},"content":{"rendered":"\n<p><\/p>\n\n\n\n<p>Todos los 28 de septiembre se conmemora el&nbsp;<a href=\"https:\/\/infocielo.com\/sociedad\/es-tiempo-volver-sacar-los-panuelos-al-sol-que-es-importante-tener-al-aborto-legal-agenda-n770355\" target=\"_blank\" rel=\"noreferrer noopener\"><strong>D\u00eda de Acci\u00f3n Global por el Acceso al Aborto Legal y Seguro<\/strong><\/a>, una jornada que tiene c\u00f3mo fin de tomar conciencia sobre la peligrosidad que corren las mujeres y personas gestantes al practicarse un aborto de forma clandestina. \u00bfCu\u00e1l es el origen de esta jornada, cu\u00e1les son los derechos garantizados por la ley en Argentina y c\u00f3mo acceder al aborto legal en la provincia de Buenos Aires?<\/p>\n\n\n\n<p>Esta efem\u00e9ride surgi\u00f3 en el\u00a0<strong>V Encuentro Feminista Latinoamericano y del Caribe de 1990<\/strong>\u00a0por iniciativa de la delegaci\u00f3n brasile\u00f1a. La elecci\u00f3n de esta fecha corresponde a que durante este mismo d\u00eda, pero de 1871, se promulg\u00f3 la Ley de Libertad de Vientres en Brasil, por lo cual se declararon libres a todos los hijos e hijas nacidos de mujeres esclavas.<\/p>\n\n\n\n<p>Durante el 28S se busca que la poblaci\u00f3n tome conciencia sobre la importancia de legalizar esta pr\u00e1ctica para evitar que se lleve a cabo en entornos inseguros e insalubres, que expone en muchos casos a las mujeres a la muerte. Principalmente, garantizar este derecho est\u00e1 vinculado al respeto por la autonom\u00eda de las mujeres sobre sus cuerpos, su futuro personal y la vida de sus parejas y familias.<\/p>\n\n\n\n<p>Aunque hist\u00f3ricamente las organizaciones feministas han luchado por conquistar este derecho, en Argentina el debate p\u00fablico, medi\u00e1tico y legislativo se intensific\u00f3 desde 2018, cuando se present\u00f3 por primera vez el proyecto de<strong>&nbsp;Ley de Interrupci\u00f3n Voluntaria del Embarazo (IVE)&nbsp;<\/strong>en el Congreso Nacional. Este tuvo aprobaci\u00f3n en la C\u00e1mara de Diputados, pero no en la C\u00e1mara de Senadores.<\/p>\n\n\n\n<figure class=\"wp-block-image\"><img decoding=\"async\" src=\"https:\/\/media.infocielo.com\/p\/37f56f1945102ef47c1ce173667585bc\/adjuntos\/299\/imagenes\/001\/495\/0001495375\/887x0\/smart\/aborto-legal-interrupcion-voluntaria-del-embarazo-1jpg.jpg\" alt=\"\" title=\"\"\/><\/figure>\n\n\n\n<p>Foto: DAMIAN DOPACIO (NA)<\/p>\n\n\n\n<p>Desde aquel momento, la marea verde de mujeres que lucha por una maternidad deseada no solo ocup\u00f3 las calles, sino que inund\u00f3 todos los \u00e1mbitos, convirti\u00e9ndose en uno de los movimientos sociales y pol\u00edticos m\u00e1s importantes de la historia del pa\u00eds.<\/p>\n\n\n\n<p>Dos a\u00f1os m\u00e1s tarde, en 2020, el proyecto se present\u00f3 nuevamente y se convirti\u00f3 en ley. Mediante la&nbsp;<strong>Ley N\u00b027.610,&nbsp;<\/strong>las mujeres y personas con capacidad de gestar tienen el derecho acceder a la interrupci\u00f3n de su embarazo hasta la semana 14 inclusive del embarazo tanto en el sistema de salud p\u00fablico como privado.<\/p>\n\n\n\n<h2>\u00bfCu\u00e1les son los derechos garantizado por el aborto legal?<\/h2>\n\n\n\n<p>Las mujeres y personas con otras identidades de g\u00e9nero con capacidad de gestar tienen derecho a:<\/p>\n\n\n\n<ul>\n<li>Decidir la interrupci\u00f3n del embarazo hasta la semana 14 inclusive del embarazo.<\/li>\n\n\n\n<li>Solicitar y acceder a la atenci\u00f3n de la interrupci\u00f3n del embarazo en los servicios del sistema de salud de acuerdo con lo establecido en esta ley.<\/li>\n\n\n\n<li>Solicitar y recibir atenci\u00f3n postaborto en los servicios del sistema de salud. Esto inclusive si la decisi\u00f3n de abortar no estaba legalmente habilitada por la ley.<\/li>\n\n\n\n<li>Prevenir los embarazos no intencionales mediante el acceso a informaci\u00f3n, educaci\u00f3n sexual integral y a m\u00e9todos anticonceptivos eficaces.<\/li>\n\n\n\n<li>Recibir trato digno.<\/li>\n\n\n\n<li>Respeto por la privacidad.<\/li>\n\n\n\n<li>Cuidado de la confidencialidad.<\/li>\n\n\n\n<li>Autonom\u00eda de la voluntad.<\/li>\n<\/ul>\n\n\n\n<figure class=\"wp-block-image\"><img decoding=\"async\" src=\"https:\/\/media.infocielo.com\/p\/d4b7944f0f50247550a8434d3a87e77e\/adjuntos\/299\/imagenes\/000\/429\/0000429873\/20180426113425_panuelazo-aborto-legal-ya-717x437jpg.jpg?0000-00-00-00-00-00\" alt=\"\" title=\"\"\/><\/figure>\n\n\n\n<p><strong>Despu\u00e9s de la semana 14<\/strong>, la persona gestante tiene derecho a decidir y acceder a la interrupci\u00f3n de su embarazo (ILE) solo en las siguientes situaciones:<\/p>\n\n\n\n<ul>\n<li>Si el embarazo es resultado de una violaci\u00f3n. En este caso se necesita el consentimiento informado de la persona gestante ante el personal de salud y la declaraci\u00f3n jurada, es decir el documento donde la persona requirente manifiesta que el embarazo es producto de una violaci\u00f3n. Si se trata de ni\u00f1as menores de 13 a\u00f1os de edad no se exige declaraci\u00f3n jurada.<\/li>\n\n\n\n<li>Si estuviera en peligro la vida o la salud de la persona gestante. En este caso se necesita el consentimiento informado de la persona gestante y la constancia de la causal en la historia cl\u00ednica. El peligro para la vida o la salud debe ser evaluado y establecido por el personal de salud interviniente. Este peligro implica la posibilidad de afectaci\u00f3n y no exige la configuraci\u00f3n concreta de un da\u00f1o.<\/li>\n<\/ul>\n\n\n\n<p>Cabe se\u00f1alar que, en ninguno de los casos se requiere autorizaci\u00f3n judicial para el acceso a la pr\u00e1ctica.<\/p>\n\n\n\n<p>Por otra parte, en caso de personas menores de edad les corresponde los siguientes derechos:<\/p>\n\n\n\n<ul>\n<li>Si la persona es mayor de 16 a\u00f1os de edad tiene plena capacidad por s\u00ed para prestar su consentimiento para ejercer los derechos de esta ley.<\/li>\n\n\n\n<li>Si la persona es menor de 16 a\u00f1os de edad es necesario el consentimiento informado.<\/li>\n<\/ul>\n\n\n\n<h2>28S: la convocatoria de volver a las calles<\/h2>\n\n\n\n<p>Organizaciones feministas y de derechos humanos convocaron a marchas en distintos puntos del pa\u00eds para este&nbsp;<strong>jueves 28 de septiembre<\/strong>&nbsp;en defensa del aborto seguro, legal y gratuito, de la Educaci\u00f3n Sexual Integral (ESI) y contra las derechas, el ajuste y el Fondo Monetario Internacional (FMI).<\/p>\n\n\n\n<p>Esta convocatoria no solo est\u00e1 relacionada a esta jornada de concientizaci\u00f3n, sino que tambi\u00e9n surgi\u00f3 tras el resultado de las \u00faltimas elecciones PASO que arrojaron al candidato Javier Milei como el m\u00e1s votado y cuyas propuestas avanzan en contra de los derechos adquiridos por las mujeres y disidencias.<\/p>\n\n\n\n<figure class=\"wp-block-image\"><img decoding=\"async\" src=\"https:\/\/media.infocielo.com\/p\/47a64a923a174f3e6d18fab8d754dc23\/adjuntos\/299\/imagenes\/001\/722\/0001722614\/887x0\/smart\/28sjpg.jpg\" alt=\"\" title=\"\"\/><\/figure>\n\n\n\n<p>En este sentido, la principal marcha se llevar\u00e1 a cabo a partir de las 16:00hs desde Plaza de Mayo hasta Congreso de la Naci\u00f3n. A las 18:00hs ser\u00e1 la concentraci\u00f3n, que incluir\u00e1 un pa\u00f1uelazo en el Congreso. En el acto central se leer\u00e1 un pliego con las consignas de este a\u00f1o. A su vez, se espera que haya marchas en todo el pa\u00eds.<\/p>\n\n\n\n<p>Las principales consignas de este d\u00eda ser\u00e1n:<\/p>\n\n\n\n<ul>\n<li>Por el aborto seguro y gratuito, por la ESI y por vidas dignas<\/li>\n\n\n\n<li>Contra las derechas, el ajuste y el FMI<\/li>\n\n\n\n<li>La libertad es nuestra<\/li>\n<\/ul>\n\n\n\n<h2>\u00bfC\u00f3mo acceder al aborto legal, seguro y gratuito en la provincia de Buenos Aires?<\/h2>\n\n\n\n<p>El Ministerio de Salud de la provincia de Buenos Aires posee<a href=\"https:\/\/www.ms.gba.gov.ar\/sitios\/aborto\/\" target=\"_blank\" rel=\"noreferrer noopener\">&nbsp;un mapa interactivo&nbsp;<\/a>en el que se puede consultar cada uno de los establecimientos del territorio bonaerense donde realizarse un aborto legal, seguro y gratuito, tal lo dispone la ley N\u00b0 27.610.<\/p>\n\n\n\n<p>El mapa cuenta con m\u00e1s de 400 establecimientos p\u00fablicos de salud, entre centros de primer nivel de atenci\u00f3n y hospitales bonaerenses. Asimismo, el sitio cuenta con informaci\u00f3n necesaria para despejar dudas, preguntas frecuentes, junto con informaci\u00f3n equipos de salud y contactos.<\/p>\n\n\n\n<h3>El paso a paso de c\u00f3mo acceder a IVE en la provincia de Buenos Aires:<\/h3>\n\n\n\n<ol>\n<li>Si sospech\u00e1s de un embarazo, busc\u00e1 en el<a href=\"https:\/\/www.ms.gba.gov.ar\/sitios\/aborto\/\" target=\"_blank\" rel=\"noreferrer noopener\">&nbsp;mapa de establecimientos el centro de salud&nbsp;<\/a>u hospital m\u00e1s cercano a tu domicilio y solicit\u00e1 un test de embarazo.<\/li>\n\n\n\n<li>&nbsp;Si confirm\u00e1s el embarazo, el equipo de salud te brindar\u00e1 informaci\u00f3n clara y precisa sobre tus derechos y opciones (continuar con el embarazo o elegir una interrupci\u00f3n del mismo).<\/li>\n\n\n\n<li>Si tu elecci\u00f3n fue interrumpir el embarazo, recibir\u00e1s acompa\u00f1amiento, informaci\u00f3n, atenci\u00f3n y cuidados durante todo el proceso.<\/li>\n\n\n\n<li>En toda opci\u00f3n, ten\u00e9s derecho a elegir el m\u00e9todo anticonceptivo que mejor se adapte a tus necesidades.<\/li>\n<\/ol>\n\n\n\n<p>Fuente: Infocielo<\/p>\n","protected":false},"excerpt":{"rendered":"<div class=\"mh-excerpt\"><p>Todos los 28 de septiembre se conmemora el&nbsp;D\u00eda de Acci\u00f3n Global por el Acceso al Aborto Legal y Seguro, una jornada que tiene c\u00f3mo fin de tomar conciencia sobre la peligrosidad que corren las mujeres y personas gestantes al practicarse un aborto de forma clandestina. \u00bfCu\u00e1l es el origen de esta jornada, cu\u00e1les son los derechos garantizados por la ley en Argentina y c\u00f3mo acceder al aborto legal en la provincia de Buenos Aires? Esta efem\u00e9ride surgi\u00f3 en el\u00a0V Encuentro Feminista Latinoamericano y del Caribe de 1990\u00a0por iniciativa de la delegaci\u00f3n brasile\u00f1a. La elecci\u00f3n de esta fecha corresponde a que <a class=\"mh-excerpt-more\" href=\"http:\/\/dsrmedios.com.ar\/diario\/archivos\/39858\" title=\"D\u00eda de Acci\u00f3n Global por el Acceso al Aborto Legal: c\u00f3mo acceder a la IVE en la provincia de Buenos Aires\">[Leer m\u00e1s]<\/a><\/p>\n<\/div>","protected":false},"author":8,"featured_media":39860,"comment_status":"open","ping_status":"closed","sticky":false,"template":"","format":"standard","meta":{"_jetpack_newsletter_access":""},"categories":[6],"tags":[],"jetpack_featured_media_url":"http:\/\/dsrmedios.com.ar\/diario\/wp-content\/uploads\/2023\/09\/20190705110806_abortolegaljpg.webp","jetpack_sharing_enabled":true,"jetpack_shortlink":"https:\/\/wp.me\/p9fihK-amS","_links":{"self":[{"href":"http:\/\/dsrmedios.com.ar\/diario\/wp-json\/wp\/v2\/posts\/39858"}],"collection":[{"href":"http:\/\/dsrmedios.com.ar\/diario\/wp-json\/wp\/v2\/posts"}],"about":[{"href":"http:\/\/dsrmedios.com.ar\/diario\/wp-json\/wp\/v2\/types\/post"}],"author":[{"embeddable":true,"href":"http:\/\/dsrmedios.com.ar\/diario\/wp-json\/wp\/v2\/users\/8"}],"replies":[{"embeddable":true,"href":"http:\/\/dsrmedios.com.ar\/diario\/wp-json\/wp\/v2\/comments?post=39858"}],"version-history":[{"count":1,"href":"http:\/\/dsrmedios.com.ar\/diario\/wp-json\/wp\/v2\/posts\/39858\/revisions"}],"predecessor-version":[{"id":39861,"href":"http:\/\/dsrmedios.com.ar\/diario\/wp-json\/wp\/v2\/posts\/39858\/revisions\/39861"}],"wp:featuredmedia":[{"embeddable":true,"href":"http:\/\/dsrmedios.com.ar\/diario\/wp-json\/wp\/v2\/media\/39860"}],"wp:attachment":[{"href":"http:\/\/dsrmedios.com.ar\/diario\/wp-json\/wp\/v2\/media?parent=39858"}],"wp:term":[{"taxonomy":"category","embeddable":true,"href":"http:\/\/dsrmedios.com.ar\/diario\/wp-json\/wp\/v2\/categories?post=39858"},{"taxonomy":"post_tag","embeddable":true,"href":"http:\/\/dsrmedios.com.ar\/diario\/wp-json\/wp\/v2\/tags?post=39858"}],"curies":[{"name":"wp","href":"https:\/\/api.w.org\/{rel}","templated":true}]}}