{"id":39856,"date":"2023-09-28T10:43:52","date_gmt":"2023-09-28T13:43:52","guid":{"rendered":"http:\/\/dsrmedios.com.ar\/diario\/?p=39856"},"modified":"2023-09-28T10:43:55","modified_gmt":"2023-09-28T13:43:55","slug":"el-senado-debate-la-modificacion-del-impuesto-a-las-ganancias","status":"publish","type":"post","link":"http:\/\/dsrmedios.com.ar\/diario\/archivos\/39856","title":{"rendered":"El Senado debate la modificaci\u00f3n del Impuesto a las Ganancias"},"content":{"rendered":"\n<p><a href=\"https:\/\/infocielo.com\/politica-y-economia\/diputados-dio-media-sancion-al-proyecto-que-elimina-el-impuesto-las-ganancias-n771898\" target=\"_blank\" rel=\"noreferrer noopener\"><strong>A menos de 10 d\u00edas de la aprobaci\u00f3n de Diputados<\/strong><\/a>, el&nbsp;<strong>Senado de la Naci\u00f3n&nbsp;<\/strong>tratar\u00e1 el proyecto de ley que modifica el<strong>&nbsp;Impuesto a las Ganancias<\/strong>. La jornada comenzar\u00e1 a las 2 de la tarde y coincidir\u00e1 con una movilizaci\u00f3n de la CGT y de movimientos sociales en apoyo a la iniciativa. \u00bfSer\u00e1 ley?<\/p>\n\n\n\n<p>La sesi\u00f3n p\u00fablica especial estar\u00e1 signada por la tensi\u00f3n hist\u00f3rica que existe entre el Frente de Todos y Juntos por el Cambio. Es que, adem\u00e1s de los cambios en Ganancias,\u00a0<strong>el temario incluye otras iniciativas que enfrentan a los bloques mayoritarios como\u00a0<a rel=\"noreferrer noopener\" href=\"https:\/\/infocielo.com\/politica-y-economia\/con-sancion-mano-la-ley-alquileres-se-trata-el-senado-n770278\" target=\"_blank\">la nueva Ley de Alquileres que tiene media sanci\u00f3n<\/a>\u00a0o la creaci\u00f3n de 5 universidades nacionales<\/strong>\u00a0(<a rel=\"noreferrer noopener\" href=\"https:\/\/infocielo.com\/politica-y-economia\/la-provincia-buenos-aires-tendra-tres-universidades-mas-n771946\" target=\"_blank\">tres de ellas en territorio bonaerense<\/a>) que tambi\u00e9n llega con el visto bueno de la C\u00e1mara baja.<\/p>\n\n\n\n<p><strong>La definici\u00f3n de las votaciones ser\u00e1n ajustadas porque el reparto de bancas del Senado es equitativa: el oficialismo tiene un total de 31, Juntos por el 33 y hay 8 legisladores independientes<\/strong>&nbsp;(2 de ellos aliados al Frente de Todos).<\/p>\n\n\n\n<p>Ahora bien,\u00a0<strong>la modificaci\u00f3n del Impuesto a las Ganancias\u00a0<a rel=\"noreferrer noopener\" href=\"https:\/\/infocielo.com\/politica-y-economia\/juntos-el-cambio-quedo-aislado-y-crisis-n771935\" target=\"_blank\">dividi\u00f3 a los diputados de la oposici\u00f3n<\/a><\/strong>. Si se repite este escenario entre el PRO y la Uni\u00f3n C\u00edvica Radical la aprobaci\u00f3n ser\u00eda un hecho: el partido centenario tiene 20 senadores y el amarillo 9.<\/p>\n\n\n\n<p>Fuente: Infocielo<\/p>\n","protected":false},"excerpt":{"rendered":"<div class=\"mh-excerpt\"><p>A menos de 10 d\u00edas de la aprobaci\u00f3n de Diputados, el&nbsp;Senado de la Naci\u00f3n&nbsp;tratar\u00e1 el proyecto de ley que modifica el&nbsp;Impuesto a las Ganancias. La jornada comenzar\u00e1 a las 2 de la tarde y coincidir\u00e1 con una movilizaci\u00f3n de la CGT y de movimientos sociales en apoyo a la iniciativa. \u00bfSer\u00e1 ley? La sesi\u00f3n p\u00fablica especial estar\u00e1 signada por la tensi\u00f3n hist\u00f3rica que existe entre el Frente de Todos y Juntos por el Cambio. Es que, adem\u00e1s de los cambios en Ganancias,\u00a0el temario incluye otras iniciativas que enfrentan a los bloques mayoritarios como\u00a0la nueva Ley de Alquileres que tiene media <a class=\"mh-excerpt-more\" href=\"http:\/\/dsrmedios.com.ar\/diario\/archivos\/39856\" title=\"El Senado debate la modificaci\u00f3n del Impuesto a las Ganancias\">[Leer m\u00e1s]<\/a><\/p>\n<\/div>","protected":false},"author":8,"featured_media":19853,"comment_status":"open","ping_status":"closed","sticky":false,"template":"","format":"standard","meta":{"_jetpack_newsletter_access":""},"categories":[6],"tags":[],"jetpack_featured_media_url":"http:\/\/dsrmedios.com.ar\/diario\/wp-content\/uploads\/2020\/08\/senado-bonaerense.jpg","jetpack_sharing_enabled":true,"jetpack_shortlink":"https:\/\/wp.me\/p9fihK-amQ","_links":{"self":[{"href":"http:\/\/dsrmedios.com.ar\/diario\/wp-json\/wp\/v2\/posts\/39856"}],"collection":[{"href":"http:\/\/dsrmedios.com.ar\/diario\/wp-json\/wp\/v2\/posts"}],"about":[{"href":"http:\/\/dsrmedios.com.ar\/diario\/wp-json\/wp\/v2\/types\/post"}],"author":[{"embeddable":true,"href":"http:\/\/dsrmedios.com.ar\/diario\/wp-json\/wp\/v2\/users\/8"}],"replies":[{"embeddable":true,"href":"http:\/\/dsrmedios.com.ar\/diario\/wp-json\/wp\/v2\/comments?post=39856"}],"version-history":[{"count":1,"href":"http:\/\/dsrmedios.com.ar\/diario\/wp-json\/wp\/v2\/posts\/39856\/revisions"}],"predecessor-version":[{"id":39857,"href":"http:\/\/dsrmedios.com.ar\/diario\/wp-json\/wp\/v2\/posts\/39856\/revisions\/39857"}],"wp:featuredmedia":[{"embeddable":true,"href":"http:\/\/dsrmedios.com.ar\/diario\/wp-json\/wp\/v2\/media\/19853"}],"wp:attachment":[{"href":"http:\/\/dsrmedios.com.ar\/diario\/wp-json\/wp\/v2\/media?parent=39856"}],"wp:term":[{"taxonomy":"category","embeddable":true,"href":"http:\/\/dsrmedios.com.ar\/diario\/wp-json\/wp\/v2\/categories?post=39856"},{"taxonomy":"post_tag","embeddable":true,"href":"http:\/\/dsrmedios.com.ar\/diario\/wp-json\/wp\/v2\/tags?post=39856"}],"curies":[{"name":"wp","href":"https:\/\/api.w.org\/{rel}","templated":true}]}}