{"id":39851,"date":"2023-09-28T10:42:43","date_gmt":"2023-09-28T13:42:43","guid":{"rendered":"http:\/\/dsrmedios.com.ar\/diario\/?p=39851"},"modified":"2023-09-28T10:42:46","modified_gmt":"2023-09-28T13:42:46","slug":"sin-acuerdo-por-los-pliegos-el-senado-bonaerense-encara-su-segunda-sesion","status":"publish","type":"post","link":"http:\/\/dsrmedios.com.ar\/diario\/archivos\/39851","title":{"rendered":"Sin acuerdo por los pliegos, el Senado bonaerense encara su segunda sesi\u00f3n"},"content":{"rendered":"\n<p><a href=\"https:\/\/infocielo.com\/politica-y-economia\/axel-kicillof-mete-presion-la-oposicion-los-pliegos-judiciales-cortenla-y-voten-n771876\" target=\"_blank\" rel=\"noreferrer noopener\">Pese a las exigencias del gobernador&nbsp;<strong>Axel Kicillof<\/strong>&nbsp;a Juntos por el Cambio&nbsp;<\/a>de aprobar los pliegos judiciales que descansan en carpetas, en el<strong>&nbsp;Senado bonaerense<\/strong>&nbsp;no hubo acuerdo y encarar\u00e1 esta tarde su segunda sesi\u00f3n ordinaria del a\u00f1o con proyectos menores.<\/p>\n\n\n\n<p>Uno de los textos m\u00e1s destacados tiene que ver con la adhesi\u00f3n de la Provincia de Buenos Aires al plan federal de capacitaci\u00f3n sobre derechos de ni\u00f1as, ni\u00f1os y adolescentes, m\u00e1s conocida como\u00a0<strong>&#8220;Ley Lucio&#8221;.<\/strong><\/p>\n\n\n\n<p>Esta semana hubo algunas dudas sobre la realizaci\u00f3n de la sesi\u00f3n, dado que los intendentes de Juntos apuntaron que iban a<a href=\"https:\/\/infocielo.com\/politica-y-economia\/el-fracaso-una-cumbre-intendentes-expuso-la-fractura-jxc-la-provincia-n772388\" target=\"_blank\" rel=\"noreferrer noopener\">&nbsp;pedir a sus legisladores que planteen desde la casa de leyes &#8220;que ayuden a acompa\u00f1ar el reclamo&#8221; de las deudas que le demandan a la Provincia<\/a>.&nbsp;<strong>&#8220;Esperamos que este jueves haya una sesi\u00f3n en el Senado&#8221;<\/strong>, desliz\u00f3 el platense Julio Garro al ser consultado por la posibilidad de levantar la sesi\u00f3n.<\/p>\n\n\n\n<p>Las dudas no eran infundadas, ya que hay un antecedente inmediato. Fue en abril, cuando se iba a desarrollar un encuentro en el recinto, pero los intendentes levantaron el tel\u00e9fono y se cay\u00f3 la sesi\u00f3n del Senado por motivos similares, ya que reclamaban el pago de actualizaci\u00f3n del coeficiente de distribuci\u00f3n de la coparticipaci\u00f3n provincial.<\/p>\n\n\n\n<figure class=\"wp-block-image\"><img decoding=\"async\" src=\"https:\/\/media.infocielo.com\/p\/28bf90491cb0b166f179bf826379ad78\/adjuntos\/299\/imagenes\/001\/709\/0001709669\/887x0\/smart\/bloque-juntos-senado-pbajpeg.jpeg\" alt=\"Pese a las presiones de Axel Kicillof, no hubo acuerdo por los pliegos judiciales entre oficialismo y oposici&oacute;n\" title=\"Pese a las presiones de Axel Kicillof, no hubo acuerdo por los pliegos judiciales entre oficialismo y oposici&oacute;n\"\/><\/figure>\n\n\n\n<p>Pese a las presiones de Axel Kicillof, no hubo acuerdo por los pliegos judiciales entre oficialismo y oposici\u00f3n<\/p>\n\n\n\n<h2>La disputa pol\u00edtica que paraliza a la Justicia<\/h2>\n\n\n\n<p>La semana pasada, desde el acto de inauguraci\u00f3n de nuevas oficinas del Polo Judicial en Avellaneda, el gobernador acus\u00f3 a la oposici\u00f3n<strong><\/strong>&nbsp;de &#8220;no querer trabajar&#8221; para poder completar algunas de las cientos de vacantes judiciales en danza.<\/p>\n\n\n\n<p><strong>&#8220;Estamos inaugurando un polo judicial que no se va a poder llenar porque nuestra oposici\u00f3n no se digna a trabajar, a dar quorum y aprobar los pliegos de tantos jueces&#8221;<\/strong>, lanz\u00f3 el mandatario bonaerense desde el conurbano.<\/p>\n\n\n\n<p>En esa l\u00ednea, fue categ\u00f3rico al asegurar que &#8220;hay un solo responsable&#8221; de las vacantes en el Poder Judicial y lanz\u00f3: &#8220;Se llama Juntos por el Cambio y no quieren trabajar. Lo ped\u00ed, hicieron una operaci\u00f3n medi\u00e1tica y nos dejaron otra vez sin jueces&#8221;, se\u00f1al\u00f3.<\/p>\n\n\n\n<figure class=\"wp-block-image\"><img decoding=\"async\" src=\"https:\/\/media.infocielo.com\/p\/b38e47533e512582512a41fa2999b243\/adjuntos\/299\/imagenes\/001\/559\/0001559013\/el-senado-aprobo-el-presupuesto-2023jpg.jpg?2022-12-16-09-40-20\" alt=\"Axel Kicillof pidi\u00f3 a la oposici\u00f3n que trate los pliegos judiciales frenados en el Senado\" title=\"Axel Kicillof pidi\u00f3 a la oposici\u00f3n que trate los pliegos judiciales frenados en el Senado\"\/><\/figure>\n\n\n\n<p>Axel Kicillof pidi\u00f3 a la oposici\u00f3n que trate los pliegos judiciales frenados en el Senado<\/p>\n\n\n\n<p>Fuente: SenadoBA.<\/p>\n\n\n\n<p><strong>&#8220;Si quieren voten en contra, pero si\u00e9ntense y laburen. Lo pido de nuevo, lo reclamo, es grave porque no privan a este gobernador, a un juez o jueza, sino que dejan a los bonaerenses sin servicio de justicia. C\u00f3rtenla y voten&#8221;<\/strong>, sentenci\u00f3 el gobernador.<\/p>\n\n\n\n<p>Seg\u00fan los datos que maneja el sector de Juntos en el Consejo de la Magistratura bonaerense a los que accedi\u00f3 Infocielo,<strong>&nbsp;actualmente hay 322 vacantes, a las que se agregan siete previstas para este mes y para octubre. Adem\u00e1s, se contabilizan una decena de licencias y otras diez disciplinarias; lo que da un total de 349 lugares a cubrir. A esto se suman las vacantes en el Ministerio P\u00fablico, con la ausencia de 135 fiscales; 70 defensores y nueve asesores, lo que da un n\u00famero total de 214.<\/strong><\/p>\n\n\n\n<p>Como se\u00f1al\u00f3 Infocielo,\u00a0<a rel=\"noreferrer noopener\" href=\"https:\/\/infocielo.com\/politica-y-economia\/la-oposicion-le-pasa-la-pelota-axel-kicillof-los-pliegos-judiciales-paralizados-n766389\" target=\"_blank\">el problema de las vacantes escal\u00f3 a tal nivel que el presidente de la Suprema Corte bonaerense,\u00a0<strong>Sergio Torres<\/strong><\/a>, pidi\u00f3 que\u00a0<strong>\u201clas autoridades constitucionales competentes avancen en la urgente e inmediata cobertura de todas las vacantes disponibles en la provincia de Buenos Aires\u201d.<\/strong>\u00a0Por el momento, las vacantes se reemplazan con subrogantes y suplentes, pero eso implica que haya personas haciendo doble o triple trabajo, lo que solo contribuye a atrasar m\u00e1s las causas<\/p>\n\n\n\n<p>Fuente: Infocielo<\/p>\n","protected":false},"excerpt":{"rendered":"<div class=\"mh-excerpt\"><p>Pese a las exigencias del gobernador&nbsp;Axel Kicillof&nbsp;a Juntos por el Cambio&nbsp;de aprobar los pliegos judiciales que descansan en carpetas, en el&nbsp;Senado bonaerense&nbsp;no hubo acuerdo y encarar\u00e1 esta tarde su segunda sesi\u00f3n ordinaria del a\u00f1o con proyectos menores. Uno de los textos m\u00e1s destacados tiene que ver con la adhesi\u00f3n de la Provincia de Buenos Aires al plan federal de capacitaci\u00f3n sobre derechos de ni\u00f1as, ni\u00f1os y adolescentes, m\u00e1s conocida como\u00a0&#8220;Ley Lucio&#8221;. Esta semana hubo algunas dudas sobre la realizaci\u00f3n de la sesi\u00f3n, dado que los intendentes de Juntos apuntaron que iban a&nbsp;pedir a sus legisladores que planteen desde la casa <a class=\"mh-excerpt-more\" href=\"http:\/\/dsrmedios.com.ar\/diario\/archivos\/39851\" title=\"Sin acuerdo por los pliegos, el Senado bonaerense encara su segunda sesi\u00f3n\">[Leer m\u00e1s]<\/a><\/p>\n<\/div>","protected":false},"author":8,"featured_media":6450,"comment_status":"open","ping_status":"closed","sticky":false,"template":"","format":"standard","meta":{"_jetpack_newsletter_access":""},"categories":[6],"tags":[],"jetpack_featured_media_url":"http:\/\/dsrmedios.com.ar\/diario\/wp-content\/uploads\/2018\/06\/senaddd.jpg","jetpack_sharing_enabled":true,"jetpack_shortlink":"https:\/\/wp.me\/p9fihK-amL","_links":{"self":[{"href":"http:\/\/dsrmedios.com.ar\/diario\/wp-json\/wp\/v2\/posts\/39851"}],"collection":[{"href":"http:\/\/dsrmedios.com.ar\/diario\/wp-json\/wp\/v2\/posts"}],"about":[{"href":"http:\/\/dsrmedios.com.ar\/diario\/wp-json\/wp\/v2\/types\/post"}],"author":[{"embeddable":true,"href":"http:\/\/dsrmedios.com.ar\/diario\/wp-json\/wp\/v2\/users\/8"}],"replies":[{"embeddable":true,"href":"http:\/\/dsrmedios.com.ar\/diario\/wp-json\/wp\/v2\/comments?post=39851"}],"version-history":[{"count":1,"href":"http:\/\/dsrmedios.com.ar\/diario\/wp-json\/wp\/v2\/posts\/39851\/revisions"}],"predecessor-version":[{"id":39855,"href":"http:\/\/dsrmedios.com.ar\/diario\/wp-json\/wp\/v2\/posts\/39851\/revisions\/39855"}],"wp:featuredmedia":[{"embeddable":true,"href":"http:\/\/dsrmedios.com.ar\/diario\/wp-json\/wp\/v2\/media\/6450"}],"wp:attachment":[{"href":"http:\/\/dsrmedios.com.ar\/diario\/wp-json\/wp\/v2\/media?parent=39851"}],"wp:term":[{"taxonomy":"category","embeddable":true,"href":"http:\/\/dsrmedios.com.ar\/diario\/wp-json\/wp\/v2\/categories?post=39851"},{"taxonomy":"post_tag","embeddable":true,"href":"http:\/\/dsrmedios.com.ar\/diario\/wp-json\/wp\/v2\/tags?post=39851"}],"curies":[{"name":"wp","href":"https:\/\/api.w.org\/{rel}","templated":true}]}}