{"id":39846,"date":"2023-09-28T10:39:12","date_gmt":"2023-09-28T13:39:12","guid":{"rendered":"http:\/\/dsrmedios.com.ar\/diario\/?p=39846"},"modified":"2023-09-28T10:39:14","modified_gmt":"2023-09-28T13:39:14","slug":"cada-vez-mas-cerca-de-la-historia-andres-firmo-el-contrato-para-restaurar-el-palacio-municipal","status":"publish","type":"post","link":"http:\/\/dsrmedios.com.ar\/diario\/archivos\/39846","title":{"rendered":"<strong>Cada vez m\u00e1s cerca de la Historia: Andres firm\u00f3 el contrato para Restaurar el Palacio Municipal<\/strong>"},"content":{"rendered":"\n<p>El Intendente Javier Andres firm\u00f3 con CONSYMAT Construcciones y Servicios SRL&nbsp;el contrato&nbsp;de locaci\u00f3n de obra para dar inicio a la ejecuci\u00f3n de la obra \u201cConservaci\u00f3n y Restauraci\u00f3n del Palacio Municipal&nbsp;de Adolfo Alsina \u2013 Etapa I\u201d.<br>&nbsp;<\/p>\n\n\n\n<p>A mediados de 2021, una Misi\u00f3n T\u00e9cnica del Programa Patrimonio Salamone, de la Comisi\u00f3n Nacional de Monumentos, de Lugares y de Bienes Hist\u00f3ricos estuvo en Carhu\u00e9 y destac\u00f3 el dise\u00f1o edilicio y la colecci\u00f3n de mobiliario del Palacio Municipal de Adolfo Alsina.<br>&nbsp;<\/p>\n\n\n\n<h3>En aquel momento, las restauradoras Graciela Raz\u00e9 y Mariana Astesiano junto a la prof. Ana Ramos, Directora del Centro Cultural Salamone, realizaron el relevamiento del estado edilicio, estuvieron en el Museo y Archivo Regional Dr. Adolfo Alsina consultando material documental de la obra del Arq. Francisco Salamone donde, entre otras cosas, analizaron decenas de planos, pliegos de la licitaci\u00f3n y hasta el acta de recepci\u00f3n, material que les ofreci\u00f3 invaluable informaci\u00f3n a la hora de emprender la tarea de restauraci\u00f3n del Palacio Municipal.<\/h3>\n","protected":false},"excerpt":{"rendered":"<div class=\"mh-excerpt\"><p>El Intendente Javier Andres firm\u00f3 con CONSYMAT Construcciones y Servicios SRL&nbsp;el contrato&nbsp;de locaci\u00f3n de obra para dar inicio a la ejecuci\u00f3n de la obra \u201cConservaci\u00f3n y Restauraci\u00f3n del Palacio Municipal&nbsp;de Adolfo Alsina \u2013 Etapa I\u201d.&nbsp; A mediados de 2021, una Misi\u00f3n T\u00e9cnica del Programa Patrimonio Salamone, de la Comisi\u00f3n Nacional de Monumentos, de Lugares y de Bienes Hist\u00f3ricos estuvo en Carhu\u00e9 y destac\u00f3 el dise\u00f1o edilicio y la colecci\u00f3n de mobiliario del Palacio Municipal de Adolfo Alsina.&nbsp; En aquel momento, las restauradoras Graciela Raz\u00e9 y Mariana Astesiano junto a la prof. Ana Ramos, Directora del Centro Cultural Salamone, realizaron el <a class=\"mh-excerpt-more\" href=\"http:\/\/dsrmedios.com.ar\/diario\/archivos\/39846\" title=\"Cada vez m\u00e1s cerca de la Historia: Andres firm\u00f3 el contrato para Restaurar el Palacio Municipal\">[Leer m\u00e1s]<\/a><\/p>\n<\/div>","protected":false},"author":8,"featured_media":39849,"comment_status":"open","ping_status":"closed","sticky":false,"template":"","format":"standard","meta":{"_jetpack_newsletter_access":""},"categories":[18,31,5],"tags":[],"jetpack_featured_media_url":"http:\/\/dsrmedios.com.ar\/diario\/wp-content\/uploads\/2023\/09\/WhatsApp-Image-2023-09-28-at-08.28.06.jpeg","jetpack_sharing_enabled":true,"jetpack_shortlink":"https:\/\/wp.me\/p9fihK-amG","_links":{"self":[{"href":"http:\/\/dsrmedios.com.ar\/diario\/wp-json\/wp\/v2\/posts\/39846"}],"collection":[{"href":"http:\/\/dsrmedios.com.ar\/diario\/wp-json\/wp\/v2\/posts"}],"about":[{"href":"http:\/\/dsrmedios.com.ar\/diario\/wp-json\/wp\/v2\/types\/post"}],"author":[{"embeddable":true,"href":"http:\/\/dsrmedios.com.ar\/diario\/wp-json\/wp\/v2\/users\/8"}],"replies":[{"embeddable":true,"href":"http:\/\/dsrmedios.com.ar\/diario\/wp-json\/wp\/v2\/comments?post=39846"}],"version-history":[{"count":1,"href":"http:\/\/dsrmedios.com.ar\/diario\/wp-json\/wp\/v2\/posts\/39846\/revisions"}],"predecessor-version":[{"id":39850,"href":"http:\/\/dsrmedios.com.ar\/diario\/wp-json\/wp\/v2\/posts\/39846\/revisions\/39850"}],"wp:featuredmedia":[{"embeddable":true,"href":"http:\/\/dsrmedios.com.ar\/diario\/wp-json\/wp\/v2\/media\/39849"}],"wp:attachment":[{"href":"http:\/\/dsrmedios.com.ar\/diario\/wp-json\/wp\/v2\/media?parent=39846"}],"wp:term":[{"taxonomy":"category","embeddable":true,"href":"http:\/\/dsrmedios.com.ar\/diario\/wp-json\/wp\/v2\/categories?post=39846"},{"taxonomy":"post_tag","embeddable":true,"href":"http:\/\/dsrmedios.com.ar\/diario\/wp-json\/wp\/v2\/tags?post=39846"}],"curies":[{"name":"wp","href":"https:\/\/api.w.org\/{rel}","templated":true}]}}