{"id":39839,"date":"2023-09-27T11:14:42","date_gmt":"2023-09-27T14:14:42","guid":{"rendered":"http:\/\/dsrmedios.com.ar\/diario\/?p=39839"},"modified":"2023-09-27T11:14:44","modified_gmt":"2023-09-27T14:14:44","slug":"los-movimientos-sociales-acompanaran-la-marcha-de-la-cgt-para-apoyar-a-massa-y-la-reforma-de-ganancias","status":"publish","type":"post","link":"http:\/\/dsrmedios.com.ar\/diario\/archivos\/39839","title":{"rendered":"Los movimientos sociales acompa\u00f1ar\u00e1n la marcha de la CGT para apoyar a Massa y la reforma de Ganancias"},"content":{"rendered":"\n<p>Los movimientos sociales oficialistas se movilizar\u00e1n el viernes a la Plaza del Congreso para apoyar la candidatura presidencial de&nbsp;<strong>Sergio Massa<\/strong>&nbsp;y respaldar las iniciativas econ\u00f3micas enviadas por el Gobierno al parlamento, como, por ejemplo, el proyecto que modifica el Impuesto a las Ganancias, que el martes pasado recibi\u00f3 media sanci\u00f3n en la C\u00e1mara de Diputados y que ya cuenta con dictamen de la Comisi\u00f3n de Presupuesto y Hacienda del Senado para ser debatido este jueves.&nbsp;<strong>El \u00fanico orador ser\u00e1 el ministro de Econom\u00eda.<\/strong><\/p>\n\n\n\n<p>\u201cEste viernes, los movimientos sociales junto a la CGT vamos a estar movilizados en post de&nbsp;<strong>fortalecer la candidatura<\/strong>&nbsp;de Sergio Massa y cerrarle el paso a la derecha\u201d, anunci\u00f3 Daniel Men\u00e9ndez, el coordinador nacional de Somos Barrios de Pie en di\u00e1logo con&nbsp;<strong>Infobae<\/strong>. Y destac\u00f3: \u201cLas recientes medidas, m\u00e1s el anuncio en el congreso de la quita del impuesto a las ganancias, m\u00e1s la devoluci\u00f3n del IVA,&nbsp;<strong>marcan un rumbo<\/strong>&nbsp;que implica la recomposici\u00f3n del poder adquisitivo de las trabajadoras y trabajadores, de los jubilados, de las pol\u00edticas sociales, y marca el coraz\u00f3n del&nbsp;<strong>proyecto pol\u00edtico<\/strong>&nbsp;que representa Massa, que tiene que ver con la agenda de recomposici\u00f3n de ingresos y de construir poder pol\u00edtico para enfrentar los&nbsp;<strong>condicionamientos del FMI&nbsp;<\/strong>en defensa de los trabajadores y el pueblo\u201d.<\/p>\n\n\n\n<p><img decoding=\"async\" loading=\"lazy\" alt=\"La CGT impuls\u00f3 la marcha a la Plaza del Congreso el viernes y se sumaron movimientos sociales (Nicol\u00e1s Stulberg)\" height=\"1073\" width=\"1908\" src=\"https:\/\/www.infobae.com\/new-resizer\/ZDkQO4Qoko-QzGBb2z-Q8C3cdJk=\/arc-anglerfish-arc2-prod-infobae\/public\/GQRAX4UF4FCPFIMFFNYBH73K6A.jpg\" srcset=\"https:\/\/www.infobae.com\/new-resizer\/dtSaGj3CngqxkH9iveL3t6NEqr0=\/420x236\/filters:format(webp):quality(85)\/cloudfront-us-east-1.images.arcpublishing.com\/infobae\/GQRAX4UF4FCPFIMFFNYBH73K6A.jpg 420w,https:\/\/www.infobae.com\/new-resizer\/9aUd1Q_QJZx5t8D62HvXbEgkCww=\/768x432\/filters:format(webp):quality(85)\/cloudfront-us-east-1.images.arcpublishing.com\/infobae\/GQRAX4UF4FCPFIMFFNYBH73K6A.jpg 768w,https:\/\/www.infobae.com\/new-resizer\/_TINzQldxQ-H7cojNZ0xyqZScz4=\/992x558\/filters:format(webp):quality(85)\/cloudfront-us-east-1.images.arcpublishing.com\/infobae\/GQRAX4UF4FCPFIMFFNYBH73K6A.jpg 992w,https:\/\/www.infobae.com\/new-resizer\/dPW5eKpa6f0-k7NmwVZSAESVrNY=\/1200x675\/filters:format(webp):quality(85)\/cloudfront-us-east-1.images.arcpublishing.com\/infobae\/GQRAX4UF4FCPFIMFFNYBH73K6A.jpg 1200w,https:\/\/www.infobae.com\/new-resizer\/ssgT9U4ilSZrK_f7-UTHXiwGbag=\/1440x810\/filters:format(webp):quality(85)\/cloudfront-us-east-1.images.arcpublishing.com\/infobae\/GQRAX4UF4FCPFIMFFNYBH73K6A.jpg 1440w\">La CGT impuls\u00f3 la marcha a la Plaza del Congreso el viernes y se sumaron movimientos sociales (Nicol\u00e1s Stulberg)<\/p>\n\n\n\n<p>El acto en favor del candidato de Uni\u00f3n por la Patria fue\u00a0<strong>impulsada por la CGT<\/strong>\u00a0y anunciada despu\u00e9s de la reuni\u00f3n que mantuvieron el lunes los integrantes de la denominada \u201cmesa chica\u201d, integrada, entre otros, por\u00a0<strong>Pablo Moyano<\/strong>\u00a0(Camioneros),\u00a0<strong>Andr\u00e9s Rodr\u00edguez<\/strong>\u00a0(UPCN),\u00a0<strong>Gerardo Mart\u00ednez<\/strong>\u00a0(UOCRA),\u00a0<strong>Jos\u00e9 Luis Lingeri<\/strong>\u00a0(Obras Sanitarias),\u00a0<strong>Jorge Sola<\/strong>\u00a0(Seguro),\u00a0<strong>Julio Piumato<\/strong>\u00a0(judiciales) y\u00a0<strong>Sergio Palazzo<\/strong>\u00a0(bancarios).<\/p>\n\n\n\n<p>Antes del encuentro cegetista, un grupo de dirigentes recibi\u00f3 a representantes de organizaciones sociales, como el Movimiento Evita, Somos Barrios de Pie y la Corriente Clasista y Combativa (CCC), que decidieron sumarse al acto del viernes ya que el proyecto de ley que impulsa Massa sobre la devoluci\u00f3n del IVA para los productos de la canasta b\u00e1sica est\u00e1 dirigida a los&nbsp;<strong>sectores con menores ingresos<\/strong>.<\/p>\n\n\n\n<p><strong>Gildo Onorato,<\/strong>&nbsp;dirigente del Movimiento Evita, y secretario gremial de la Uni\u00f3n Trabajadores de la Econom\u00eda Popular (UTEP) le dijo a este medio que el espaldarazo de las organizaciones sociales a Massa es \u201cen apoyo es a todas la iniciativas que tomo el Poder Ejecutivo en el \u00faltimo tiempo, particularmente la devoluci\u00f3n del IVA, el Monotributo Productivo y la baja del Impuesto a las Ganancias\u201d. Tambi\u00e9n por los beneficios otorgados a los trabajadores informales, como el refuerzo de ingresos que constar\u00e1 de dos pagos de $47.000 que se realizar\u00e1n en octubre y en noviembre.<\/p>\n\n\n\n<p><img decoding=\"async\" loading=\"lazy\" alt=\"Somos Barrios de Pie, el Movimiento Evita y la CCC saldr\u00e1n este s\u00e1bado a militar &quot;casa por casa&quot; la candidatura de Sergio Massa. Ya lo hicieron la semana pasada\" height=\"1081\" width=\"1920\" src=\"https:\/\/www.infobae.com\/new-resizer\/J33aCtCOiBVH8CRLFNjBOqLRbrs=\/arc-anglerfish-arc2-prod-infobae\/public\/OFXRBTK6YRAMRKEAPKYFKHHAFY.jpg\" srcset=\"https:\/\/www.infobae.com\/new-resizer\/QthP4BJx0lsOyD1Kx9od9hUQQh0=\/420x236\/filters:format(webp):quality(85)\/cloudfront-us-east-1.images.arcpublishing.com\/infobae\/OFXRBTK6YRAMRKEAPKYFKHHAFY.jpg 420w,https:\/\/www.infobae.com\/new-resizer\/XLMAwuk1JoAwiwNyK5u9W6LEqVo=\/768x432\/filters:format(webp):quality(85)\/cloudfront-us-east-1.images.arcpublishing.com\/infobae\/OFXRBTK6YRAMRKEAPKYFKHHAFY.jpg 768w,https:\/\/www.infobae.com\/new-resizer\/89Tq2eRasJtA3xU0VYi63Cv8RPk=\/992x558\/filters:format(webp):quality(85)\/cloudfront-us-east-1.images.arcpublishing.com\/infobae\/OFXRBTK6YRAMRKEAPKYFKHHAFY.jpg 992w,https:\/\/www.infobae.com\/new-resizer\/j155GpfRSeTyeHpMpCdFF4Y2M0Y=\/1200x675\/filters:format(webp):quality(85)\/cloudfront-us-east-1.images.arcpublishing.com\/infobae\/OFXRBTK6YRAMRKEAPKYFKHHAFY.jpg 1200w,https:\/\/www.infobae.com\/new-resizer\/-i_p5S36nKJOPg5rxS_xZkNsmO0=\/1440x810\/filters:format(webp):quality(85)\/cloudfront-us-east-1.images.arcpublishing.com\/infobae\/OFXRBTK6YRAMRKEAPKYFKHHAFY.jpg 1440w\">Somos Barrios de Pie, el Movimiento Evita y la CCC saldr\u00e1n este s\u00e1bado a militar &#8220;casa por casa&#8221; la candidatura de Sergio Massa. Ya lo hicieron la semana pasada<\/p>\n\n\n\n<p>\u201cSi bien sabemos y que hay muchas desigualdades, es muy relevante que nuestro candidato, Sergio Massa, exprese claramente,&nbsp;<strong>con gesti\u00f3n<\/strong>, la agenda que pretende priorizar desde el 10 de diciembre, donde va a ser \u00e9l quien tome las decisiones y conduzca los destinos de nuestro pa\u00eds\u201d, agreg\u00f3 Onorato.<\/p>\n\n\n\n<p>Las mismas organizaciones sociales que estar\u00e1n en la Plaza del Congreso el viernes junto a los dirigentes de la CGT, saldr\u00e1n, por segundo s\u00e1bado consecutivo, a recorrer los barrios populares de todo el pa\u00eds para \u201cmilitar\u201d por la candidatura presidencial de Massa.<\/p>\n\n\n\n<p>La Matanza, Tres de Febrero, San Mart\u00edn, Moreno, Lomas de Zamora, Quilmes, Mor\u00f3n, Moreno e Ituzaing\u00f3 son solo algunos de los municipios donde concentrar\u00e1n sus esfuerzos para\u00a0<strong>recuperar los votos<\/strong>\u00a0que el oficialismo estima que perdi\u00f3 a manos del libertario Javier Milei en las elecciones PASO d\u00f3nde el candidato de La Libertad Avanza se ubic\u00f3 en primer lugar con casi el 30% de los sufragios.<\/p>\n\n\n\n<p>Tienen previsto repartir otro mill\u00f3n de volantes con las\u00a0<strong>propuestas de gobierno<\/strong>\u00a0del ministro de Econom\u00eda. Ser\u00e1n entregados a los vecinos de los barrios populares de personal, ya sea a trav\u00e9s de las cl\u00e1sicas mesas ubicadas en las esquinas o golpeando las puertas. La idea es convencer a los peronistas y kirchneristas\u00a0<strong>desencantados<\/strong>\u00a0con la administraci\u00f3n de\u00a0<strong>Alberto Fern\u00e1ndez<\/strong>\u00a0que en las PASO sufragaron a favor de otros espacio pol\u00edtico e incentivar a votar a quienes no lo hicieron.<\/p>\n\n\n\n<p>Los sectores desprotegidos de la sociedad son los m\u00e1s golpeados por el alto \u00edndice de inflaci\u00f3n que el propio Massa reconoci\u00f3 que este a\u00f1o llegar\u00e1 a tres d\u00edgitos. Es decir, del cien por cien o superior.<\/p>\n\n\n\n<p>Fuente: Infobae<\/p>\n","protected":false},"excerpt":{"rendered":"<div class=\"mh-excerpt\"><p>Los movimientos sociales oficialistas se movilizar\u00e1n el viernes a la Plaza del Congreso para apoyar la candidatura presidencial de&nbsp;Sergio Massa&nbsp;y respaldar las iniciativas econ\u00f3micas enviadas por el Gobierno al parlamento, como, por ejemplo, el proyecto que modifica el Impuesto a las Ganancias, que el martes pasado recibi\u00f3 media sanci\u00f3n en la C\u00e1mara de Diputados y que ya cuenta con dictamen de la Comisi\u00f3n de Presupuesto y Hacienda del Senado para ser debatido este jueves.&nbsp;El \u00fanico orador ser\u00e1 el ministro de Econom\u00eda. \u201cEste viernes, los movimientos sociales junto a la CGT vamos a estar movilizados en post de&nbsp;fortalecer la candidatura&nbsp;de Sergio <a class=\"mh-excerpt-more\" href=\"http:\/\/dsrmedios.com.ar\/diario\/archivos\/39839\" title=\"Los movimientos sociales acompa\u00f1ar\u00e1n la marcha de la CGT para apoyar a Massa y la reforma de Ganancias\">[Leer m\u00e1s]<\/a><\/p>\n<\/div>","protected":false},"author":8,"featured_media":32248,"comment_status":"open","ping_status":"closed","sticky":false,"template":"","format":"standard","meta":{"_jetpack_newsletter_access":""},"categories":[6],"tags":[],"jetpack_featured_media_url":"http:\/\/dsrmedios.com.ar\/diario\/wp-content\/uploads\/2023\/05\/massa-1024x576-1.jpg","jetpack_sharing_enabled":true,"jetpack_shortlink":"https:\/\/wp.me\/p9fihK-amz","_links":{"self":[{"href":"http:\/\/dsrmedios.com.ar\/diario\/wp-json\/wp\/v2\/posts\/39839"}],"collection":[{"href":"http:\/\/dsrmedios.com.ar\/diario\/wp-json\/wp\/v2\/posts"}],"about":[{"href":"http:\/\/dsrmedios.com.ar\/diario\/wp-json\/wp\/v2\/types\/post"}],"author":[{"embeddable":true,"href":"http:\/\/dsrmedios.com.ar\/diario\/wp-json\/wp\/v2\/users\/8"}],"replies":[{"embeddable":true,"href":"http:\/\/dsrmedios.com.ar\/diario\/wp-json\/wp\/v2\/comments?post=39839"}],"version-history":[{"count":1,"href":"http:\/\/dsrmedios.com.ar\/diario\/wp-json\/wp\/v2\/posts\/39839\/revisions"}],"predecessor-version":[{"id":39840,"href":"http:\/\/dsrmedios.com.ar\/diario\/wp-json\/wp\/v2\/posts\/39839\/revisions\/39840"}],"wp:featuredmedia":[{"embeddable":true,"href":"http:\/\/dsrmedios.com.ar\/diario\/wp-json\/wp\/v2\/media\/32248"}],"wp:attachment":[{"href":"http:\/\/dsrmedios.com.ar\/diario\/wp-json\/wp\/v2\/media?parent=39839"}],"wp:term":[{"taxonomy":"category","embeddable":true,"href":"http:\/\/dsrmedios.com.ar\/diario\/wp-json\/wp\/v2\/categories?post=39839"},{"taxonomy":"post_tag","embeddable":true,"href":"http:\/\/dsrmedios.com.ar\/diario\/wp-json\/wp\/v2\/tags?post=39839"}],"curies":[{"name":"wp","href":"https:\/\/api.w.org\/{rel}","templated":true}]}}