{"id":39826,"date":"2023-09-27T11:06:29","date_gmt":"2023-09-27T14:06:29","guid":{"rendered":"http:\/\/dsrmedios.com.ar\/diario\/?p=39826"},"modified":"2023-09-27T11:08:22","modified_gmt":"2023-09-27T14:08:22","slug":"los-9-primeros-sintomas-del-alzheimer-que-pueden-pasar-desapercibidos-o-confundirse-con-otras-enfermedades","status":"publish","type":"post","link":"http:\/\/dsrmedios.com.ar\/diario\/archivos\/39826","title":{"rendered":"Los 9 primeros s\u00edntomas del Alzheimer que pueden pasar desapercibidos o confundirse con otras enfermedades"},"content":{"rendered":"\n<p>La enfermedad del Alzheimer afecta a m\u00e1s de 800.000 personas en Espa\u00f1a. A\u00fan as\u00ed,&nbsp;<strong>m\u00e1s de un 43% de los espa\u00f1oles no sabe reconocer los primeros s\u00edntomas<\/strong>&nbsp;del Alzheimer, seg\u00fan un&nbsp;<a rel=\"noreferrer noopener\" href=\"https:\/\/www.infobae.com\/espana\/2023\/09\/26\/cientificos-espanoles-demuestran-por-primera-vez-los-pasos-que-debes-dar-para-al-dia-para-evitar-el-riesgo-de-muerte-prematura\/\" target=\"_blank\">estudio reciente<\/a>&nbsp;realizado por Sanitas. Las primeras se\u00f1ales del trastorno suelen pasar desapercibidas tanto por el paciente como por su entorno personal y familiar debido al desconocimiento de la enfermedad o a la confusi\u00f3n de los s\u00edntomas con los de otras enfermedades<a href=\"https:\/\/www.infobae.com\/espana\/2023\/09\/27\/que-es-el-sindrome-del-hombre-lobo-la-enfermedad-que-tuvieron-23-bebes-en-espana-por-culpa-de-un-medicamento-mal-envasado\/\"><\/a><\/p>\n\n\n\n<p>El Alzheimer es la principal causa de demencia en el mundo y&nbsp;<strong>provoca un deterioro gradual<\/strong>&nbsp;en la memoria, el pensamiento, el comportamiento, las habilidades sociales y, por \u00faltimo, la capacidad de funcionamiento del paciente. Expertos prev\u00e9n que esta patolog\u00eda tenga mayor prevalencia en las pr\u00f3ximas d\u00e9cadas, pero tambi\u00e9n se\u00f1alan que el diagn\u00f3stico precoz es fundamental para mejorar la calidad de vida de la persona afectada y retrasar la enfermedad lo m\u00e1ximo posible.<\/p>\n\n\n\n<h2>\u00bfCu\u00e1les son los primeros s\u00edntomas del Alzheimer?<\/h2>\n\n\n\n<p>Algunas de las se\u00f1ales m\u00e1s frecuentes que aparecen en las etapas iniciales de la enfermedad&nbsp;<strong>se suelen confundir con las de otras enfermedades<\/strong>&nbsp;o el envejecimiento en general. Seg\u00fan la Fundaci\u00f3n Alzheimer Espa\u00f1a, los s\u00edntomas m\u00e1s frecuentes en las etapas iniciales de la enfermedad son los siguientes:<\/p>\n\n\n\n<ul>\n<li>P\u00e9rdida de memoria, sobre todo con el olvido de fechas, de encargos, etc. de hechos recientes.<\/li>\n\n\n\n<li>Repetici\u00f3n frecuente de preguntas a pesar de recibir respuestas.<\/li>\n\n\n\n<li>Colocaci\u00f3n de cosas en lugares equ\u00edvocos o el olvido de d\u00f3nde ha dejado sus cosas.<\/li>\n\n\n\n<li>Dificultad para recordar el nombre de objetos usuales.<\/li>\n\n\n\n<li>P\u00e9rdida del sentido de la orientaci\u00f3n con respecto al tiempo y o al lugar.<\/li>\n\n\n\n<li>Dificultades a realizar gestos simples o manejar objetos familiares como, por ejemplo, no poder abrir la puerta con la llave o manejar el cambio de marchas del coche.<\/li>\n\n\n\n<li>P\u00e9rdida de inter\u00e9s y de motivaci\u00f3n para las actividades que antes se disfrutaba.<\/li>\n\n\n\n<li>Dificultades para realizar tareas f\u00e1ciles.<\/li>\n\n\n\n<li>Cambios bruscos en el humor.<\/li>\n\n\n\n<li><\/li>\n<\/ul>\n\n\n\n<p>Sin embargo, las dificultades de memoria, que en principio pueden parecer banales, no siempre son un s\u00edntoma de esta enfermedad. No obstante, no todos los s\u00edntomas tienen por qu\u00e9 estar presentes conjuntamente, aunque desde la Fundaci\u00f3n Alzheimer Espa\u00f1a indican que<strong>&nbsp;las modificaciones del car\u00e1cter&nbsp;<\/strong>y, sobre todo, la disminuci\u00f3n del inter\u00e9s para realizar actividades es algo habitual.<\/p>\n\n\n\n<h2>Las posibilidades de tratamiento del Alzheimer<\/h2>\n\n\n\n<p><img decoding=\"async\" loading=\"lazy\" alt=\"Una doctora estudia im\u00e1genes del cerebro de una persona con Alzheimer (Getty Images)\" height=\"1280\" width=\"1920\" src=\"https:\/\/www.infobae.com\/new-resizer\/o5wccRo-PLZG_cP1aCVUEx7p9UU=\/arc-anglerfish-arc2-prod-infobae\/public\/G4CJNR3QDJAUVDLD7PS53OHAXI.jpg\" srcset=\"https:\/\/www.infobae.com\/new-resizer\/n3IEOcYxo97Rp5jlF2jnkc-LCgA=\/420x280\/filters:format(webp):quality(85)\/cloudfront-us-east-1.images.arcpublishing.com\/infobae\/G4CJNR3QDJAUVDLD7PS53OHAXI.jpg 420w,https:\/\/www.infobae.com\/new-resizer\/-dIKk_GGfXOJJRr_4P1F5oyCLlA=\/768x512\/filters:format(webp):quality(85)\/cloudfront-us-east-1.images.arcpublishing.com\/infobae\/G4CJNR3QDJAUVDLD7PS53OHAXI.jpg 768w,https:\/\/www.infobae.com\/new-resizer\/1bFdgkPq1UMEogz6op1rktfn5ow=\/992x661\/filters:format(webp):quality(85)\/cloudfront-us-east-1.images.arcpublishing.com\/infobae\/G4CJNR3QDJAUVDLD7PS53OHAXI.jpg 992w,https:\/\/www.infobae.com\/new-resizer\/fqHz2SB7BO__q4sRMY0rALWFCuI=\/1200x800\/filters:format(webp):quality(85)\/cloudfront-us-east-1.images.arcpublishing.com\/infobae\/G4CJNR3QDJAUVDLD7PS53OHAXI.jpg 1200w,https:\/\/www.infobae.com\/new-resizer\/rqMgKXBBE8ghVfle7Jkeb5J4sfI=\/1440x960\/filters:format(webp):quality(85)\/cloudfront-us-east-1.images.arcpublishing.com\/infobae\/G4CJNR3QDJAUVDLD7PS53OHAXI.jpg 1440w\">Una doctora estudia im\u00e1genes del cerebro de una persona con Alzheimer (Getty Images)<\/p>\n\n\n\n<p>El Alzheimer&nbsp;<strong>a\u00fan no tiene cura porque todav\u00eda se desconoce cu\u00e1les son las causas principales<\/strong>&nbsp;de la enfermedad. Por tanto, los medicamentos utilizados para su tratamiento son meramente sintom\u00e1ticos, es decir, no pueden curar el trastorno pero s\u00ed pueden ayudar a retrasar la degradaci\u00f3n de las facultades intelectuales.<\/p>\n\n\n\n<p>Aunque los factores de riesgo incluyen a la edad, la enfermedad del Alzheimer&nbsp;<strong>no es una consecuencia del envejecimiento<\/strong>. Sin embargo, el envejecimiento del cerebro, as\u00ed como la gen\u00e9tica, la salud, el medio ambiente y el estilo de vida pueden contribuir al desarrollo de Alzheimer.<\/p>\n\n\n\n<p>Fuente: infobae<\/p>\n","protected":false},"excerpt":{"rendered":"<div class=\"mh-excerpt\"><p>La enfermedad del Alzheimer afecta a m\u00e1s de 800.000 personas en Espa\u00f1a. A\u00fan as\u00ed,&nbsp;m\u00e1s de un 43% de los espa\u00f1oles no sabe reconocer los primeros s\u00edntomas&nbsp;del Alzheimer, seg\u00fan un&nbsp;estudio reciente&nbsp;realizado por Sanitas. Las primeras se\u00f1ales del trastorno suelen pasar desapercibidas tanto por el paciente como por su entorno personal y familiar debido al desconocimiento de la enfermedad o a la confusi\u00f3n de los s\u00edntomas con los de otras enfermedades El Alzheimer es la principal causa de demencia en el mundo y&nbsp;provoca un deterioro gradual&nbsp;en la memoria, el pensamiento, el comportamiento, las habilidades sociales y, por \u00faltimo, la capacidad de funcionamiento <a class=\"mh-excerpt-more\" href=\"http:\/\/dsrmedios.com.ar\/diario\/archivos\/39826\" title=\"Los 9 primeros s\u00edntomas del Alzheimer que pueden pasar desapercibidos o confundirse con otras enfermedades\">[Leer m\u00e1s]<\/a><\/p>\n<\/div>","protected":false},"author":8,"featured_media":39833,"comment_status":"open","ping_status":"closed","sticky":false,"template":"","format":"standard","meta":{"_jetpack_newsletter_access":""},"categories":[43],"tags":[],"jetpack_featured_media_url":"http:\/\/dsrmedios.com.ar\/diario\/wp-content\/uploads\/2023\/09\/descarga-6.jpeg","jetpack_sharing_enabled":true,"jetpack_shortlink":"https:\/\/wp.me\/p9fihK-amm","_links":{"self":[{"href":"http:\/\/dsrmedios.com.ar\/diario\/wp-json\/wp\/v2\/posts\/39826"}],"collection":[{"href":"http:\/\/dsrmedios.com.ar\/diario\/wp-json\/wp\/v2\/posts"}],"about":[{"href":"http:\/\/dsrmedios.com.ar\/diario\/wp-json\/wp\/v2\/types\/post"}],"author":[{"embeddable":true,"href":"http:\/\/dsrmedios.com.ar\/diario\/wp-json\/wp\/v2\/users\/8"}],"replies":[{"embeddable":true,"href":"http:\/\/dsrmedios.com.ar\/diario\/wp-json\/wp\/v2\/comments?post=39826"}],"version-history":[{"count":2,"href":"http:\/\/dsrmedios.com.ar\/diario\/wp-json\/wp\/v2\/posts\/39826\/revisions"}],"predecessor-version":[{"id":39835,"href":"http:\/\/dsrmedios.com.ar\/diario\/wp-json\/wp\/v2\/posts\/39826\/revisions\/39835"}],"wp:featuredmedia":[{"embeddable":true,"href":"http:\/\/dsrmedios.com.ar\/diario\/wp-json\/wp\/v2\/media\/39833"}],"wp:attachment":[{"href":"http:\/\/dsrmedios.com.ar\/diario\/wp-json\/wp\/v2\/media?parent=39826"}],"wp:term":[{"taxonomy":"category","embeddable":true,"href":"http:\/\/dsrmedios.com.ar\/diario\/wp-json\/wp\/v2\/categories?post=39826"},{"taxonomy":"post_tag","embeddable":true,"href":"http:\/\/dsrmedios.com.ar\/diario\/wp-json\/wp\/v2\/tags?post=39826"}],"curies":[{"name":"wp","href":"https:\/\/api.w.org\/{rel}","templated":true}]}}