{"id":39815,"date":"2023-09-26T23:11:07","date_gmt":"2023-09-27T02:11:07","guid":{"rendered":"http:\/\/dsrmedios.com.ar\/diario\/?p=39815"},"modified":"2023-09-26T23:11:09","modified_gmt":"2023-09-27T02:11:09","slug":"desde-gallo-hasta-andres-los-terrenos-del-hospital-san-martin-ya-son-municipales","status":"publish","type":"post","link":"http:\/\/dsrmedios.com.ar\/diario\/archivos\/39815","title":{"rendered":"<strong>Desde Gallo hasta Andres: los Terrenos del Hospital San Mart\u00edn ya son Municipales<\/strong>"},"content":{"rendered":"\n<p><strong><em>Luego de 113 a\u00f1os se logr\u00f3 la regularizaci\u00f3n de la manzana del hospital de Carhu\u00e9, lo que favorecer\u00e1 el crecimiento y desarrollo de todo lo emplazado en ella.<\/em><\/strong><\/p>\n\n\n\n<p>El&nbsp;<strong>Intendente de Adolfo Alsina, Javier Andres,<\/strong>&nbsp;firm\u00f3 ante el escribano Bruno Maugeri, notario titular del Registro de Escrituras P\u00fablicas n\u00famero Uno de nuestro Partido, la escritura que regulariza la propiedad de la manzana del Hospital Jos\u00e9 de San Mart\u00edn de la ciudad de Carhu\u00e9 por parte de la Municipalidad de Adolfo Alsina.<\/p>\n\n\n\n<p>Desde 1910 hasta 2023, desde el Intendente Antonio Gallo hasta el Intendente Javier Andres, los terrenos que componen la manzana del nosocomio central de Adolfo Alsina fueron cambiando de due\u00f1os y administraciones:<\/p>\n\n\n\n<p><strong>15-5-1910:<\/strong>&nbsp;el&nbsp;<strong>Intendente Antonio Gallo<\/strong>&nbsp;convoc\u00f3 a conformar la Comisi\u00f3n Pro-Hospital reuniendo a vecinos influyentes que logran la cesi\u00f3n, en primera instancia, de un terreno para emplazar el edificio.<\/p>\n\n\n\n<p><strong>25-5-1910:<\/strong>&nbsp;la Comisi\u00f3n Pro-Hospital nombra una nueva comisi\u00f3n: la \u201cSociedad Damas de Beneficencia de Adolfo Alsina\u201d, para mejor manejo econ\u00f3mico y sost\u00e9n de la mencionada causa.<\/p>\n\n\n\n<p><strong>25-5-1911:<\/strong>&nbsp;se Inaugura el Primer Pabell\u00f3n del Hospital.<\/p>\n\n\n\n<p><strong>29-11-1919:<\/strong>&nbsp;la \u201cSociedad Damas de Beneficencia\u201d logra la Personer\u00eda Jur\u00eddica.<\/p>\n\n\n\n<p><strong>10 a\u00f1os despu\u00e9s de la habilitaci\u00f3n del hospital:<\/strong>&nbsp;los terrenos continuaban siendo propiedad de los ex vecinos Francisco Arhex y su esposa Antonia Urrutti. Por el fallecimiento de ella y aprobados los autos sucesorios (julio de 1922), el 31 -10-1922 se finaliza la compra del terreno a Francisco Arhex por la \u201cSociedad damas de beneficencia\u201d.<\/p>\n\n\n\n<p><strong>8-5-1936:&nbsp;<\/strong>se disuelve la \u201cSociedad Damas de Beneficencia\u201d y, desde entonces, el Municipio se hace cargo del Hospital San Mart\u00edn de Carhu\u00e9.<\/p>\n\n\n\n<p><strong>11-3.1937:<\/strong>&nbsp;el Municipio convoca a un grupo de Damas y se constituye la Primera Comisi\u00f3n Cooperadora, que, con inconvenientes, funcion\u00f3 un corto lapso de tiempo. Teniendo que ser administrado el nosocomio s\u00f3lo por el municipio.<\/p>\n\n\n\n<p><strong>1-1-1950:<\/strong>&nbsp;el hospital pasa a depender del Ministerio de Salud P\u00fablica de la Provincia de Buenos Aires.<\/p>\n\n\n\n<p><strong>27-10-1962:<\/strong>&nbsp;se logra, nuevamente, conformar una comisi\u00f3n de apoyo que funciona hasta la actualidad.<\/p>\n\n\n\n<p><strong>17-8-1990:<\/strong>&nbsp;se inaugura el actual edificio. A partir de entonces, el viejo nosocomio de la \u201cComisi\u00f3n de Damas de Beneficencia\u201d fue constitu\u00eddo como Hogar de Ancianos.<\/p>\n\n\n\n<p><strong>26-9-2023:&nbsp;<\/strong>el Intendente Javier Andres firm\u00f3 la escrituraci\u00f3n del inmueble en donde se encuentra edificado el Hospital \u201cGral. Jos\u00e9 de San Mart\u00edn\u201d de la localidad de Carhu\u00e9.<\/p>\n","protected":false},"excerpt":{"rendered":"<div class=\"mh-excerpt\"><p>Luego de 113 a\u00f1os se logr\u00f3 la regularizaci\u00f3n de la manzana del hospital de Carhu\u00e9, lo que favorecer\u00e1 el crecimiento y desarrollo de todo lo emplazado en ella. El&nbsp;Intendente de Adolfo Alsina, Javier Andres,&nbsp;firm\u00f3 ante el escribano Bruno Maugeri, notario titular del Registro de Escrituras P\u00fablicas n\u00famero Uno de nuestro Partido, la escritura que regulariza la propiedad de la manzana del Hospital Jos\u00e9 de San Mart\u00edn de la ciudad de Carhu\u00e9 por parte de la Municipalidad de Adolfo Alsina. Desde 1910 hasta 2023, desde el Intendente Antonio Gallo hasta el Intendente Javier Andres, los terrenos que componen la manzana del <a class=\"mh-excerpt-more\" href=\"http:\/\/dsrmedios.com.ar\/diario\/archivos\/39815\" title=\"Desde Gallo hasta Andres: los Terrenos del Hospital San Mart\u00edn ya son Municipales\">[Leer m\u00e1s]<\/a><\/p>\n<\/div>","protected":false},"author":8,"featured_media":39816,"comment_status":"open","ping_status":"closed","sticky":false,"template":"","format":"standard","meta":{"_jetpack_newsletter_access":""},"categories":[18,31,5],"tags":[],"jetpack_featured_media_url":"http:\/\/dsrmedios.com.ar\/diario\/wp-content\/uploads\/2023\/09\/WhatsApp-Image-2023-09-26-at-12.55.39.jpeg","jetpack_sharing_enabled":true,"jetpack_shortlink":"https:\/\/wp.me\/p9fihK-amb","_links":{"self":[{"href":"http:\/\/dsrmedios.com.ar\/diario\/wp-json\/wp\/v2\/posts\/39815"}],"collection":[{"href":"http:\/\/dsrmedios.com.ar\/diario\/wp-json\/wp\/v2\/posts"}],"about":[{"href":"http:\/\/dsrmedios.com.ar\/diario\/wp-json\/wp\/v2\/types\/post"}],"author":[{"embeddable":true,"href":"http:\/\/dsrmedios.com.ar\/diario\/wp-json\/wp\/v2\/users\/8"}],"replies":[{"embeddable":true,"href":"http:\/\/dsrmedios.com.ar\/diario\/wp-json\/wp\/v2\/comments?post=39815"}],"version-history":[{"count":1,"href":"http:\/\/dsrmedios.com.ar\/diario\/wp-json\/wp\/v2\/posts\/39815\/revisions"}],"predecessor-version":[{"id":39817,"href":"http:\/\/dsrmedios.com.ar\/diario\/wp-json\/wp\/v2\/posts\/39815\/revisions\/39817"}],"wp:featuredmedia":[{"embeddable":true,"href":"http:\/\/dsrmedios.com.ar\/diario\/wp-json\/wp\/v2\/media\/39816"}],"wp:attachment":[{"href":"http:\/\/dsrmedios.com.ar\/diario\/wp-json\/wp\/v2\/media?parent=39815"}],"wp:term":[{"taxonomy":"category","embeddable":true,"href":"http:\/\/dsrmedios.com.ar\/diario\/wp-json\/wp\/v2\/categories?post=39815"},{"taxonomy":"post_tag","embeddable":true,"href":"http:\/\/dsrmedios.com.ar\/diario\/wp-json\/wp\/v2\/tags?post=39815"}],"curies":[{"name":"wp","href":"https:\/\/api.w.org\/{rel}","templated":true}]}}