{"id":39810,"date":"2023-09-26T19:52:21","date_gmt":"2023-09-26T22:52:21","guid":{"rendered":"http:\/\/dsrmedios.com.ar\/diario\/?p=39810"},"modified":"2023-09-26T19:53:16","modified_gmt":"2023-09-26T22:53:16","slug":"juicio-por-la-expropiacion-de-ypf-los-pasos-que-deberia-seguir-la-argentina-para-evitar-los-embargos","status":"publish","type":"post","link":"http:\/\/dsrmedios.com.ar\/diario\/archivos\/39810","title":{"rendered":"Juicio por la expropiaci\u00f3n de YPF: los pasos que deber\u00eda seguir la Argentina para evitar los embargos"},"content":{"rendered":"\n<p>Luego de la&nbsp;<a href=\"https:\/\/tn.com.ar\/economia\/2023\/09\/15\/expropiacion-de-ypf-la-justicia-de-eeuu-confirmo-la-sentencia-contra-la-argentina-por-us16000-millones\/\" target=\"_blank\" rel=\"noreferrer noopener\">sentencia adversa contra el Estado<\/a>&nbsp;por la&nbsp;<strong>expropiaci\u00f3n de YPF<\/strong>, que obliga a la Argentina a pagar&nbsp;<strong>US$16.000 millones<\/strong>, el fondo&nbsp;<strong>Burford<\/strong>&nbsp;<strong>Capital<\/strong>&nbsp;<a href=\"https:\/\/tn.com.ar\/politica\/2023\/09\/22\/juicio-por-ypf-los-beneficiarios-del-fallo-piden-empezar-con-los-embargos-a-la-argentina-en-30-dias\/\" target=\"_blank\" rel=\"noreferrer noopener\">pidi\u00f3 embargar bienes del pa\u00eds<\/a>&nbsp;en el exterior. Se espera que en los pr\u00f3ximos d\u00edas,&nbsp;<strong>la jueza de la causa convoque a una reuni\u00f3n<\/strong>&nbsp;entre las partes para discutir ese asunto.<\/p>\n\n\n\n<p>As\u00ed lo indic\u00f3\u00a0<strong>Sebasti\u00e1n Maril<\/strong>, analista de\u00a0<em>Latam Advisors\u00a0<\/em>que sigue el caso de cerca: \u201cBurford pidi\u00f3 poder avanzar con los embargos\u00a0<strong>a partir del 16 de octubre<\/strong>, as\u00ed que no creo que la jueza\u00a0<strong>Loretta Preska<\/strong>\u00a0deje pasar esa semana sin convocar a una conferencia entre ambos\u201d.<\/p>\n\n\n\n<p>El Gobierno anticip\u00f3 que&nbsp;<strong>la defensa argentina planea apelar<\/strong>. Sin embargo, para seguir ese camino sin poner en peligro activos argentinos en el exterior, los abogados tendr\u00e1n que hacer un&nbsp;<strong>pedido especial a la jueza<\/strong>.<\/p>\n\n\n\n<figure class=\"wp-block-image\"><img decoding=\"async\" src=\"https:\/\/tn.com.ar\/resizer\/otDuSDCKG-E5iXFJ8GCrh2nMlcY=\/767x0\/smart\/filters:format(webp)\/cloudfront-us-east-1.images.arcpublishing.com\/artear\/SAK6QIBAI5ADDMSH2LFNAC6QRY.jpg\" alt=\"La justicia estadounidense excluy\u00f3 a YPF del juicio por la expropiaci\u00f3n. (Foto: T\u00e9lam).\"\/><figcaption class=\"wp-element-caption\">La justicia estadounidense excluy\u00f3 a YPF del juicio por la expropiaci\u00f3n. (Foto: T\u00e9lam).<\/figcaption><\/figure>\n\n\n\n<p>\u201cPara evitar que los demandantes vayan contra activos del Estado mientras apela,&nbsp;<strong>la Argentina tiene que depositar un bono de garant\u00eda equivalente al monto del fallo<\/strong>. Es decir, US$16.000 millones. Por supuesto, el pa\u00eds no lo puede afrontar, entonces, es probable que la defensa est\u00e9 armando un escrito en el que le pida a la jueza Preska que&nbsp;<strong>la exima del bono&nbsp;<\/strong>porque se trata de un&nbsp;<strong>pa\u00eds pobre<\/strong>&nbsp;que sufrir\u00eda da\u00f1os irreparables si tuviera que hacer ese pago\u201d, indic\u00f3 Maril.<\/p>\n\n\n\n<p>El analista record\u00f3 que hace poco m\u00e1s de un mes&nbsp;<strong>la Argentina us\u00f3 -con \u00e9xito- esa misma estrategia en Londres<\/strong>, en el juicio por 1300 millones de euros por el pago del cup\u00f3n PBI. \u201cPodr\u00eda, incluso, ofrecerse a depositar un&nbsp;<strong>bono simb\u00f3lico,<\/strong>&nbsp;por un monto menor\u201d, agreg\u00f3 Maril.<\/p>\n\n\n\n<figure class=\"wp-block-image\"><img decoding=\"async\" src=\"https:\/\/tn.com.ar\/resizer\/4YzKZ6TmNH1AZUA7QBbwma1a5Lo=\/767x0\/smart\/filters:format(webp)\/cloudfront-us-east-1.images.arcpublishing.com\/artear\/Y33Z3TWRAJBFHFQCXQ2N7Y74S4.jpg\" alt=\"La jueza Loretta Preska, magistrada que presidi\u00f3 el juicio contra el Estado argentino. (Foto: The New York Times)\"\/><figcaption class=\"wp-element-caption\">La jueza Loretta Preska, magistrada que presidi\u00f3 el juicio contra el Estado argentino. (Foto: The New York Times)<\/figcaption><\/figure>\n\n\n\n<p>A la vez, no descart\u00f3 que la defensa del pa\u00eds presente un escrito a la jueza Preska en el que solicite&nbsp;<strong>suspender todo lo que se derive del litigio hasta tanto se resuelvan las elecciones<\/strong>&nbsp;presidenciales en la Argentina, de modo tal que la pr\u00f3xima gesti\u00f3n elija una estrategia y se siente a negociar.<\/p>\n\n\n\n<p>La principal desventaja de seguir alargando el litigio, aun si evita los embargos, est\u00e1 en los&nbsp;<strong>costos<\/strong>&nbsp;legales y de intereses. \u201cSon alrededor de&nbsp;<strong>US$1000 millones anuales,<\/strong>&nbsp;que ascender\u00e1n a US$3000 millones si llega a la Corte Suprema\u201d, puntualiz\u00f3 Maril.<\/p>\n\n\n\n<h2>Un litigio que puede demorar a\u00f1os<\/h2>\n\n\n\n<p>Aunque el experto considera que lo m\u00e1s propicio ser\u00eda acordar con el fondo demandante tratar de conseguir un descuento y cerrar el juicio, cree que el Gobierno ir\u00e1 por el camino de la\u00a0<strong>apelaci\u00f3n<\/strong>, que puede demorar\u00a0<strong>varios a\u00f1os\u00a0<\/strong>en resolverse.<\/p>\n\n\n\n<p>Seg\u00fan \u00e9l,&nbsp;<strong>cualquier autoridad local evitar\u00e1 abonar el fallo si todav\u00eda puede explorar alternativas legales<\/strong>. \u00bfPor qu\u00e9? Para evitar un juicio pol\u00edtico en el futuro. En ese sentido, record\u00f3 el cierre del conflicto legal con los&nbsp;<strong>fondos buitre<\/strong>: \u201cCuando&nbsp;<strong>Mauricio Macri<\/strong>&nbsp;le pag\u00f3 a los&nbsp;<em>holdouts<\/em>, lo envi\u00f3 el&nbsp;<strong>Congreso<\/strong>. Lo mismo deber\u00eda suceder en este caso. La ventaja de apelar es que gana tiempo y, adem\u00e1s, puede llegar a dar vuelta la sentencia y ganar\u201d.<\/p>\n\n\n\n<figure class=\"wp-block-image\"><img decoding=\"async\" src=\"https:\/\/tn.com.ar\/resizer\/vzJtW0BtSz0CIpuVRPp157bxg2k=\/767x0\/smart\/filters:format(webp)\/cloudfront-us-east-1.images.arcpublishing.com\/artear\/B3SXDMFUKRFYVKBVYCBGVKMUI4.jpg\" alt=\"El sello del Departamento de Justicia de los Estados Unidos se ve en el exterior del edificio de la Oficina del Fiscal de los Estados Unidos del Distrito Sur de Nueva York en Manhattan. (Foto: Andrew Kelly\/Reuters).\"\/><figcaption class=\"wp-element-caption\">El sello del Departamento de Justicia de los Estados Unidos se ve en el exterior del edificio de la Oficina del Fiscal de los Estados Unidos del Distrito Sur de Nueva York en Manhattan. (Foto: Andrew Kelly\/Reuters).<\/figcaption><\/figure>\n\n\n\n<p>Con respecto a los embargos, Maril apunt\u00f3 que\u00a0<a rel=\"noreferrer noopener\" href=\"https:\/\/tn.com.ar\/economia\/2023\/09\/24\/juicio-por-expropiacion-de-ypf-que-bienes-se-le-podrian-embargar-a-la-argentina-y-cuales-son-los-antecedentes\/\" target=\"_blank\">es dif\u00edcil precisar qu\u00e9 activos argentinos<\/a>\u00a0en el exterior podr\u00edan ser objeto de esa estrategia. \u201cNo se puede embargar embajadas, ni cuentas, ni los aviones de Aerol\u00edneas Argentinas porque la mayor\u00eda son prestados\u201d, detall\u00f3. \u201cLa realidad es que\u00a0<strong>Burford quiere cobrar el juicio<\/strong>, no le interesan los bienes a embargar en s\u00ed mismos\u201d, a\u00f1adi\u00f3.<\/p>\n\n\n\n<p>Fuente: tn<\/p>\n","protected":false},"excerpt":{"rendered":"<div class=\"mh-excerpt\"><p>Luego de la&nbsp;sentencia adversa contra el Estado&nbsp;por la&nbsp;expropiaci\u00f3n de YPF, que obliga a la Argentina a pagar&nbsp;US$16.000 millones, el fondo&nbsp;Burford&nbsp;Capital&nbsp;pidi\u00f3 embargar bienes del pa\u00eds&nbsp;en el exterior. Se espera que en los pr\u00f3ximos d\u00edas,&nbsp;la jueza de la causa convoque a una reuni\u00f3n&nbsp;entre las partes para discutir ese asunto. As\u00ed lo indic\u00f3\u00a0Sebasti\u00e1n Maril, analista de\u00a0Latam Advisors\u00a0que sigue el caso de cerca: \u201cBurford pidi\u00f3 poder avanzar con los embargos\u00a0a partir del 16 de octubre, as\u00ed que no creo que la jueza\u00a0Loretta Preska\u00a0deje pasar esa semana sin convocar a una conferencia entre ambos\u201d. El Gobierno anticip\u00f3 que&nbsp;la defensa argentina planea apelar. Sin embargo, para <a class=\"mh-excerpt-more\" href=\"http:\/\/dsrmedios.com.ar\/diario\/archivos\/39810\" title=\"Juicio por la expropiaci\u00f3n de YPF: los pasos que deber\u00eda seguir la Argentina para evitar los embargos\">[Leer m\u00e1s]<\/a><\/p>\n<\/div>","protected":false},"author":8,"featured_media":39811,"comment_status":"open","ping_status":"closed","sticky":false,"template":"","format":"standard","meta":{"_jetpack_newsletter_access":""},"categories":[6],"tags":[],"jetpack_featured_media_url":"http:\/\/dsrmedios.com.ar\/diario\/wp-content\/uploads\/2023\/09\/images-4.jpeg","jetpack_sharing_enabled":true,"jetpack_shortlink":"https:\/\/wp.me\/p9fihK-am6","_links":{"self":[{"href":"http:\/\/dsrmedios.com.ar\/diario\/wp-json\/wp\/v2\/posts\/39810"}],"collection":[{"href":"http:\/\/dsrmedios.com.ar\/diario\/wp-json\/wp\/v2\/posts"}],"about":[{"href":"http:\/\/dsrmedios.com.ar\/diario\/wp-json\/wp\/v2\/types\/post"}],"author":[{"embeddable":true,"href":"http:\/\/dsrmedios.com.ar\/diario\/wp-json\/wp\/v2\/users\/8"}],"replies":[{"embeddable":true,"href":"http:\/\/dsrmedios.com.ar\/diario\/wp-json\/wp\/v2\/comments?post=39810"}],"version-history":[{"count":1,"href":"http:\/\/dsrmedios.com.ar\/diario\/wp-json\/wp\/v2\/posts\/39810\/revisions"}],"predecessor-version":[{"id":39812,"href":"http:\/\/dsrmedios.com.ar\/diario\/wp-json\/wp\/v2\/posts\/39810\/revisions\/39812"}],"wp:featuredmedia":[{"embeddable":true,"href":"http:\/\/dsrmedios.com.ar\/diario\/wp-json\/wp\/v2\/media\/39811"}],"wp:attachment":[{"href":"http:\/\/dsrmedios.com.ar\/diario\/wp-json\/wp\/v2\/media?parent=39810"}],"wp:term":[{"taxonomy":"category","embeddable":true,"href":"http:\/\/dsrmedios.com.ar\/diario\/wp-json\/wp\/v2\/categories?post=39810"},{"taxonomy":"post_tag","embeddable":true,"href":"http:\/\/dsrmedios.com.ar\/diario\/wp-json\/wp\/v2\/tags?post=39810"}],"curies":[{"name":"wp","href":"https:\/\/api.w.org\/{rel}","templated":true}]}}