{"id":39808,"date":"2023-09-26T19:48:39","date_gmt":"2023-09-26T22:48:39","guid":{"rendered":"http:\/\/dsrmedios.com.ar\/diario\/?p=39808"},"modified":"2023-09-26T19:48:44","modified_gmt":"2023-09-26T22:48:44","slug":"los-motivos-de-la-nueva-suba-del-dolar-blue-y-los-factores-que-meten-presion-a-la-cotizacion","status":"publish","type":"post","link":"http:\/\/dsrmedios.com.ar\/diario\/archivos\/39808","title":{"rendered":"Los motivos de la nueva suba del d\u00f3lar blue y los factores que meten presi\u00f3n a la cotizaci\u00f3n"},"content":{"rendered":"\n<p>El&nbsp;<a href=\"https:\/\/tn.com.ar\/economia\/2023\/09\/26\/dolar-blue-hoy-a-cuanto-cotiza-este-martes-26-de-septiembre\/\" target=\"_blank\" rel=\"noreferrer noopener\"><strong>d\u00f3lar blue<\/strong><\/a>&nbsp;se despert\u00f3 este martes,&nbsp;<a href=\"https:\/\/tn.com.ar\/economia\/2023\/09\/26\/dolar-blue-y-dolar-hoy-todas-las-cotizaciones-de-este-martes-26-de-septiembre\/\" target=\"_blank\" rel=\"noreferrer noopener\">salt\u00f3 $13 y finaliz\u00f3 la jornada en $758<\/a>. As\u00ed,&nbsp;<strong>super\u00f3 los $750&nbsp;<\/strong>por primera vez desde el pico que se vivi\u00f3 en la semana posterior a las PASO y dej\u00f3 atr\u00e1s varios d\u00edas de relativa calma, en los que&nbsp;<strong>se movi\u00f3 entre los $730 y los $745<\/strong>.<\/p>\n\n\n\n<p>La cotizaci\u00f3n informal se alej\u00f3 del precio del\u00a0<strong>d\u00f3lar MEP\u00a0<\/strong>(se negoci\u00f3 en $685,85), que suele funcionar como referencia para el blue. Para\u00a0<strong>Mat\u00edas De Luca<\/strong>, economista de\u00a0<em>LCG<\/em>, hay dos factores que explican que ese tipo de cambio financiero haya quedado rezagado.<\/p>\n\n\n\n<p>\u201cEl d\u00f3lar MEP estuvo intervenido por el BCRA y tambi\u00e9n ayud\u00f3 que un&nbsp;<a href=\"https:\/\/tn.com.ar\/campo\/2023\/09\/05\/el-gobierno-lanzo-el-dolar-soja-4-y-desde-el-campo-opinan-que-habra-libertad-para-adherirse-o-no\/\" target=\"_blank\" rel=\"noreferrer noopener\">25% de lo que liquida el agro es de libre disponibilidad<\/a>&nbsp;hasta fin de mes. Entonces, pod\u00edan&nbsp;<strong>liquidar esa parte al tipo de cambio financiero<\/strong>. Eso ayud\u00f3 a que el precio se mueva menos. Sin embargo, empieza a haber una<strong>&nbsp;brecha de la brecha<\/strong>, en la que el blue se despega del MEP\u201d, explic\u00f3.<\/p>\n\n\n\n<figure class=\"wp-block-image\"><img decoding=\"async\" src=\"https:\/\/tn.com.ar\/resizer\/yEff1kZb2vQNw2ImF3XzxLWHcsM=\/767x0\/smart\/filters:format(webp)\/cloudfront-us-east-1.images.arcpublishing.com\/artear\/2TFJWFNDS5CGBFQ7U5TFLHI7UY.jpg\" alt=\"Cuando se acercan las elecciones, los argentinos buscan refugio en la moneda estadounidense. (Foto: Adobe Stock)\"\/><figcaption class=\"wp-element-caption\">Cuando se acercan las elecciones, los argentinos buscan refugio en la moneda estadounidense. (Foto: Adobe Stock)<\/figcaption><\/figure>\n\n\n\n<p>Ese beneficio para los exportadores est\u00e1&nbsp;<strong>a punto de terminar&nbsp;<\/strong>y tambi\u00e9n eso puede poner presi\u00f3n sobre la cotizaci\u00f3n de los d\u00f3lares paralelos, seg\u00fan sostuvo el economista.<\/p>\n\n\n\n<p>A su turno,&nbsp;<strong>Lucio Garay M\u00e9ndez<\/strong>, analista de&nbsp;<em>Eco Go<\/em>, consider\u00f3: \u201cLas condiciones macro siguen igual o m\u00e1s&nbsp;<strong>inestables<\/strong>&nbsp;que hace un mes. Las expectativas son de&nbsp;<strong>incertidumbre<\/strong>&nbsp;plena, hay muchas posibilidades sobre lo que pueda pasar en octubre y en diciembre. Mientras tanto,&nbsp;<strong>el peso sigue perdiendo valor<\/strong>&nbsp;todos los d\u00edas. En este contexto,&nbsp;<strong>el d\u00f3lar blue ofrece cobertura<\/strong>&nbsp;y es de las opciones m\u00e1s cercanas\u201d.<\/p>\n\n\n\n<h2>Los tres factores que hicieron subir al d\u00f3lar blue<\/h2>\n\n\n\n<p>El d\u00f3lar blue es un\u00a0<strong>term\u00f3metro<\/strong>\u00a0de la econom\u00eda, a pesar del reducido tama\u00f1o de sus operaciones. A veces su valor salta como respuesta a alg\u00fan evento particular -por ejemplo, al sorpresivo resultado de las PASO-, mientras que en otras ocasiones<strong>\u00a0se adelanta a turbulencias<\/strong>\u00a0que se proyectan sobre el horizonte.<\/p>\n\n\n\n<p>La suba del d\u00f3lar paralelo de este martes parece coincidir con esta \u00faltima situaci\u00f3n. En ese sentido,&nbsp;<strong>varios factores se combinaron<\/strong>&nbsp;para impulsar el precio del blue.<\/p>\n\n\n\n<ul>\n<li>Los registros de<strong>&nbsp;inflaci\u00f3n en dos cifras<\/strong>&nbsp;<strong>mensuales<\/strong>&nbsp;que, tras&nbsp;<a href=\"https:\/\/tn.com.ar\/economia\/2023\/09\/13\/la-inflacion-de-agosto-fue-de-124-la-mas-alta-de-los-ultimos-32-anos\/\" target=\"_blank\" rel=\"noreferrer noopener\">el r\u00e9cord de agosto<\/a>, se espera que contin\u00faen en esos niveles. \u201cCon precios que corren al 12% mensual, cuando algo se estanca un poco ya se supone que se va a actualizar en alg\u00fan momento porque no es sostenible\u201d, se\u00f1al\u00f3 De Luca.<\/li>\n\n\n\n<li>Las&nbsp;<a href=\"https:\/\/tn.com.ar\/economia\/2023\/09\/26\/nuevo-ife-los-trabajadores-no-registrados-cobraran-un-bono-de-94000-en-dos-cuotas\/\" target=\"_blank\" rel=\"noreferrer noopener\"><strong>medidas que anunci\u00f3 el Gobierno<\/strong><\/a>, que volcar\u00e1n&nbsp;<strong>m\u00e1s pesos a la calle&nbsp;<\/strong>y que incrementan las expectativas de suba del blue en las pr\u00f3ximas semanas. \u201cLas medidas fiscales expansivas todav\u00eda no tuvieron efecto pleno, y eso hace que todav\u00eda haya margen para que siga subiendo\u201d, afirm\u00f3 Garay M\u00e9ndez.<\/li>\n\n\n\n<li>La&nbsp;<strong>cercan\u00eda de las elecciones<\/strong>, que aumenta la b\u00fasqueda de&nbsp;<strong>cobertura<\/strong>&nbsp;en moneda estadounidense por temor a una nueva&nbsp;<strong>devaluaci\u00f3n<\/strong>.<\/li>\n<\/ul>\n\n\n\n<p>En ese contexto, la inestabilidad financiera volvi\u00f3 para quedarse y es probable que se acent\u00fae al ritmo de las\u00a0<strong>medidas<\/strong>\u00a0del oficialismo y de las\u00a0<strong>declaraciones<\/strong>\u00a0de los candidatos presidenciales.<\/p>\n\n\n\n<p>Fuente: TN<\/p>\n","protected":false},"excerpt":{"rendered":"<div class=\"mh-excerpt\"><p>El&nbsp;d\u00f3lar blue&nbsp;se despert\u00f3 este martes,&nbsp;salt\u00f3 $13 y finaliz\u00f3 la jornada en $758. As\u00ed,&nbsp;super\u00f3 los $750&nbsp;por primera vez desde el pico que se vivi\u00f3 en la semana posterior a las PASO y dej\u00f3 atr\u00e1s varios d\u00edas de relativa calma, en los que&nbsp;se movi\u00f3 entre los $730 y los $745. La cotizaci\u00f3n informal se alej\u00f3 del precio del\u00a0d\u00f3lar MEP\u00a0(se negoci\u00f3 en $685,85), que suele funcionar como referencia para el blue. Para\u00a0Mat\u00edas De Luca, economista de\u00a0LCG, hay dos factores que explican que ese tipo de cambio financiero haya quedado rezagado. \u201cEl d\u00f3lar MEP estuvo intervenido por el BCRA y tambi\u00e9n ayud\u00f3 que un&nbsp;25% <a class=\"mh-excerpt-more\" href=\"http:\/\/dsrmedios.com.ar\/diario\/archivos\/39808\" title=\"Los motivos de la nueva suba del d\u00f3lar blue y los factores que meten presi\u00f3n a la cotizaci\u00f3n\">[Leer m\u00e1s]<\/a><\/p>\n<\/div>","protected":false},"author":8,"featured_media":38967,"comment_status":"open","ping_status":"closed","sticky":false,"template":"","format":"standard","meta":{"_jetpack_newsletter_access":""},"categories":[6],"tags":[],"jetpack_featured_media_url":"http:\/\/dsrmedios.com.ar\/diario\/wp-content\/uploads\/2023\/09\/dolares-y-pesos-1215450.jpeg","jetpack_sharing_enabled":true,"jetpack_shortlink":"https:\/\/wp.me\/p9fihK-am4","_links":{"self":[{"href":"http:\/\/dsrmedios.com.ar\/diario\/wp-json\/wp\/v2\/posts\/39808"}],"collection":[{"href":"http:\/\/dsrmedios.com.ar\/diario\/wp-json\/wp\/v2\/posts"}],"about":[{"href":"http:\/\/dsrmedios.com.ar\/diario\/wp-json\/wp\/v2\/types\/post"}],"author":[{"embeddable":true,"href":"http:\/\/dsrmedios.com.ar\/diario\/wp-json\/wp\/v2\/users\/8"}],"replies":[{"embeddable":true,"href":"http:\/\/dsrmedios.com.ar\/diario\/wp-json\/wp\/v2\/comments?post=39808"}],"version-history":[{"count":1,"href":"http:\/\/dsrmedios.com.ar\/diario\/wp-json\/wp\/v2\/posts\/39808\/revisions"}],"predecessor-version":[{"id":39809,"href":"http:\/\/dsrmedios.com.ar\/diario\/wp-json\/wp\/v2\/posts\/39808\/revisions\/39809"}],"wp:featuredmedia":[{"embeddable":true,"href":"http:\/\/dsrmedios.com.ar\/diario\/wp-json\/wp\/v2\/media\/38967"}],"wp:attachment":[{"href":"http:\/\/dsrmedios.com.ar\/diario\/wp-json\/wp\/v2\/media?parent=39808"}],"wp:term":[{"taxonomy":"category","embeddable":true,"href":"http:\/\/dsrmedios.com.ar\/diario\/wp-json\/wp\/v2\/categories?post=39808"},{"taxonomy":"post_tag","embeddable":true,"href":"http:\/\/dsrmedios.com.ar\/diario\/wp-json\/wp\/v2\/tags?post=39808"}],"curies":[{"name":"wp","href":"https:\/\/api.w.org\/{rel}","templated":true}]}}