{"id":39805,"date":"2023-09-26T19:46:20","date_gmt":"2023-09-26T22:46:20","guid":{"rendered":"http:\/\/dsrmedios.com.ar\/diario\/?p=39805"},"modified":"2023-09-26T19:46:24","modified_gmt":"2023-09-26T22:46:24","slug":"el-ministro-de-economia-de-brasil-dijo-que-si-ganara-javier-milei-el-mercosur-estara-en-riesgo","status":"publish","type":"post","link":"http:\/\/dsrmedios.com.ar\/diario\/archivos\/39805","title":{"rendered":"El ministro de Econom\u00eda de Brasil dijo que si ganara Javier Milei el Mercosur estar\u00e1 en riesgo"},"content":{"rendered":"\n<p>El ministro de Econom\u00eda de&nbsp;<strong>Brasil<\/strong>,&nbsp;<strong>Fernando Haddad<\/strong>, advirti\u00f3 que la continuidad del&nbsp;<strong>Mercosur<\/strong>&nbsp;est\u00e1 amenazada en caso de que sea elegido como presidente de Argentina el candidato libertario&nbsp;<strong>Javier Milei.<\/strong><\/p>\n\n\n\n<p>&#8220;El Mercosur est\u00e1 en riesgo sobre todo por los pr\u00f3ximos eventos que pueden ocurrir en nuestro principal socio comercial, no se sabe el alcance de las narrativas del candidato que lidera las encuestas en Argentina&#8221;, dijo Haddad durante un seminario realizado en la Universidad Fundaci\u00f3n Getulio Vargas, en San Pablo.<\/p>\n\n\n\n<p>Sin mencionar de manera explicita al candidato a presidente por La Libertad Avanza (LLA) que ya dijo que no est\u00e1 a favor de continuar la pol\u00edtica bilateral hacia Brasil, Haddad apost\u00f3 a que una mayor integraci\u00f3n puede detener movimientos contrarios al Mercosur.<\/p>\n\n\n\n<p><strong>&#8220;Este acuerdo que se est\u00e1 negociando con la UE ser\u00eda una ant\u00eddoto contra medidas que puedan desorganizar a la regi\u00f3n&#8221;<\/strong>, asegur\u00f3 Haddad, quien fuera candidato a presidente por el Partido de los Trabajadores en 2018, cuando fue derrotado por el ultraderechista Jair Bolsonaro.<\/p>\n\n\n\n<p><\/p>\n\n\n\n<p>Haddad asegur\u00f3 que el Mercosur, cuya presidencia pro t\u00e9mpore esta a cargo de Luiz In\u00e1cio Lula da Silva, ha respondido la carta adicional incorporada por la UE sobre nuevas condiciones ambientales para la firma de un acuerdo.<\/p>\n\n\n\n<p>&#8220;Existe la chance de un acuerdo con la UE este a\u00f1o. Lula est\u00e1 involucrado en esta tarea de firmar el acuerdo. Hay resistencia en Europa, sobre todo en Francia, en relaci\u00f3n a la apertura del mercado europeo a los productos brasile\u00f1os&#8221;, explic\u00f3 el ministro.<\/p>\n\n\n\n<p>Haddad advirti\u00f3 sobre Milei en San Pablo tal como lo hab\u00eda hecho la semana pasada en Nueva York el presidente Lula durante un encuentro con el mandatario estadounidense, Joe Biden.<\/p>\n\n\n\n<p>Fuente: MINUTOUNO<\/p>\n","protected":false},"excerpt":{"rendered":"<div class=\"mh-excerpt\"><p>El ministro de Econom\u00eda de&nbsp;Brasil,&nbsp;Fernando Haddad, advirti\u00f3 que la continuidad del&nbsp;Mercosur&nbsp;est\u00e1 amenazada en caso de que sea elegido como presidente de Argentina el candidato libertario&nbsp;Javier Milei. &#8220;El Mercosur est\u00e1 en riesgo sobre todo por los pr\u00f3ximos eventos que pueden ocurrir en nuestro principal socio comercial, no se sabe el alcance de las narrativas del candidato que lidera las encuestas en Argentina&#8221;, dijo Haddad durante un seminario realizado en la Universidad Fundaci\u00f3n Getulio Vargas, en San Pablo. Sin mencionar de manera explicita al candidato a presidente por La Libertad Avanza (LLA) que ya dijo que no est\u00e1 a favor de continuar <a class=\"mh-excerpt-more\" href=\"http:\/\/dsrmedios.com.ar\/diario\/archivos\/39805\" title=\"El ministro de Econom\u00eda de Brasil dijo que si ganara Javier Milei el Mercosur estar\u00e1 en riesgo\">[Leer m\u00e1s]<\/a><\/p>\n<\/div>","protected":false},"author":8,"featured_media":39806,"comment_status":"open","ping_status":"closed","sticky":false,"template":"","format":"standard","meta":{"_jetpack_newsletter_access":""},"categories":[6],"tags":[],"jetpack_featured_media_url":"http:\/\/dsrmedios.com.ar\/diario\/wp-content\/uploads\/2023\/09\/md.webp","jetpack_sharing_enabled":true,"jetpack_shortlink":"https:\/\/wp.me\/p9fihK-am1","_links":{"self":[{"href":"http:\/\/dsrmedios.com.ar\/diario\/wp-json\/wp\/v2\/posts\/39805"}],"collection":[{"href":"http:\/\/dsrmedios.com.ar\/diario\/wp-json\/wp\/v2\/posts"}],"about":[{"href":"http:\/\/dsrmedios.com.ar\/diario\/wp-json\/wp\/v2\/types\/post"}],"author":[{"embeddable":true,"href":"http:\/\/dsrmedios.com.ar\/diario\/wp-json\/wp\/v2\/users\/8"}],"replies":[{"embeddable":true,"href":"http:\/\/dsrmedios.com.ar\/diario\/wp-json\/wp\/v2\/comments?post=39805"}],"version-history":[{"count":1,"href":"http:\/\/dsrmedios.com.ar\/diario\/wp-json\/wp\/v2\/posts\/39805\/revisions"}],"predecessor-version":[{"id":39807,"href":"http:\/\/dsrmedios.com.ar\/diario\/wp-json\/wp\/v2\/posts\/39805\/revisions\/39807"}],"wp:featuredmedia":[{"embeddable":true,"href":"http:\/\/dsrmedios.com.ar\/diario\/wp-json\/wp\/v2\/media\/39806"}],"wp:attachment":[{"href":"http:\/\/dsrmedios.com.ar\/diario\/wp-json\/wp\/v2\/media?parent=39805"}],"wp:term":[{"taxonomy":"category","embeddable":true,"href":"http:\/\/dsrmedios.com.ar\/diario\/wp-json\/wp\/v2\/categories?post=39805"},{"taxonomy":"post_tag","embeddable":true,"href":"http:\/\/dsrmedios.com.ar\/diario\/wp-json\/wp\/v2\/tags?post=39805"}],"curies":[{"name":"wp","href":"https:\/\/api.w.org\/{rel}","templated":true}]}}