{"id":39800,"date":"2023-09-26T19:40:57","date_gmt":"2023-09-26T22:40:57","guid":{"rendered":"http:\/\/dsrmedios.com.ar\/diario\/?p=39800"},"modified":"2023-09-26T19:41:01","modified_gmt":"2023-09-26T22:41:01","slug":"sergio-massa-anuncio-un-refuerzo-para-los-trabajadores-informales","status":"publish","type":"post","link":"http:\/\/dsrmedios.com.ar\/diario\/archivos\/39800","title":{"rendered":"Sergio Massa anunci\u00f3 un refuerzo para los trabajadores informales"},"content":{"rendered":"\n<p>El ministro de Econom\u00eda,&nbsp;<strong>Sergio Massa,<\/strong>&nbsp;y la directora ejecutiva de ANSES,&nbsp;<strong>Fernanda Raverta,<\/strong>&nbsp;anunciaron este martes el pago de un bono de&nbsp;<strong>$47.000 en octubre<\/strong>&nbsp;y&nbsp;<strong>en noviembre<\/strong>&nbsp;para&nbsp;<strong>trabajadores informales<\/strong>&nbsp;de entre&nbsp;<strong>18 y 64 a\u00f1os<\/strong>, que no cuentan con ingresos registrados ni perciben asistencia econ\u00f3mica del Estado, como la Asignaci\u00f3n Universal por Hijo (AUH), las becas Progresar o el Potenciar Trabajo.<\/p>\n\n\n\n<p>Se trata de un sector de la poblaci\u00f3n que no hab\u00eda sido alcanzado por las medidas econ\u00f3micas dispuestas en las \u00faltimas semanas para atenuar el impacto de la devaluaci\u00f3n impuesta por el FMI.<\/p>\n\n\n\n<p>&#8220;Hemos tomado la decisi\u00f3n de cobrarle un anticipo extraordinario de ganancias a aquellos sectores que fueron los grandes ganadores de la devaluaci\u00f3n impuesta por el FMI, centralmente bancos, compa\u00f1\u00edas financieras y compa\u00f1\u00edas de seguro que ser\u00e1n notificadas en el d\u00eda de ma\u00f1ana por la AFIP a los efectos de realizar el pago del anticipo de ganancias&#8221;, asegur\u00f3 Massa, en un mensaje grabado este martes por la ma\u00f1ana en el Palacio de Hacienda, que comparti\u00f3 con Raverta.<\/p>\n\n\n\n<p>El candidato presidencial explic\u00f3 que pretende as\u00ed &#8220;mantener el equilibrio en las cuentas p\u00fablicas, pero llegar a los sectores m\u00e1s vulnerables de nuestra sociedad, a los efectos de cuidar el ingreso de todas y todos los argentinos&#8221;, por lo que expres\u00f3: &#8220;Tenemos un objetivo; recuperar el ingreso para mejorar la calidad de vida de la gente y estas medidas van en el mismo sentido\u201d.<\/p>\n\n\n\n<p>Por su parte,&nbsp;<strong>Raverta destac\u00f3 que el refuerzo permitir\u00e1 &#8220;llegar a aquellos hombres y mujeres que tienen m\u00e1s de 18 a\u00f1os, menos de 64, que no est\u00e1n alcanzados por ninguna prestaci\u00f3n o asistencia del Estado y que no tienen trabajo formal&#8221;<\/strong>.<\/p>\n\n\n\n<p>\u201cA partir de ma\u00f1ana, desde las 2 de la tarde, va a estar abierta la inscripci\u00f3n por internet en la p\u00e1gina de ANSES con Clave de la Seguridad Social, con una cuenta bancaria a tu nombre, que si no la ten\u00e9s, el banco la va a tramitar\u201d, asegur\u00f3 la titular de la Administraci\u00f3n Nacional de la Seguridad Social.<\/p>\n\n\n\n<p>Seg\u00fan se inform\u00f3 oficialmente, para acceder al refuerzo las personas no deber\u00e1n tener trabajo registrado (relaci\u00f3n de dependencia, aut\u00f3nomos, monotributo, monotributo social y casas particulares); jubilaci\u00f3n o pensi\u00f3n; AUH, AUE, Asignaciones familiares o Progresar; planes sociales (por ejemplo, Potenciar Trabajo); ni prestaci\u00f3n por desempleo.<\/p>\n\n\n\n<p>Adem\u00e1s, Anses realizar\u00e1 una evaluaci\u00f3n socioecon\u00f3mica y patrimonial (consumo, bienes, cobertura de salud, etc.) de los solicitantes, para evitar que accedan a \u00e9ste personas que no cumplen con los requisitos.<\/p>\n\n\n\n<p>Fuente: Minutouno<\/p>\n","protected":false},"excerpt":{"rendered":"<div class=\"mh-excerpt\"><p>El ministro de Econom\u00eda,&nbsp;Sergio Massa,&nbsp;y la directora ejecutiva de ANSES,&nbsp;Fernanda Raverta,&nbsp;anunciaron este martes el pago de un bono de&nbsp;$47.000 en octubre&nbsp;y&nbsp;en noviembre&nbsp;para&nbsp;trabajadores informales&nbsp;de entre&nbsp;18 y 64 a\u00f1os, que no cuentan con ingresos registrados ni perciben asistencia econ\u00f3mica del Estado, como la Asignaci\u00f3n Universal por Hijo (AUH), las becas Progresar o el Potenciar Trabajo. Se trata de un sector de la poblaci\u00f3n que no hab\u00eda sido alcanzado por las medidas econ\u00f3micas dispuestas en las \u00faltimas semanas para atenuar el impacto de la devaluaci\u00f3n impuesta por el FMI. &#8220;Hemos tomado la decisi\u00f3n de cobrarle un anticipo extraordinario de ganancias a aquellos sectores <a class=\"mh-excerpt-more\" href=\"http:\/\/dsrmedios.com.ar\/diario\/archivos\/39800\" title=\"Sergio Massa anunci\u00f3 un refuerzo para los trabajadores informales\">[Leer m\u00e1s]<\/a><\/p>\n<\/div>","protected":false},"author":8,"featured_media":31416,"comment_status":"open","ping_status":"closed","sticky":false,"template":"","format":"standard","meta":{"_jetpack_newsletter_access":""},"categories":[6],"tags":[],"jetpack_featured_media_url":"http:\/\/dsrmedios.com.ar\/diario\/wp-content\/uploads\/2023\/04\/CULIKXKBYJ5VYCFKH4L7XKC57Q.jpg","jetpack_sharing_enabled":true,"jetpack_shortlink":"https:\/\/wp.me\/p9fihK-alW","_links":{"self":[{"href":"http:\/\/dsrmedios.com.ar\/diario\/wp-json\/wp\/v2\/posts\/39800"}],"collection":[{"href":"http:\/\/dsrmedios.com.ar\/diario\/wp-json\/wp\/v2\/posts"}],"about":[{"href":"http:\/\/dsrmedios.com.ar\/diario\/wp-json\/wp\/v2\/types\/post"}],"author":[{"embeddable":true,"href":"http:\/\/dsrmedios.com.ar\/diario\/wp-json\/wp\/v2\/users\/8"}],"replies":[{"embeddable":true,"href":"http:\/\/dsrmedios.com.ar\/diario\/wp-json\/wp\/v2\/comments?post=39800"}],"version-history":[{"count":1,"href":"http:\/\/dsrmedios.com.ar\/diario\/wp-json\/wp\/v2\/posts\/39800\/revisions"}],"predecessor-version":[{"id":39801,"href":"http:\/\/dsrmedios.com.ar\/diario\/wp-json\/wp\/v2\/posts\/39800\/revisions\/39801"}],"wp:featuredmedia":[{"embeddable":true,"href":"http:\/\/dsrmedios.com.ar\/diario\/wp-json\/wp\/v2\/media\/31416"}],"wp:attachment":[{"href":"http:\/\/dsrmedios.com.ar\/diario\/wp-json\/wp\/v2\/media?parent=39800"}],"wp:term":[{"taxonomy":"category","embeddable":true,"href":"http:\/\/dsrmedios.com.ar\/diario\/wp-json\/wp\/v2\/categories?post=39800"},{"taxonomy":"post_tag","embeddable":true,"href":"http:\/\/dsrmedios.com.ar\/diario\/wp-json\/wp\/v2\/tags?post=39800"}],"curies":[{"name":"wp","href":"https:\/\/api.w.org\/{rel}","templated":true}]}}