{"id":39789,"date":"2023-09-26T16:27:25","date_gmt":"2023-09-26T19:27:25","guid":{"rendered":"http:\/\/dsrmedios.com.ar\/diario\/?p=39789"},"modified":"2023-09-26T16:27:29","modified_gmt":"2023-09-26T19:27:29","slug":"dia-del-baston-verde-quienes-lo-usan-y-por-que-se-celebra","status":"publish","type":"post","link":"http:\/\/dsrmedios.com.ar\/diario\/archivos\/39789","title":{"rendered":"D\u00eda del Bast\u00f3n Verde: qui\u00e9nes lo usan y por qu\u00e9 se celebra"},"content":{"rendered":"\n<p>Cada 26 de septiembre se celebra el&nbsp;<strong>D\u00eda del Bast\u00f3n Verde<\/strong>, para visibilizar la importancia de este instrumento en la vida de las personas con baja visi\u00f3n. Se trata de una herramienta de autonom\u00eda creada por una docente e instaurada en Argentina en 2002, con la&nbsp;<strong>Ley Nacional N\u00b025.682<\/strong>.<\/p>\n\n\n\n<p>Mediante esta ley,\u00a0<strong>se adopt\u00f3 el uso del bast\u00f3n verde como instrumento que le brinda autonom\u00eda y sirve de orientaci\u00f3n y movilidad para las personas con baja visi\u00f3n<\/strong>. Tambi\u00e9n sirve como un elemento de identificaci\u00f3n para que las dem\u00e1s personas puedan ofrecerle ayuda.<\/p>\n\n\n\n<p>Seg\u00fan comunic\u00f3 el&nbsp;<strong>Ministerio de Salud de la provincia de Buenos Aires<\/strong>&nbsp;<a href=\"https:\/\/twitter.com\/SaludBAP\/status\/1706630380130914623\" target=\"_blank\" rel=\"noreferrer noopener\">en su cuenta de Twitter<\/a>, esta herramienta<strong>&nbsp;&#8220;nos advierte que la persona que est\u00e1 circulando puede necesitar ayuda en sus movimientos&#8221;<\/strong>. En ese sentido, es importante comprender que los bastones de las personas con discapacidad visual se diferencian seg\u00fan su color.<\/p>\n\n\n\n<ul>\n<li><strong>Blanco<\/strong>: lo utilizan las personas ciegas.<\/li>\n\n\n\n<li><strong>Verde<\/strong>: lo utilizan las personas de baja visi\u00f3n.<\/li>\n\n\n\n<li><strong>Rojo y blanco<\/strong>: lo utilizan las personas con sordoceguera.<\/li>\n<\/ul>\n\n\n\n<figure class=\"wp-block-image\"><img decoding=\"async\" src=\"https:\/\/media.infocielo.com\/p\/60fe59fe834a754dc30d5111687d2f37\/adjuntos\/299\/imagenes\/001\/721\/0001721383\/887x0\/smart\/baston-verde-00jpg.jpg\" alt=\"Este martes se celebra el D&iacute;a del Bast&oacute;n Verde, para visibilizar la importancia de este instrumento en la vida de las personas con baja visi&oacute;n.&nbsp;\" title=\"Este martes se celebra el D&iacute;a del Bast&oacute;n Verde, para visibilizar la importancia de este instrumento en la vida de las personas con baja visi&oacute;n.&nbsp;\"\/><\/figure>\n\n\n\n<p>Este martes se celebra el D\u00eda del Bast\u00f3n Verde, para visibilizar la importancia de este instrumento en la vida de las personas con baja visi\u00f3n.<\/p>\n\n\n\n<p>La cartera sanitaria tambi\u00e9n lanz\u00f3 algunas&nbsp;<strong>sugerencias para brindar ayuda a personas con baja visi\u00f3n<\/strong>:<\/p>\n\n\n\n<ol>\n<li>Acercarse y consultar si necesita algo.<\/li>\n\n\n\n<li>En vez de tomarla del brazo, dejar que la persona se tome de nuestro hombro.<\/li>\n\n\n\n<li>Avisarle cuando se acerca el cord\u00f3n.<\/li>\n\n\n\n<li>Dar indicaciones precisas tomando como referencia a su persona.<\/li>\n<\/ol>\n\n\n\n<h2>La historia de c\u00f3mo naci\u00f3 el bast\u00f3n verde<\/h2>\n\n\n\n<p>Fue la docente uruguaya de educaci\u00f3n especial,&nbsp;<strong>Perla Catherine Mayo<\/strong>, quien cre\u00f3 este bast\u00f3n y decidi\u00f3 establecerse en Argentina. Ella<strong>&nbsp;desarroll\u00f3 el bast\u00f3n como un objeto de orientaci\u00f3n y movilidad que distingue a las personas con baja visi\u00f3n de aquellas con ceguera total.<\/strong><\/p>\n\n\n\n<p>La idea se le ocurri\u00f3 a partir de una experiencia personal con una alumna llamada Anal\u00eda, quien ten\u00eda problemas en la vista. Ella utilizaba un bast\u00f3n blanco, que identifica a las personas ciegas, y un certificado de discapacidad por ceguera.<\/p>\n\n\n\n<p>Ante esta situaci\u00f3n, Mayo identific\u00f3 que en la vida diaria, es esencial que las personas puedan distinguir entre quienes tienen una disminuci\u00f3n visual y quienes est\u00e1n completamente ciegos. As\u00ed fue como se propuso buscar una soluci\u00f3n.<\/p>\n\n\n\n<p>Fuente: infocielo<\/p>\n","protected":false},"excerpt":{"rendered":"<div class=\"mh-excerpt\"><p>Cada 26 de septiembre se celebra el&nbsp;D\u00eda del Bast\u00f3n Verde, para visibilizar la importancia de este instrumento en la vida de las personas con baja visi\u00f3n. Se trata de una herramienta de autonom\u00eda creada por una docente e instaurada en Argentina en 2002, con la&nbsp;Ley Nacional N\u00b025.682. Mediante esta ley,\u00a0se adopt\u00f3 el uso del bast\u00f3n verde como instrumento que le brinda autonom\u00eda y sirve de orientaci\u00f3n y movilidad para las personas con baja visi\u00f3n. Tambi\u00e9n sirve como un elemento de identificaci\u00f3n para que las dem\u00e1s personas puedan ofrecerle ayuda. Seg\u00fan comunic\u00f3 el&nbsp;Ministerio de Salud de la provincia de Buenos Aires&nbsp;en <a class=\"mh-excerpt-more\" href=\"http:\/\/dsrmedios.com.ar\/diario\/archivos\/39789\" title=\"D\u00eda del Bast\u00f3n Verde: qui\u00e9nes lo usan y por qu\u00e9 se celebra\">[Leer m\u00e1s]<\/a><\/p>\n<\/div>","protected":false},"author":8,"featured_media":39790,"comment_status":"open","ping_status":"closed","sticky":false,"template":"","format":"standard","meta":{"_jetpack_newsletter_access":""},"categories":[43],"tags":[],"jetpack_featured_media_url":"http:\/\/dsrmedios.com.ar\/diario\/wp-content\/uploads\/2023\/09\/baston-verdepng.webp","jetpack_sharing_enabled":true,"jetpack_shortlink":"https:\/\/wp.me\/p9fihK-alL","_links":{"self":[{"href":"http:\/\/dsrmedios.com.ar\/diario\/wp-json\/wp\/v2\/posts\/39789"}],"collection":[{"href":"http:\/\/dsrmedios.com.ar\/diario\/wp-json\/wp\/v2\/posts"}],"about":[{"href":"http:\/\/dsrmedios.com.ar\/diario\/wp-json\/wp\/v2\/types\/post"}],"author":[{"embeddable":true,"href":"http:\/\/dsrmedios.com.ar\/diario\/wp-json\/wp\/v2\/users\/8"}],"replies":[{"embeddable":true,"href":"http:\/\/dsrmedios.com.ar\/diario\/wp-json\/wp\/v2\/comments?post=39789"}],"version-history":[{"count":1,"href":"http:\/\/dsrmedios.com.ar\/diario\/wp-json\/wp\/v2\/posts\/39789\/revisions"}],"predecessor-version":[{"id":39791,"href":"http:\/\/dsrmedios.com.ar\/diario\/wp-json\/wp\/v2\/posts\/39789\/revisions\/39791"}],"wp:featuredmedia":[{"embeddable":true,"href":"http:\/\/dsrmedios.com.ar\/diario\/wp-json\/wp\/v2\/media\/39790"}],"wp:attachment":[{"href":"http:\/\/dsrmedios.com.ar\/diario\/wp-json\/wp\/v2\/media?parent=39789"}],"wp:term":[{"taxonomy":"category","embeddable":true,"href":"http:\/\/dsrmedios.com.ar\/diario\/wp-json\/wp\/v2\/categories?post=39789"},{"taxonomy":"post_tag","embeddable":true,"href":"http:\/\/dsrmedios.com.ar\/diario\/wp-json\/wp\/v2\/tags?post=39789"}],"curies":[{"name":"wp","href":"https:\/\/api.w.org\/{rel}","templated":true}]}}