{"id":39784,"date":"2023-09-26T16:24:16","date_gmt":"2023-09-26T19:24:16","guid":{"rendered":"http:\/\/dsrmedios.com.ar\/diario\/?p=39784"},"modified":"2023-09-26T16:24:19","modified_gmt":"2023-09-26T19:24:19","slug":"las-victimas-de-violencia-de-genero-podran-acceder-a-una-bonificacion-total-de-la-luz-por-seis-meses","status":"publish","type":"post","link":"http:\/\/dsrmedios.com.ar\/diario\/archivos\/39784","title":{"rendered":"Las v\u00edctimas de violencia de g\u00e9nero podr\u00e1n acceder a una bonificaci\u00f3n total de la luz por seis meses"},"content":{"rendered":"\n<p>A partir de una medida que implement\u00f3 el Gobierno bonaerense a trav\u00e9s de la Subsecretar\u00eda de Energ\u00eda, las mujeres y diversidades v\u00edctimas de&nbsp;<strong><a href=\"https:\/\/infocielo.com\/violencia-genero-a133\">violencia<\/a>&nbsp;de g\u00e9nero<\/strong>&nbsp;podr\u00e1n acceder a una bonificaci\u00f3n del cien por cien de la tarifa el\u00e9ctrica en la provincia.<\/p>\n\n\n\n<p>La disposici\u00f3n es una iniciativa conjunta con el Ministerio de las Mujeres, G\u00e9nero y Diversidad Sexual, y\u00a0<strong>busca que las personas en situaciones de violencia de g\u00e9nero y en proceso de salida obtengan un apoyo econ\u00f3mico a la par de tener garantizado un servicio b\u00e1sico y elementa<\/strong>l<\/p>\n\n\n\n<p>Seg\u00fan indicaron a INFOCIELO desde la Subsecretar\u00eda de Energ\u00eda,&nbsp;<strong>&#8220;la medida se implementar\u00e1 en colaboraci\u00f3n con las prestadoras del servicio de energ\u00eda el\u00e9ctrica y alcanzar\u00e1 a mujeres y Diversidades que se encuentran registradas en el sistema de Registro \u00danico de Casos de Violencia de G\u00e9nero (RUC)&#8221;<\/strong><em>.<\/em><\/p>\n\n\n\n<p><strong>La bonificaci\u00f3n tendr\u00e1 un plazo de seis meses y ser\u00e1 informada en la factura de luz, que continuar\u00e1 llegando al domicilio registrado<\/strong>&nbsp;por la persona. Para acceder a esta bonificaci\u00f3n, las mujeres y diversidades deber\u00e1n dirigirse al \u00e1rea de g\u00e9nero de g\u00e9nero de su municipio y presentar la factura de electricidad, sean o no los las titulares del servicio.<\/p>\n\n\n\n<p>Desde provincia explicaron que\u00a0<strong>\u00e9ste tipo de pol\u00edticas de g\u00e9nero y de asistencia a la v\u00edctima se enmarcan en la legislaci\u00f3n internacional, nacional y provincial que establece como responsabilidad del Estado la implementaci\u00f3n de pol\u00edticas p\u00fablicas con perspectiva de g\u00e9nero<\/strong>\u00a0que permitan reducir las brechas de desigualdad que afectan a las mujeres y diversidades en su conjunto y, en particular, a quienes atraviesan situaciones de violencia por razones de g\u00e9nero.<\/p>\n\n\n\n<p>Fuente: Infocielo<\/p>\n","protected":false},"excerpt":{"rendered":"<div class=\"mh-excerpt\"><p>A partir de una medida que implement\u00f3 el Gobierno bonaerense a trav\u00e9s de la Subsecretar\u00eda de Energ\u00eda, las mujeres y diversidades v\u00edctimas de&nbsp;violencia&nbsp;de g\u00e9nero&nbsp;podr\u00e1n acceder a una bonificaci\u00f3n del cien por cien de la tarifa el\u00e9ctrica en la provincia. La disposici\u00f3n es una iniciativa conjunta con el Ministerio de las Mujeres, G\u00e9nero y Diversidad Sexual, y\u00a0busca que las personas en situaciones de violencia de g\u00e9nero y en proceso de salida obtengan un apoyo econ\u00f3mico a la par de tener garantizado un servicio b\u00e1sico y elemental Seg\u00fan indicaron a INFOCIELO desde la Subsecretar\u00eda de Energ\u00eda,&nbsp;&#8220;la medida se implementar\u00e1 en colaboraci\u00f3n con <a class=\"mh-excerpt-more\" href=\"http:\/\/dsrmedios.com.ar\/diario\/archivos\/39784\" title=\"Las v\u00edctimas de violencia de g\u00e9nero podr\u00e1n acceder a una bonificaci\u00f3n total de la luz por seis meses\">[Leer m\u00e1s]<\/a><\/p>\n<\/div>","protected":false},"author":8,"featured_media":39787,"comment_status":"open","ping_status":"closed","sticky":false,"template":"","format":"standard","meta":{"_jetpack_newsletter_access":""},"categories":[6],"tags":[],"jetpack_featured_media_url":"http:\/\/dsrmedios.com.ar\/diario\/wp-content\/uploads\/2023\/09\/electricidad-luz-lamparita-energiajpg.webp","jetpack_sharing_enabled":true,"jetpack_shortlink":"https:\/\/wp.me\/p9fihK-alG","_links":{"self":[{"href":"http:\/\/dsrmedios.com.ar\/diario\/wp-json\/wp\/v2\/posts\/39784"}],"collection":[{"href":"http:\/\/dsrmedios.com.ar\/diario\/wp-json\/wp\/v2\/posts"}],"about":[{"href":"http:\/\/dsrmedios.com.ar\/diario\/wp-json\/wp\/v2\/types\/post"}],"author":[{"embeddable":true,"href":"http:\/\/dsrmedios.com.ar\/diario\/wp-json\/wp\/v2\/users\/8"}],"replies":[{"embeddable":true,"href":"http:\/\/dsrmedios.com.ar\/diario\/wp-json\/wp\/v2\/comments?post=39784"}],"version-history":[{"count":1,"href":"http:\/\/dsrmedios.com.ar\/diario\/wp-json\/wp\/v2\/posts\/39784\/revisions"}],"predecessor-version":[{"id":39788,"href":"http:\/\/dsrmedios.com.ar\/diario\/wp-json\/wp\/v2\/posts\/39784\/revisions\/39788"}],"wp:featuredmedia":[{"embeddable":true,"href":"http:\/\/dsrmedios.com.ar\/diario\/wp-json\/wp\/v2\/media\/39787"}],"wp:attachment":[{"href":"http:\/\/dsrmedios.com.ar\/diario\/wp-json\/wp\/v2\/media?parent=39784"}],"wp:term":[{"taxonomy":"category","embeddable":true,"href":"http:\/\/dsrmedios.com.ar\/diario\/wp-json\/wp\/v2\/categories?post=39784"},{"taxonomy":"post_tag","embeddable":true,"href":"http:\/\/dsrmedios.com.ar\/diario\/wp-json\/wp\/v2\/tags?post=39784"}],"curies":[{"name":"wp","href":"https:\/\/api.w.org\/{rel}","templated":true}]}}