{"id":39771,"date":"2023-09-26T16:15:31","date_gmt":"2023-09-26T19:15:31","guid":{"rendered":"http:\/\/dsrmedios.com.ar\/diario\/?p=39771"},"modified":"2023-09-26T16:15:35","modified_gmt":"2023-09-26T19:15:35","slug":"axel-kicillof-vaticina-un-balotaje-entre-milei-y-massa-y-tambien-apuesta-a-seducir-al-electorado-de-la-ucr","status":"publish","type":"post","link":"http:\/\/dsrmedios.com.ar\/diario\/archivos\/39771","title":{"rendered":"Axel Kicillof vaticina un balotaje entre Milei y Massa y tambi\u00e9n apuesta a seducir al electorado de la UCR"},"content":{"rendered":"\n<p>Primero fue el candidato presidencial de Uni\u00f3n por la Patria,&nbsp;<a rel=\"noreferrer noopener\" href=\"https:\/\/www.infobae.com\/tag\/sergio-massa\/\" target=\"_blank\"><strong>Sergio Massa<\/strong><\/a>, quien&nbsp;<strong>envi\u00f3 se\u00f1ales a un sector del radicalismo&nbsp;<\/strong>para sumar adhesiones ante un eventual balotaje.<strong>&nbsp;Lo sigui\u00f3 el gobernador de la provincia de Buenos Aires<\/strong>,<a rel=\"noreferrer noopener\" href=\"https:\/\/www.infobae.com\/tag\/axel-kicillof\/\" target=\"_blank\">&nbsp;<strong>Axel Kicillof<\/strong><\/a>. En el oficialismo polarizan con&nbsp;<a rel=\"noreferrer noopener\" href=\"https:\/\/www.infobae.com\/tag\/javier-milei\/\" target=\"_blank\"><strong>Javier Milei<\/strong><\/a>&nbsp;y en esa estrategia&nbsp;<strong>buscan atraer parte del electoral que tradicionalmente responde a la Uni\u00f3n C\u00edvica Radical<\/strong>, hoy formando parte de la estructura de Juntos y la candidatura nacional de&nbsp;<a rel=\"noreferrer noopener\" href=\"https:\/\/www.infobae.com\/tag\/patricia-bullrich\/\" target=\"_blank\"><strong>Patricia Bullrich<\/strong><\/a><strong>.<\/strong><\/p>\n\n\n\n<p>Este lunes, Kicillof puso sobre la mesa el planteo de \u201c<strong>un (Javier) Milei, una (Patricia) Bullrich que tratan tan mal al radicalismo como movimiento hist\u00f3rico,<\/strong>&nbsp;como partido centenario con lo que significa en el orden democr\u00e1tico y la importancia que ha tenido tambi\u00e9n en determinados consensos, como Memoria, Verdad y Justicia\u201d.<\/p>\n\n\n\n<p>El posicionamiento va en l\u00ednea con las se\u00f1ales que empez\u00f3 a desplegar en el orden nacional el ministro candidato del oficialismo. En los \u00faltimos d\u00edas<strong>, Sergio Massa tambi\u00e9n habl\u00f3 de hacer un gobierno&nbsp;<\/strong><a rel=\"noreferrer noopener\" href=\"https:\/\/www.infobae.com\/politica\/2023\/09\/25\/sergio-massa-le-hace-guinos-a-la-oposicion-y-apela-al-consenso-para-el-tramo-final-de-la-campana\/\" target=\"_blank\"><strong>\u201cde consenso\u201d<\/strong><\/a><strong>.&nbsp;<\/strong>Lo plante\u00f3 en un acto junto a los gobernadores radicales<strong>&nbsp;Gerardo Morales&nbsp;<\/strong>(Jujuy) y<strong>&nbsp;Gustavo Vald\u00e9s<\/strong>&nbsp;(Corrientes); adem\u00e1s del misionero&nbsp;<strong>Oscar Herrera Ahuad<\/strong>, que gobierna su provincia bajo el sello provincial del Frente la Concordia Misionero. Ya hubo algunas se\u00f1ales de dirigentes de diferentes sectores que manifestaron que ante un eventual balotaje entre el libertario y el ministro de Econom\u00eda, se terminar\u00edan inclinando por el funcionario nacional.<\/p>\n\n\n\n<p>Como cont\u00f3<strong>&nbsp;Infobae,<\/strong>&nbsp;<strong>el giro en la campa\u00f1a&nbsp;<\/strong>tiene que ver con posicionar a Massa como un candidato que entiende que el juego pol\u00edtico de la grieta fracas\u00f3, que es necesario bajar los niveles de confrontaci\u00f3n entre los diferentes sectores y que para que eso ocurra ser\u00eda importante que haya un gobierno que rompa los l\u00edmites del UP.<\/p>\n\n\n\n<p><img decoding=\"async\" loading=\"lazy\" alt=\"Massa junto a gobernadores peronistas y radicales del noreste y noroeste \" height=\"1018\" width=\"1600\" src=\"https:\/\/www.infobae.com\/new-resizer\/HY6tYU0F-mvz-PQdlqpUmJ-wm3I=\/arc-anglerfish-arc2-prod-infobae\/public\/OMDKQBSMGFGQBNYQTKRCAPA7OQ.jpeg\" srcset=\"https:\/\/www.infobae.com\/new-resizer\/2htDbGJEtSqY6QDeNeH2cojoSJg=\/992x606\/filters:format(webp):quality(85)\/cloudfront-us-east-1.images.arcpublishing.com\/infobae\/OMDKQBSMGFGQBNYQTKRCAPA7OQ.jpeg 992w\">Massa junto a gobernadores peronistas y radicales del noreste y noroeste<\/p>\n\n\n\n<p><strong>Kicillof tambi\u00e9n explora esta estrategia<\/strong>. Lo hace a trav\u00e9s de los intendentes de la UCR, con los cuales la relaci\u00f3n es m\u00e1s amena que la que mantiene con los jefes comunales del PRO. Este martes,\u00a0<strong>un grupo grande de intendentes de Juntos (PRO y UCR) ir\u00e1n hasta la gobernaci\u00f3n bonaerense en La Plata a dejar sentado un reclamo por fondos adeudados<\/strong>\u00a0de parte de la gesti\u00f3n de Kicillof. El gobernador no va a estar. Tiene actividades programadas en los municipios de Olavarr\u00eda y 25 de Mayo.\u00a0<strong>\u201cSe ve que no tienen nada para inaugurar\u201d,\u00a0<\/strong>chicane\u00f3 este lunes en un acto de entrega de camiones para la recolecci\u00f3n de residuos a trav\u00e9s del ministerio de Ambiente bonaerense y camionetas para el transporte escolar<\/p>\n\n\n\n<p>Ese comentario fue dirigido a los jefes comunales del PRO, que es con los que m\u00e1s confronta -y m\u00e1s en tiempos electorales- el mandatario provincial.&nbsp;<strong>En la gobernaci\u00f3n bonaerense, incluso hacen una distinci\u00f3n entre radicales y PRO.<\/strong><\/p>\n\n\n\n<p>Este lunes fue el cumplea\u00f1os de Kicillof. Cont\u00f3 que recibi\u00f3 \u201cmuchos saludos y&nbsp;<strong>agradecimientos de muchos intendentes de la oposici\u00f3n<\/strong>\u201d. Aclar\u00f3 que&nbsp;<strong>no los nombraba \u201cporque todav\u00eda no se ha roto la oposici\u00f3n\u201d.&nbsp;<\/strong>Adem\u00e1s busc\u00f3 calar en la fragmentaci\u00f3n de Juntos cuando aclar\u00f3: \u201cNo quiero precipitar algo, no es cuesti\u00f3n m\u00eda la interna\u201d.<\/p>\n\n\n\n<p><img decoding=\"async\" loading=\"lazy\" alt=\"Kicillof junto a Leopoldo Moreau y el ministro de Justicia, Julio Alak (Aglaplata)\" height=\"2076\" width=\"3000\" src=\"https:\/\/www.infobae.com\/new-resizer\/wTTaz27_gX4FkFYdKTemVIsfAc0=\/arc-anglerfish-arc2-prod-infobae\/public\/67MEUF34YBFJHM36KH7SLCNSBU.jpg\" srcset=\"https:\/\/www.infobae.com\/new-resizer\/6wPJTb2YKZy7v1Bn2HkqO4N4SKk=\/420x280\/filters:format(webp):quality(85)\/cloudfront-us-east-1.images.arcpublishing.com\/infobae\/67MEUF34YBFJHM36KH7SLCNSBU.jpg 420w,https:\/\/www.infobae.com\/new-resizer\/27RqL2fTh1Za3_cvRbi3_azQHnY=\/768x512\/filters:format(webp):quality(85)\/cloudfront-us-east-1.images.arcpublishing.com\/infobae\/67MEUF34YBFJHM36KH7SLCNSBU.jpg 768w,https:\/\/www.infobae.com\/new-resizer\/5igNesnMVUM5Tb_eU8SUXKa-fZM=\/992x661\/filters:format(webp):quality(85)\/cloudfront-us-east-1.images.arcpublishing.com\/infobae\/67MEUF34YBFJHM36KH7SLCNSBU.jpg 992w,https:\/\/www.infobae.com\/new-resizer\/KB5N9GUVbxEQ-CbBC6bGAVod5Lo=\/1200x800\/filters:format(webp):quality(85)\/cloudfront-us-east-1.images.arcpublishing.com\/infobae\/67MEUF34YBFJHM36KH7SLCNSBU.jpg 1200w,https:\/\/www.infobae.com\/new-resizer\/yi5C7jETaYt8XGVWrKV3XycxxLw=\/1440x960\/filters:format(webp):quality(85)\/cloudfront-us-east-1.images.arcpublishing.com\/infobae\/67MEUF34YBFJHM36KH7SLCNSBU.jpg 1440w\">Kicillof junto a Leopoldo Moreau y el ministro de Justicia, Julio Alak (Aglaplata)<\/p>\n\n\n\n<p>No es la primera vez que Kicillof intenta el acercamiento con el electorado del radicalismo. Semanas atr\u00e1s particip\u00f3 de la inauguraci\u00f3n del\u00a0<strong>Ateneo Radical \u201cRa\u00fal Alfons\u00edn\u201d\u00a0<\/strong>en La Plata. Se trat\u00f3 de un acto encabezado por el diputado nacional,\u00a0<strong>Leopoldo Moreau\u00a0<\/strong>y donde\u00a0<strong>Kicillof tambi\u00e9n despleg\u00f3 elogios hacia algunas concepciones del partido centenario<\/strong>. En ese acto se autopercibi\u00f3 como \u201cparte la generaci\u00f3n de la CONADEP y el Nunca M\u00e1s\u201d. Tambi\u00e9n hab\u00eda contado que ten\u00eda el recuerdo de su infancia de haber participado de los actos de Ra\u00fal Alfons\u00edn en la campa\u00f1a electoral de 1983.<\/p>\n\n\n\n<p>\u201cMe da hasta ganas de ponerme la boina blanca..me voy a aguantar\u201d, brome\u00f3 sobre el tradicional accesorio de los radicales. Tambi\u00e9n plante\u00f3 que&nbsp;<strong>\u201clas y los verdaderos radicales no pueden estar en los espacios que buscan destruir la educaci\u00f3n y la salud p\u00fablica y entregar nuestros recursos energ\u00e9ticos<\/strong>\u201d. Ese acto, sin embargo, despert\u00f3 el malestar de la conducci\u00f3n del partido en La Plata. El presidente del Comit\u00e9 de la UCR en la provincia de Buenos Aires es&nbsp;<strong>Maximiliano Abad<\/strong>, primer candidato a senador nacional por la Provincia en la lista de Juntos.<\/p>\n\n\n\n<p>Hubo, adem\u00e1s un gui\u00f1o meramente de gesti\u00f3n. Tras el pedido de los intendentes,&nbsp;<strong>Kicillof abri\u00f3 un Fondo para asistir a los municipios al pago de la suma fija que dispuso Massa<\/strong>. Se trata de recursos reintegrables v\u00eda coparticipaci\u00f3n. Este lunes se empezaron a firmar las primeras actas en la que los municipios acceden al pr\u00e9stamo. Pusieron&nbsp;<strong>su firma algunos intendentes no peronistas&nbsp;<\/strong>como&nbsp;<strong>Mariano Barroso<\/strong>&nbsp;(9 de Julio),&nbsp;<strong>Rom\u00e1n Bouvier<\/strong>&nbsp;(Rojas),&nbsp;<strong>Lisandro Matzkin&nbsp;<\/strong>(Coronel Pringles) y<strong>&nbsp;Sergio Bordoni<\/strong>&nbsp;(Torquinst).<\/p>\n\n\n\n<p>En las \u00faltimas horas, el candidato de La Libertad Avanza tambi\u00e9n ahond\u00f3 en la estrategia que parece desplegar UP. Milei sostuvo en declaraciones a<em>\u00a0Radio Continental<\/em>\u00a0que\u00a0<strong>\u201cdos gobernadores, Gerardo Morales (Jujuy) y Gustavo Vald\u00e9s (Corrientes) se sumaron a Massa.<\/strong>\u00a0En la Ciudad, hay radicales llamando a votar a Leandro Santoro y proponiendo irse con Massa\u201d. Un concepto que reafirm\u00f3 durante una caravana por el municipio de San Mart\u00edn al decir que Massa \u201cparece que est\u00e1 buscando llegar a una hiperinflaci\u00f3n\u201d, por su acercamiento a los dirigentes radicales.<\/p>\n\n\n\n<p>Fuente: Infobae<\/p>\n","protected":false},"excerpt":{"rendered":"<div class=\"mh-excerpt\"><p>Primero fue el candidato presidencial de Uni\u00f3n por la Patria,&nbsp;Sergio Massa, quien&nbsp;envi\u00f3 se\u00f1ales a un sector del radicalismo&nbsp;para sumar adhesiones ante un eventual balotaje.&nbsp;Lo sigui\u00f3 el gobernador de la provincia de Buenos Aires,&nbsp;Axel Kicillof. En el oficialismo polarizan con&nbsp;Javier Milei&nbsp;y en esa estrategia&nbsp;buscan atraer parte del electoral que tradicionalmente responde a la Uni\u00f3n C\u00edvica Radical, hoy formando parte de la estructura de Juntos y la candidatura nacional de&nbsp;Patricia Bullrich. Este lunes, Kicillof puso sobre la mesa el planteo de \u201cun (Javier) Milei, una (Patricia) Bullrich que tratan tan mal al radicalismo como movimiento hist\u00f3rico,&nbsp;como partido centenario con lo que significa <a class=\"mh-excerpt-more\" href=\"http:\/\/dsrmedios.com.ar\/diario\/archivos\/39771\" title=\"Axel Kicillof vaticina un balotaje entre Milei y Massa y tambi\u00e9n apuesta a seducir al electorado de la UCR\">[Leer m\u00e1s]<\/a><\/p>\n<\/div>","protected":false},"author":8,"featured_media":33910,"comment_status":"open","ping_status":"closed","sticky":false,"template":"","format":"standard","meta":{"_jetpack_newsletter_access":""},"categories":[6],"tags":[],"jetpack_featured_media_url":"http:\/\/dsrmedios.com.ar\/diario\/wp-content\/uploads\/2023\/05\/p14-axel-kicillof-n_optjpeg.jpeg","jetpack_sharing_enabled":true,"jetpack_shortlink":"https:\/\/wp.me\/p9fihK-alt","_links":{"self":[{"href":"http:\/\/dsrmedios.com.ar\/diario\/wp-json\/wp\/v2\/posts\/39771"}],"collection":[{"href":"http:\/\/dsrmedios.com.ar\/diario\/wp-json\/wp\/v2\/posts"}],"about":[{"href":"http:\/\/dsrmedios.com.ar\/diario\/wp-json\/wp\/v2\/types\/post"}],"author":[{"embeddable":true,"href":"http:\/\/dsrmedios.com.ar\/diario\/wp-json\/wp\/v2\/users\/8"}],"replies":[{"embeddable":true,"href":"http:\/\/dsrmedios.com.ar\/diario\/wp-json\/wp\/v2\/comments?post=39771"}],"version-history":[{"count":1,"href":"http:\/\/dsrmedios.com.ar\/diario\/wp-json\/wp\/v2\/posts\/39771\/revisions"}],"predecessor-version":[{"id":39776,"href":"http:\/\/dsrmedios.com.ar\/diario\/wp-json\/wp\/v2\/posts\/39771\/revisions\/39776"}],"wp:featuredmedia":[{"embeddable":true,"href":"http:\/\/dsrmedios.com.ar\/diario\/wp-json\/wp\/v2\/media\/33910"}],"wp:attachment":[{"href":"http:\/\/dsrmedios.com.ar\/diario\/wp-json\/wp\/v2\/media?parent=39771"}],"wp:term":[{"taxonomy":"category","embeddable":true,"href":"http:\/\/dsrmedios.com.ar\/diario\/wp-json\/wp\/v2\/categories?post=39771"},{"taxonomy":"post_tag","embeddable":true,"href":"http:\/\/dsrmedios.com.ar\/diario\/wp-json\/wp\/v2\/tags?post=39771"}],"curies":[{"name":"wp","href":"https:\/\/api.w.org\/{rel}","templated":true}]}}