{"id":39766,"date":"2023-09-26T16:10:33","date_gmt":"2023-09-26T19:10:33","guid":{"rendered":"http:\/\/dsrmedios.com.ar\/diario\/?p=39766"},"modified":"2023-09-26T16:10:38","modified_gmt":"2023-09-26T19:10:38","slug":"alberto-fernandez-encabezo-un-acto-junto-a-massa-y-se-refirio-a-su-sucesion-tengo-el-sueno-de-darle-la-banda-a-sergio-el-10-de-diciembre","status":"publish","type":"post","link":"http:\/\/dsrmedios.com.ar\/diario\/archivos\/39766","title":{"rendered":"Alberto Fern\u00e1ndez encabez\u00f3 un acto junto a Massa y se refiri\u00f3 a su sucesi\u00f3n: \u201cTengo el sue\u00f1o de darle la banda a Sergio el 10 de diciembre\u201d"},"content":{"rendered":"\n<p>En la cuenta regresiva para las elecciones de octubre -donde se podr\u00eda definir qui\u00e9n ser\u00e1 el pr\u00f3ximo presidente de Argentina-&nbsp;<strong>Alberto Fern\u00e1ndez<\/strong>&nbsp;comparti\u00f3 un acto este martes junto al candidato de Uni\u00f3n por la Patria,<strong>&nbsp;Sergio Massa<\/strong>, y se refiri\u00f3 al momento en el que deber\u00e1 entregar el mandato al dirigente que sea electo como jefe de Estado.<\/p>\n\n\n\n<p>Fue en el marco de un discurso realizado durante puesta en marcha de la planta de pretratamiento del Sistema Riachuelo, donde el mandatario&nbsp;<strong>enfatiz\u00f3 su apoyo a la candidatura del flamante ministro de Econom\u00eda<\/strong>&nbsp;y le pidi\u00f3 al electorado que vote por \u00e9l en los comicios generales.<\/p>\n\n\n\n<p>En este sentido, revel\u00f3 que<strong>&nbsp;sue\u00f1a con entregarle el mando a su funcionario<\/strong>&nbsp;y repetir una escena que ambos protagonizaron d\u00e9cadas atr\u00e1s, durante la gesti\u00f3n de&nbsp;<strong>Cristina Kirchner<\/strong>, la cual record\u00f3 Fern\u00e1ndez esta tarde.<\/p>\n\n\n\n<p><img decoding=\"async\" loading=\"lazy\" alt=\"Alberto Fern\u00e1ndez pidi\u00f3 votar por Sergio Massa en octubre. (Foto: Presidencia)\" height=\"1281\" width=\"1920\" src=\"https:\/\/www.infobae.com\/new-resizer\/Dj5HDVV2XNM9wmT-O6XtKhH7aAo=\/arc-anglerfish-arc2-prod-infobae\/public\/56FIA46MLBDNDJMTDRTBNRPAIM.jpg\" srcset=\"https:\/\/www.infobae.com\/new-resizer\/1gzZj8mxGE90XgnDBnuzpYCSf6o=\/420x280\/filters:format(webp):quality(85)\/cloudfront-us-east-1.images.arcpublishing.com\/infobae\/56FIA46MLBDNDJMTDRTBNRPAIM.jpg 420w,https:\/\/www.infobae.com\/new-resizer\/umNso5qjdc9CDtCNQzy1Xo5k85k=\/768x512\/filters:format(webp):quality(85)\/cloudfront-us-east-1.images.arcpublishing.com\/infobae\/56FIA46MLBDNDJMTDRTBNRPAIM.jpg 768w,https:\/\/www.infobae.com\/new-resizer\/llF1mAOXKBrmoNhxMfzZji2VWxY=\/992x661\/filters:format(webp):quality(85)\/cloudfront-us-east-1.images.arcpublishing.com\/infobae\/56FIA46MLBDNDJMTDRTBNRPAIM.jpg 992w,https:\/\/www.infobae.com\/new-resizer\/S6j_utSkza9wUlkjbabZ08Yl470=\/1200x800\/filters:format(webp):quality(85)\/cloudfront-us-east-1.images.arcpublishing.com\/infobae\/56FIA46MLBDNDJMTDRTBNRPAIM.jpg 1200w,https:\/\/www.infobae.com\/new-resizer\/JPylTHQr39B9dc4N-nRVz5PATSo=\/1440x960\/filters:format(webp):quality(85)\/cloudfront-us-east-1.images.arcpublishing.com\/infobae\/56FIA46MLBDNDJMTDRTBNRPAIM.jpg 1440w\">Alberto Fern\u00e1ndez pidi\u00f3 votar por Sergio Massa en octubre. (Foto: Presidencia)<\/p>\n\n\n\n<p>\u201c15 a\u00f1os atr\u00e1s, yo dejaba de ser jefe de Gabinete. Renunciaba.\u00a0<strong>\u00bfY qui\u00e9n me suced\u00eda? Sergio.<\/strong>\u00a0Y fui a su juramento. Y despu\u00e9s nos fundimos en un abrazo y me dijo<strong>\u00a0\u2019ayudarme, hermano\u2019<\/strong>. Nunca me olvido. Y fue jefe de gabinete\u201d, rememor\u00f3 frente a Massa. Tambi\u00e9n estuvieron presentes el ministro de Obras P\u00fablicas, Gabriel Katopodis, y la titular de Aysa, Malena Galmarini.<\/p>\n\n\n\n<p>Entonces el Presidente revel\u00f3 qu\u00e9 es lo que desea que pase el d\u00eda de su sucesi\u00f3n, cuando a fin de a\u00f1o deba dejar Casa Rosada: \u201c\u00bfSaben una cosa? Tengo un sue\u00f1o. Que el 10 de diciembre,&nbsp;<strong>la banda pueda d\u00e1rsela a Sergio.&nbsp;<\/strong>Que lo pueda abrazar y que me pueda decir&nbsp;<strong>\u2018ayudame hermano\u2019<\/strong>. Porque los que somos compa\u00f1eros, solo tenemos que ayudarlo. No tenemos ni que fiscalizarlo, ni tenemos que cuestionarlo. Solo debemos ayudarlo\u201d, dijo.<\/p>\n\n\n\n<p>Con una arenga, concluy\u00f3 su discurso deslizando un pedido a los militantes presentes en el acto: \u201cVamos todos a convencer a la Argentina para que Sergio sea el nuevo presidente, el que me suceda\u201d, cerr\u00f3.<\/p>\n\n\n\n<p>A lo largo de su intervenci\u00f3n, Fern\u00e1ndez tambi\u00e9n defendi\u00f3 en varias oportunidades la figura del Estado -cuestionada por varios dirigentes de otros espacios- y se refiri\u00f3 con chicanas a<strong>&nbsp;Javier Milei y Patricia Bullrich<\/strong>, a quienes critic\u00f3 por sus propuestas sin mencionarlos expl\u00edcitamente.<\/p>\n\n\n\n<p>\u201cQue no te vendan un poquito de colores, hermano, que no te lo vendan, eh. Porque los problemas no se arreglan con una motosierra, eh, no se arreglan as\u00ed, eh\u201d, comenz\u00f3 diciendo acerca del l\u00edder de la Libertad Avanza, a quien se lo vio en&nbsp;<a rel=\"noreferrer noopener\" href=\"https:\/\/www.infobae.com\/politica\/2023\/09\/12\/javier-milei-encabezo-una-recorrida-en-la-plata-llevo-una-motosierra-y-mostro-un-billete-de-100-dolares-con-su-cara\/\" target=\"_blank\">una caravana d\u00edas atr\u00e1s<\/a>&nbsp;alzando una sierra el\u00e9ctrica juguete.<\/p>\n\n\n\n<p><img decoding=\"async\" loading=\"lazy\" alt=\"Javier Milei durante una caravana con la mencionada motosierra (Foto: AP)\" height=\"3271\" width=\"4906\" src=\"https:\/\/www.infobae.com\/new-resizer\/yMwhqk4fZ1YZj1UbkbJBFjpJ8-4=\/arc-anglerfish-arc2-prod-infobae\/public\/27WEXCVR364NDXBK45AUC4LGTY.jpg\" srcset=\"https:\/\/www.infobae.com\/new-resizer\/G9MVDtEVogUx0G4O_cht6FFiyrg=\/420x280\/filters:format(webp):quality(85)\/cloudfront-us-east-1.images.arcpublishing.com\/infobae\/27WEXCVR364NDXBK45AUC4LGTY.jpg 420w,https:\/\/www.infobae.com\/new-resizer\/clnwc_uMmEUOlz87n-GOVZYK9AY=\/768x512\/filters:format(webp):quality(85)\/cloudfront-us-east-1.images.arcpublishing.com\/infobae\/27WEXCVR364NDXBK45AUC4LGTY.jpg 768w,https:\/\/www.infobae.com\/new-resizer\/dkUykBHeLU4Zyo-wfODCeDNczNA=\/992x661\/filters:format(webp):quality(85)\/cloudfront-us-east-1.images.arcpublishing.com\/infobae\/27WEXCVR364NDXBK45AUC4LGTY.jpg 992w,https:\/\/www.infobae.com\/new-resizer\/4E0iwSJko7exeMmlTzeG-Ke-JSM=\/1200x800\/filters:format(webp):quality(85)\/cloudfront-us-east-1.images.arcpublishing.com\/infobae\/27WEXCVR364NDXBK45AUC4LGTY.jpg 1200w,https:\/\/www.infobae.com\/new-resizer\/bC6Q4_VLbdluVxYpiD0mlxWwdaw=\/1440x960\/filters:format(webp):quality(85)\/cloudfront-us-east-1.images.arcpublishing.com\/infobae\/27WEXCVR364NDXBK45AUC4LGTY.jpg 1440w\">Javier Milei durante una caravana con la mencionada motosierra (Foto: AP)<\/p>\n\n\n\n<p>Continu\u00f3 sobre el candidato que obtuvo la mayor\u00eda de votos en las PASO: \u201cLos problemas no se arreglan diciendo que el problema de la contaminaci\u00f3n de los r\u00edos se resuelve privatizando los r\u00edos. No se resuelven as\u00ed las cosas, eh\u201d.<\/p>\n\n\n\n<p>A la referente de Juntos por el Cambio, por su parte, le dirigi\u00f3 una cr\u00edtica haciendo menci\u00f3n a la gesti\u00f3n anterior de Mauricio Macri, en el que Bullrich fue ministra de Seguridad.<\/p>\n\n\n\n<p>\u201cY que no vengan a darnos clase los que le quitaron el 13% a los jubilados y nos hundieron en el peor de los mundos\u201d, subray\u00f3 Alberto Fern\u00e1ndez sobre ellos.<\/p>\n\n\n\n<p>Sergio Massa tambi\u00e9n tom\u00f3 la palabra durante la jornada e hizo referencia a sus competidores de las principales coaliciones opositoras.<\/p>\n\n\n\n<p>\u201cQu\u00e9dense tranquilos que no me va a correr la lluvia. Ni una lluvia, ni una motosierra, ni la tijera de ninguna mujer\u201d, se\u00f1al\u00f3 el ministro de Econom\u00eda tras un comentario sobre el clima al momento que empez\u00f3 a hablar.<\/p>\n\n\n\n<p><img decoding=\"async\" loading=\"lazy\" alt=\"Sergio Massa, candidato a presidente de Uni\u00f3n por la Patria\" height=\"854\" width=\"1280\" src=\"https:\/\/www.infobae.com\/new-resizer\/i0Xy0iyIkS5UeG8xPnkadLApuBs=\/arc-anglerfish-arc2-prod-infobae\/public\/BSOSLN3EURAIPGA4AV3ZQS45YY.jpeg\" srcset=\"https:\/\/www.infobae.com\/new-resizer\/dAvnArX_j3NEKOMA_YsJhwiVOKM=\/420x280\/filters:format(webp):quality(85)\/cloudfront-us-east-1.images.arcpublishing.com\/infobae\/BSOSLN3EURAIPGA4AV3ZQS45YY.jpeg 420w,https:\/\/www.infobae.com\/new-resizer\/ScNo4K3ffAMOcaSAGvr4yfGYUck=\/768x512\/filters:format(webp):quality(85)\/cloudfront-us-east-1.images.arcpublishing.com\/infobae\/BSOSLN3EURAIPGA4AV3ZQS45YY.jpeg 768w,https:\/\/www.infobae.com\/new-resizer\/A_4C-KRlg58ND0QpgQWoVLNogqc=\/992x661\/filters:format(webp):quality(85)\/cloudfront-us-east-1.images.arcpublishing.com\/infobae\/BSOSLN3EURAIPGA4AV3ZQS45YY.jpeg 992w,https:\/\/www.infobae.com\/new-resizer\/V2QHlBm4YfqKjuis7-xmhrOGjT0=\/1200x800\/filters:format(webp):quality(85)\/cloudfront-us-east-1.images.arcpublishing.com\/infobae\/BSOSLN3EURAIPGA4AV3ZQS45YY.jpeg 1200w,https:\/\/www.infobae.com\/new-resizer\/2n6S60eDsPMtuewBmbNOWUrmfg8=\/1440x960\/filters:format(webp):quality(85)\/cloudfront-us-east-1.images.arcpublishing.com\/infobae\/BSOSLN3EURAIPGA4AV3ZQS45YY.jpeg 1440w\">Sergio Massa, candidato a presidente de Uni\u00f3n por la Patria<\/p>\n\n\n\n<p>Sobre las elecciones, el funcionario destac\u00f3 que es el momento en el que \u201ccada uno tiene que defender lo propio\u201d: \u201cTienen que defender su salario, su derecho a la jubilaci\u00f3n para que no vuelvan las AFJP, su derecho a la indemnizaci\u00f3n y a las vacaciones pagas. Tienen que defender las empresas del Estado que les permiten tener una carrera para avanzar y tener movilidad social ascendente\u201d, dijo.<\/p>\n\n\n\n<p>Y finaliz\u00f3 con una diferenciaci\u00f3n entre su propuesta y la de Milei y Bullrich: \u201cMientras algunos inmolaron en el altar del ajuste la inversi\u00f3n p\u00fablica, que es agua, que es cloacas, que es vivienda, que es avenida, que es reforma para nuestra gente, nosotros elegimos invertir porque defendemos el camino del crecimiento y el desarrollo para la Argentina\u201d.<\/p>\n\n\n\n<p>Fuente: Infobae<\/p>\n","protected":false},"excerpt":{"rendered":"<div class=\"mh-excerpt\"><p>En la cuenta regresiva para las elecciones de octubre -donde se podr\u00eda definir qui\u00e9n ser\u00e1 el pr\u00f3ximo presidente de Argentina-&nbsp;Alberto Fern\u00e1ndez&nbsp;comparti\u00f3 un acto este martes junto al candidato de Uni\u00f3n por la Patria,&nbsp;Sergio Massa, y se refiri\u00f3 al momento en el que deber\u00e1 entregar el mandato al dirigente que sea electo como jefe de Estado. Fue en el marco de un discurso realizado durante puesta en marcha de la planta de pretratamiento del Sistema Riachuelo, donde el mandatario&nbsp;enfatiz\u00f3 su apoyo a la candidatura del flamante ministro de Econom\u00eda&nbsp;y le pidi\u00f3 al electorado que vote por \u00e9l en los comicios generales. <a class=\"mh-excerpt-more\" href=\"http:\/\/dsrmedios.com.ar\/diario\/archivos\/39766\" title=\"Alberto Fern\u00e1ndez encabez\u00f3 un acto junto a Massa y se refiri\u00f3 a su sucesi\u00f3n: \u201cTengo el sue\u00f1o de darle la banda a Sergio el 10 de diciembre\u201d\">[Leer m\u00e1s]<\/a><\/p>\n<\/div>","protected":false},"author":8,"featured_media":29246,"comment_status":"open","ping_status":"closed","sticky":false,"template":"","format":"standard","meta":{"_jetpack_newsletter_access":""},"categories":[6],"tags":[],"jetpack_featured_media_url":"http:\/\/dsrmedios.com.ar\/diario\/wp-content\/uploads\/2022\/09\/fernandezalberto.jpg","jetpack_sharing_enabled":true,"jetpack_shortlink":"https:\/\/wp.me\/p9fihK-alo","_links":{"self":[{"href":"http:\/\/dsrmedios.com.ar\/diario\/wp-json\/wp\/v2\/posts\/39766"}],"collection":[{"href":"http:\/\/dsrmedios.com.ar\/diario\/wp-json\/wp\/v2\/posts"}],"about":[{"href":"http:\/\/dsrmedios.com.ar\/diario\/wp-json\/wp\/v2\/types\/post"}],"author":[{"embeddable":true,"href":"http:\/\/dsrmedios.com.ar\/diario\/wp-json\/wp\/v2\/users\/8"}],"replies":[{"embeddable":true,"href":"http:\/\/dsrmedios.com.ar\/diario\/wp-json\/wp\/v2\/comments?post=39766"}],"version-history":[{"count":1,"href":"http:\/\/dsrmedios.com.ar\/diario\/wp-json\/wp\/v2\/posts\/39766\/revisions"}],"predecessor-version":[{"id":39769,"href":"http:\/\/dsrmedios.com.ar\/diario\/wp-json\/wp\/v2\/posts\/39766\/revisions\/39769"}],"wp:featuredmedia":[{"embeddable":true,"href":"http:\/\/dsrmedios.com.ar\/diario\/wp-json\/wp\/v2\/media\/29246"}],"wp:attachment":[{"href":"http:\/\/dsrmedios.com.ar\/diario\/wp-json\/wp\/v2\/media?parent=39766"}],"wp:term":[{"taxonomy":"category","embeddable":true,"href":"http:\/\/dsrmedios.com.ar\/diario\/wp-json\/wp\/v2\/categories?post=39766"},{"taxonomy":"post_tag","embeddable":true,"href":"http:\/\/dsrmedios.com.ar\/diario\/wp-json\/wp\/v2\/tags?post=39766"}],"curies":[{"name":"wp","href":"https:\/\/api.w.org\/{rel}","templated":true}]}}