{"id":39762,"date":"2023-09-26T16:05:19","date_gmt":"2023-09-26T19:05:19","guid":{"rendered":"http:\/\/dsrmedios.com.ar\/diario\/?p=39762"},"modified":"2023-09-26T16:05:24","modified_gmt":"2023-09-26T19:05:24","slug":"caso-lucio-dupuy-confirmaron-las-penas-a-prision-perpetua-y-la-madre-tambien-fue-condenada-por-el-abuso-sexual","status":"publish","type":"post","link":"http:\/\/dsrmedios.com.ar\/diario\/archivos\/39762","title":{"rendered":"Caso Lucio Dupuy: confirmaron las penas a prisi\u00f3n perpetua y la madre tambi\u00e9n fue condenada por el abuso sexual"},"content":{"rendered":"\n<p>El Tribunal de Impugnaci\u00f3n Penal de La Pampa confirm\u00f3 las condenas a prisi\u00f3n perpetua para\u00a0<strong>Magdalena Esp\u00f3sito Valenti y Abigail P\u00e1ez<\/strong>\u00a0por el homicidio de\u00a0<a rel=\"noreferrer noopener\" href=\"https:\/\/www.infobae.com\/tag\/lucio-dupuy\/\" target=\"_blank\"><strong>Lucio Abel Dupuy<\/strong><\/a>y, a su vez, le agreg\u00f3 a la madre del ni\u00f1o de 5 a\u00f1os el delito de abuso sexual. Adem\u00e1s, agrav\u00f3 la calificaci\u00f3n legal de ese delito al sumarle la figura de gravemente ultrajante.<a rel=\"noreferrer noopener\" href=\"https:\/\/www.infobae.com\/sociedad\/policiales\/2023\/08\/26\/los-abusos-que-sufrio-lucio-determinan-que-fue-un-homicidio-por-odio-de-genero-masculino-y-que-la-madre-fue-coautora\/\" target=\"_blank\"><\/a><a rel=\"noreferrer noopener\" href=\"https:\/\/www.infobae.com\/sociedad\/policiales\/2023\/09\/26\/absolvieron-al-psiquiatra-que-era-juzgado-por-el-homicidio-del-policia-juan-pablo-roldan-frenta-al-malba\/\" target=\"_blank\"><\/a><\/p>\n\n\n\n<p>La Sala A, conformada por la jueza Mar\u00eda Eugenia Schijvarger y el juez Mauricio Piombi, acompa\u00f1ados por la secretaria Mar\u00eda Elena Gr\u00e9goire,&nbsp;<strong>acept\u00f3 todos los planteos de la fiscal\u00eda<\/strong>,&nbsp;<a rel=\"noreferrer noopener\" href=\"https:\/\/www.infobae.com\/sociedad\/policiales\/2023\/08\/26\/los-abusos-que-sufrio-lucio-determinan-que-fue-un-homicidio-por-odio-de-genero-masculino-y-que-la-madre-fue-coautora\/\" target=\"_blank\"><em><strong>admiti\u00f3 parcialmente los de la querella<\/strong><\/em><\/a>&nbsp;y&nbsp;<strong>rechaz\u00f3 los cuestionamientos de las defensas&nbsp;<\/strong>de las imputadas, detallaron fuentes judiciales a&nbsp;<strong>Infobae.<\/strong><\/p>\n\n\n\n<p>En el proceso, se hab\u00eda hallado culpable a Esp\u00f3sito Valenti, mam\u00e1 de la v\u00edctima, de homicidio&nbsp;<strong>triplemente calificado por el v\u00ednculo, alevos\u00eda y ensa\u00f1amiento<\/strong>; y a P\u00e1ez de homicidio doblemente calificado por alevos\u00eda y ensa\u00f1amiento, en concurso real con el delito de abuso sexual con acceso carnal por v\u00eda anal, ejecutado con un objeto f\u00e1lico;&nbsp;<strong>agravado por tratarse de la guardadora&nbsp;<\/strong>y por haberse cometido contra un menor de 18 a\u00f1os de edad, aprovechando la situaci\u00f3n de convivencia preexistente.<\/p>\n\n\n\n<p>Tambi\u00e9n,&nbsp;<strong>el Tribunal hab\u00eda absuelto a Esp\u00f3sito Valenti<\/strong>&nbsp;de la acusaci\u00f3n de abuso sexual agravado por aplicaci\u00f3n del art\u00edculo 6 del C\u00f3digo Procesal Penal de La Pampa; es decir,&nbsp;<strong>por el beneficio de la duda.<\/strong><\/p>\n\n\n\n<p><img decoding=\"async\" loading=\"lazy\" alt=\"Magdalena Esp\u00f3sito Valenti, la madre de Lucio Dupuy\" height=\"1080\" width=\"1920\" src=\"https:\/\/www.infobae.com\/new-resizer\/XqGO41GrR3Spr7vndwomoQ6ujzA=\/arc-anglerfish-arc2-prod-infobae\/public\/UOJVHXKAKZC5FLV5N5TB3QDKNE.jpg\" srcset=\"https:\/\/www.infobae.com\/new-resizer\/Yv-ShPXVrVkvBsqpwbCeOl0mwH8=\/420x236\/filters:format(webp):quality(85)\/cloudfront-us-east-1.images.arcpublishing.com\/infobae\/UOJVHXKAKZC5FLV5N5TB3QDKNE.jpg 420w,https:\/\/www.infobae.com\/new-resizer\/4eAZjyHcEUrQIX0ibEK9AjTZOFU=\/768x432\/filters:format(webp):quality(85)\/cloudfront-us-east-1.images.arcpublishing.com\/infobae\/UOJVHXKAKZC5FLV5N5TB3QDKNE.jpg 768w,https:\/\/www.infobae.com\/new-resizer\/ajinv3v7SSUgZs_2RSSXpV5hX58=\/992x558\/filters:format(webp):quality(85)\/cloudfront-us-east-1.images.arcpublishing.com\/infobae\/UOJVHXKAKZC5FLV5N5TB3QDKNE.jpg 992w,https:\/\/www.infobae.com\/new-resizer\/3XNki3yWWKkF1Hwq0uMr2jZ02ok=\/1200x675\/filters:format(webp):quality(85)\/cloudfront-us-east-1.images.arcpublishing.com\/infobae\/UOJVHXKAKZC5FLV5N5TB3QDKNE.jpg 1200w,https:\/\/www.infobae.com\/new-resizer\/pIp19qiTNX0EAFn9apJDoYhfbbg=\/1440x810\/filters:format(webp):quality(85)\/cloudfront-us-east-1.images.arcpublishing.com\/infobae\/UOJVHXKAKZC5FLV5N5TB3QDKNE.jpg 1440w\">Magdalena Esp\u00f3sito Valenti, la madre de Lucio Dupuy<\/p>\n\n\n\n<p>Ahora, el TIP imput\u00f3 a la madre por el delito de homicidio triplemente calificado por el v\u00ednculo, alevos\u00eda y ensa\u00f1amiento;<strong>\u00a0en concurso real con abuso sexual gravemente ultrajante<\/strong>\u00a0por las circunstancias de realizaci\u00f3n, con acceso carnal v\u00eda anal con un objeto f\u00e1lico; agravado por haber sido cometido por la ascendiente, con el concurso de dos personas y aprovechando la convivencia con la v\u00edctima menor de 18 a\u00f1os; todo como delito continuado.<\/p>\n\n\n\n<p>En el caso de&nbsp;<strong>P\u00e1ez<\/strong>&nbsp;mantuvo la misma calificaci\u00f3n,&nbsp;<strong>con el agregado del abuso gravemente ultrajante<\/strong>.<\/p>\n\n\n\n<p>En los recursos de impugnaci\u00f3n, las fiscales&nbsp;<strong>Mar\u00eda M\u00f3nica Rivero y Ver\u00f3nica Ferrero<\/strong>&nbsp;consideraron que la Audiencia de Juicio&nbsp;<strong>valor\u00f3 err\u00f3neamente una serie de pruebas<\/strong>&nbsp;y sostuvo que<strong>&nbsp;s\u00ed se probaron los abusos sexuales&nbsp;<\/strong>por parte de ambas.<\/p>\n\n\n\n<p><img decoding=\"async\" loading=\"lazy\" alt=\"Abigail Pa\u00e9z junto a Magdalena Esp\u00f3sito Valenti, ambas condenadas por el homicidio y abuso de Lucio Dupuy\" height=\"1080\" width=\"1920\" src=\"https:\/\/www.infobae.com\/new-resizer\/nT6pWzVU4LWvLKEJA_MJcsV4y8I=\/arc-anglerfish-arc2-prod-infobae\/public\/MUH3TG6IUVDFHCSGX7GMWQ36EQ.jpg\" srcset=\"https:\/\/www.infobae.com\/new-resizer\/RVQRqTW1K9SaZptCEyTWSrk0w6o=\/420x236\/filters:format(webp):quality(85)\/cloudfront-us-east-1.images.arcpublishing.com\/infobae\/MUH3TG6IUVDFHCSGX7GMWQ36EQ.jpg 420w,https:\/\/www.infobae.com\/new-resizer\/RUCDlZte_dW03r8JltSzKECRiUQ=\/768x432\/filters:format(webp):quality(85)\/cloudfront-us-east-1.images.arcpublishing.com\/infobae\/MUH3TG6IUVDFHCSGX7GMWQ36EQ.jpg 768w,https:\/\/www.infobae.com\/new-resizer\/JCu4Dtw5aX5Mng0B_gyYpjHnHyI=\/992x558\/filters:format(webp):quality(85)\/cloudfront-us-east-1.images.arcpublishing.com\/infobae\/MUH3TG6IUVDFHCSGX7GMWQ36EQ.jpg 992w,https:\/\/www.infobae.com\/new-resizer\/FIWbhU_zI2nAk03b3zgh6i7owXY=\/1200x675\/filters:format(webp):quality(85)\/cloudfront-us-east-1.images.arcpublishing.com\/infobae\/MUH3TG6IUVDFHCSGX7GMWQ36EQ.jpg 1200w,https:\/\/www.infobae.com\/new-resizer\/hb5Slocu618D5SkXf8iiu-4ZD5g=\/1440x810\/filters:format(webp):quality(85)\/cloudfront-us-east-1.images.arcpublishing.com\/infobae\/MUH3TG6IUVDFHCSGX7GMWQ36EQ.jpg 1440w\">Abigail Pa\u00e9z junto a Magdalena Esp\u00f3sito Valenti, ambas condenadas por el homicidio y abuso de Lucio Dupuy<\/p>\n\n\n\n<p>Schijvarger y Piombi, despu\u00e9s de valorar las pruebas reunidas durante el juicio oral, escuchar las declaraciones testimoniales, ver filmaciones de las c\u00e1maras del lugar y leer y o\u00edr los mensajes entre las acusadas, concluy\u00f3 que\u00a0<strong>Esp\u00f3sito Valenti tambi\u00e9n abus\u00f3 de Lucio<\/strong>, ya que el horario de la muerte indicado por el m\u00e9dico forense,<strong>\u00a0la situ\u00f3 en el departamento\u00a0<\/strong>en el momento de la golpiza y de la agresi\u00f3n sexual.<\/p>\n\n\n\n<p>Por otro lado, las conclusiones de la autopsia revelaron que<strong>&nbsp;el ni\u00f1o tambi\u00e9n fue agredido sexualmente durante las semanas previas<\/strong>&nbsp;a su muerte.<\/p>\n\n\n\n<p>Con respecto al recurso de<strong>&nbsp;Jos\u00e9 Mario Aguerrido,&nbsp;<\/strong>abogado delpadre de Lucio, Christian Dupuy, el TIP le dio la raz\u00f3n al sumarle el abuso sexual a la madre; pero<strong>&nbsp;le deneg\u00f3 el<\/strong>&nbsp;<strong>\u201codio de g\u00e9nero\u201d<\/strong>&nbsp;como agravante por entender que los testimonios de las psic\u00f3logas en el debate fueron muy claros al respecto.<\/p>\n\n\n\n<p>Incluso, Aguerrido lleg\u00f3 a preguntarle a una de ellas<strong>&nbsp;qu\u00e9 hubiera pasado si \u201cen vez de Lucio era Luc\u00eda\u201d y la respuesta fue \u201clo mismo\u201d<\/strong>; en alusi\u00f3n a la interferencia en la pareja de una tercera persona m\u00e1s all\u00e1 de su condici\u00f3n de var\u00f3n o mujer.<\/p>\n\n\n\n<p>Por \u00faltimo, las defensoras oficiales&nbsp;<strong>Mar\u00eda Silvina Blanco G\u00f3mez y Alejandra Moyano Gonz\u00e1lez<\/strong>&nbsp;\u2013quien reemplaz\u00f3 en este tramo del proceso a<strong>&nbsp;Pablo De Biasi<\/strong>, quien asumi\u00f3 como juez contravencional\u2013, en representaci\u00f3n de P\u00e1ez y Esp\u00f3sito Valenti, respectivamente, aseveraron que<strong>&nbsp;existi\u00f3 una actividad procesal defectuosa.<\/strong><\/p>\n\n\n\n<p><img decoding=\"async\" loading=\"lazy\" alt=\"Los abuelos de Lucio Dupuy, estandartes del pedido de justicia por el ni\u00f1o de 5 a\u00f1os Cr\u00e9ditos: Gast\u00f3n Taylor\" height=\"1277\" width=\"1920\" src=\"https:\/\/www.infobae.com\/new-resizer\/R7l6i9V9DF9uu11qJ5DL6lbOxjA=\/arc-anglerfish-arc2-prod-infobae\/public\/MQBMZONMFZH3TL7HKDOW4F6AIA.jpg\" srcset=\"https:\/\/www.infobae.com\/new-resizer\/uUT-jV3pALaPCahXl4b0eBhpWUU=\/420x280\/filters:format(webp):quality(85)\/cloudfront-us-east-1.images.arcpublishing.com\/infobae\/MQBMZONMFZH3TL7HKDOW4F6AIA.jpg 420w,https:\/\/www.infobae.com\/new-resizer\/ofafoSb9KCDxyH7SWRcy0RzeKfg=\/768x512\/filters:format(webp):quality(85)\/cloudfront-us-east-1.images.arcpublishing.com\/infobae\/MQBMZONMFZH3TL7HKDOW4F6AIA.jpg 768w,https:\/\/www.infobae.com\/new-resizer\/3HGz74vbH8w8HMOQG7UZdAmEwg0=\/992x661\/filters:format(webp):quality(85)\/cloudfront-us-east-1.images.arcpublishing.com\/infobae\/MQBMZONMFZH3TL7HKDOW4F6AIA.jpg 992w,https:\/\/www.infobae.com\/new-resizer\/0IEbkP1Rf5AKl2o6YBpzrr_eDBA=\/1200x800\/filters:format(webp):quality(85)\/cloudfront-us-east-1.images.arcpublishing.com\/infobae\/MQBMZONMFZH3TL7HKDOW4F6AIA.jpg 1200w,https:\/\/www.infobae.com\/new-resizer\/BhxED-EeB-5KqGP951gRLLDfbKE=\/1440x960\/filters:format(webp):quality(85)\/cloudfront-us-east-1.images.arcpublishing.com\/infobae\/MQBMZONMFZH3TL7HKDOW4F6AIA.jpg 1440w\">Los abuelos de Lucio Dupuy, estandartes del pedido de justicia por el ni\u00f1o de 5 a\u00f1os Cr\u00e9ditos: Gast\u00f3n Taylor<\/p>\n\n\n\n<p>Las defensoras afirmaron que&nbsp;<strong>hubo anomal\u00edas en la realizaci\u00f3n de una biopsia<\/strong>&nbsp;y en las conclusiones de las entrevistas efectuadas por psic\u00f3logas y psiquiatras a las imputadas, en la prisi\u00f3n de<strong>&nbsp;San Luis,<\/strong>&nbsp;donde permanecen alojadas. Adem\u00e1s, afirmaron que era&nbsp;<strong>inconstitucional&nbsp;<\/strong>que, en el fallo, no se fijar\u00e1 la cantidad de a\u00f1os que significa la&nbsp;<strong>prisi\u00f3n perpetua.<\/strong><\/p>\n\n\n\n<p>Moyano Gonz\u00e1lez tambi\u00e9n hab\u00eda pedido que Esp\u00f3sito Valenti sea absuelta por el homicidio, con el argumento de que no estuvo en la casa cuando Lucio fue golpeado; y Blanco G\u00f3mez que P\u00e1ez sea condenada por homicidio preterintencional, es decir,<strong>\u00a0sin intenci\u00f3n de matar<\/strong>.<\/p>\n\n\n\n<p>El TIP, en la extens\u00edsima resoluci\u00f3n, descart\u00f3 con fundamentos cada uno de esos planteos y, remiti\u00e9ndose a precedentes del propio Tribunal, del Superior Tribunal de Justicia y de la Corte Suprema de Justicia de la Naci\u00f3n,\u00a0<strong>reafirm\u00f3 la constitucionalidad de la prisi\u00f3n perpetua en el pa\u00eds<\/strong>.<\/p>\n\n\n\n<p>Fuente: Infobae<\/p>\n","protected":false},"excerpt":{"rendered":"<div class=\"mh-excerpt\"><p>El Tribunal de Impugnaci\u00f3n Penal de La Pampa confirm\u00f3 las condenas a prisi\u00f3n perpetua para\u00a0Magdalena Esp\u00f3sito Valenti y Abigail P\u00e1ez\u00a0por el homicidio de\u00a0Lucio Abel Dupuyy, a su vez, le agreg\u00f3 a la madre del ni\u00f1o de 5 a\u00f1os el delito de abuso sexual. Adem\u00e1s, agrav\u00f3 la calificaci\u00f3n legal de ese delito al sumarle la figura de gravemente ultrajante. La Sala A, conformada por la jueza Mar\u00eda Eugenia Schijvarger y el juez Mauricio Piombi, acompa\u00f1ados por la secretaria Mar\u00eda Elena Gr\u00e9goire,&nbsp;acept\u00f3 todos los planteos de la fiscal\u00eda,&nbsp;admiti\u00f3 parcialmente los de la querella&nbsp;y&nbsp;rechaz\u00f3 los cuestionamientos de las defensas&nbsp;de las imputadas, detallaron fuentes <a class=\"mh-excerpt-more\" href=\"http:\/\/dsrmedios.com.ar\/diario\/archivos\/39762\" title=\"Caso Lucio Dupuy: confirmaron las penas a prisi\u00f3n perpetua y la madre tambi\u00e9n fue condenada por el abuso sexual\">[Leer m\u00e1s]<\/a><\/p>\n<\/div>","protected":false},"author":8,"featured_media":32499,"comment_status":"open","ping_status":"closed","sticky":false,"template":"","format":"standard","meta":{"_jetpack_newsletter_access":""},"categories":[43],"tags":[],"jetpack_featured_media_url":"http:\/\/dsrmedios.com.ar\/diario\/wp-content\/uploads\/2023\/05\/lucio-dupuypng.webp","jetpack_sharing_enabled":true,"jetpack_shortlink":"https:\/\/wp.me\/p9fihK-alk","_links":{"self":[{"href":"http:\/\/dsrmedios.com.ar\/diario\/wp-json\/wp\/v2\/posts\/39762"}],"collection":[{"href":"http:\/\/dsrmedios.com.ar\/diario\/wp-json\/wp\/v2\/posts"}],"about":[{"href":"http:\/\/dsrmedios.com.ar\/diario\/wp-json\/wp\/v2\/types\/post"}],"author":[{"embeddable":true,"href":"http:\/\/dsrmedios.com.ar\/diario\/wp-json\/wp\/v2\/users\/8"}],"replies":[{"embeddable":true,"href":"http:\/\/dsrmedios.com.ar\/diario\/wp-json\/wp\/v2\/comments?post=39762"}],"version-history":[{"count":1,"href":"http:\/\/dsrmedios.com.ar\/diario\/wp-json\/wp\/v2\/posts\/39762\/revisions"}],"predecessor-version":[{"id":39763,"href":"http:\/\/dsrmedios.com.ar\/diario\/wp-json\/wp\/v2\/posts\/39762\/revisions\/39763"}],"wp:featuredmedia":[{"embeddable":true,"href":"http:\/\/dsrmedios.com.ar\/diario\/wp-json\/wp\/v2\/media\/32499"}],"wp:attachment":[{"href":"http:\/\/dsrmedios.com.ar\/diario\/wp-json\/wp\/v2\/media?parent=39762"}],"wp:term":[{"taxonomy":"category","embeddable":true,"href":"http:\/\/dsrmedios.com.ar\/diario\/wp-json\/wp\/v2\/categories?post=39762"},{"taxonomy":"post_tag","embeddable":true,"href":"http:\/\/dsrmedios.com.ar\/diario\/wp-json\/wp\/v2\/tags?post=39762"}],"curies":[{"name":"wp","href":"https:\/\/api.w.org\/{rel}","templated":true}]}}