{"id":39761,"date":"2023-09-26T16:06:56","date_gmt":"2023-09-26T19:06:56","guid":{"rendered":"http:\/\/dsrmedios.com.ar\/diario\/?p=39761"},"modified":"2023-09-26T16:07:23","modified_gmt":"2023-09-26T19:07:23","slug":"atentado-a-cfk-brenda-uliarte-dijo-ahora-que-quiso-evitar-el-ataque-y-que-sabag-montiel-tenia-vinculos-con-revolucion-federal-y-con-milman","status":"publish","type":"post","link":"http:\/\/dsrmedios.com.ar\/diario\/archivos\/39761","title":{"rendered":"Atentado a CFK: Brenda Uliarte dijo ahora que quiso evitar el ataque y que Sabag Montiel ten\u00eda v\u00ednculos con Revoluci\u00f3n Federal y con Milman"},"content":{"rendered":"\n<p>Detenida hace m\u00e1s de un a\u00f1o y rumbo a juicio oral acusada de ser coautora del intento de asesinato de\u00a0<strong>Cristina Kirchner<\/strong>,<strong>\u00a0Brenda Uliarte\u00a0<\/strong>decidi\u00f3 finalmente hablar. No lo hizo ante los jueces del Tribunal Oral Federal que encabezar\u00e1n el debate. Tampoco ante la jueza\u00a0<strong>Mar\u00eda Eugenia Capuchetti<\/strong>\u00a0ni el fiscal\u00a0<strong>Carlos R\u00edvolo,<\/strong>\u00a0que ya dieron por cerrada la investigaci\u00f3n sobre ella.<a rel=\"noreferrer noopener\" href=\"https:\/\/www.infobae.com\/judiciales\/2023\/09\/26\/poder-ciudadano-pidio-ser-querellante-en-la-causa-contra-el-puntero-del-pj-y-se-activo-la-denuncia-de-la-oposicion\/\" target=\"_blank\"><\/a><a rel=\"noreferrer noopener\" href=\"https:\/\/www.infobae.com\/judiciales\/2023\/09\/26\/fracaso-la-jugada-para-hacer-caer-la-causa-por-enriquecimiento-ilicito-del-ex-juez-norberto-oyarbide\/\" target=\"_blank\"><\/a><\/p>\n\n\n\n<p>Lo que hizo la joven fue presentar un escrito de ampliaci\u00f3n de indagatoria en donde busc\u00f3 despegarse de su ex pareja,&nbsp;<strong>Fernando \u2018Nando\u2019 Sabag Montiel,<\/strong>&nbsp;el hombre que apunt\u00f3 a la vicepresidenta con un arma de fuego e intent\u00f3 disparar.<\/p>\n\n\n\n<p>Uliarte dijo ahora que nunca crey\u00f3 que su ex pareja fuera a concretar el ataque y que incluso<strong>&nbsp;ella intent\u00f3 frenarlo<\/strong>&nbsp;pero no pudo. Describi\u00f3 adem\u00e1s a&nbsp;<strong>Sabag Montiel como un golpeador y manipulador,&nbsp;<\/strong>y lo vincul\u00f3 a la agrupaci\u00f3n&nbsp;<strong>Revoluci\u00f3n Federal&nbsp;<\/strong>y al diputado del PRO&nbsp;<strong>Gerardo Milman,<\/strong>&nbsp;apuntado en la llamada \u201cpista Casablanca\u201d.<\/p>\n\n\n\n<p>El abogado\u00a0<strong>Carlos Telleld\u00edn,\u00a0<\/strong>que horas antes de que la causa se elevara a juicio oral asumi\u00f3 la representaci\u00f3n de la mujer, ya hab\u00eda adelantado hace casi un mes que su clienta iba a denunciar que un allegado de Milman le pag\u00f3 para participar de movilizaciones contra la vicepresidenta en la puerta de su casa. Seg\u00fan su versi\u00f3n, le dieron seis mil pesos por cada marcha. Esa declaraci\u00f3n se formaliz\u00f3 ahora en el escrito judicial que fue presentado con el asesoramiento de la abogada Sabrina Burrueco Mansilla. Al ser una ampliaci\u00f3n de indagatoria -que es un acto procesal de defensa-,<strong>\u00a0la imputada no est\u00e1 obligada a decir la verdad.<\/strong><\/p>\n\n\n\n<p>\u201cYo no s\u00e9 por qu\u00e9 \u2018Nando\u2019 hizo esto, pero s\u00ed s\u00e9 que \u00e9l no es capaz de organizar y hacer todo esto solo. Claramente alguien est\u00e1 atr\u00e1s.&nbsp;<strong>Yo nunca vi a Milman pero dec\u00edan que le pagaba a varias personas para que participaran en manifestaciones<\/strong>&nbsp;y con ello generar<strong>&nbsp;disturbios y violencia<\/strong>&nbsp;alrededor de la residencia de Cristina Kirchner. A ver.&nbsp;<strong>Yo no digo que financiaron el atentado pero s\u00ed financiaban para agitar y armar quilombo<\/strong>. Y (el jefe de los copitos preso Nicol\u00e1s) Carrizo sabe todo eso, pero \u00e9l va a cubrir a \u2018Nando\u2019 porque no quiere tener quilombos con los de arriba, saben que hay peso pesados\u201d, afirm\u00f3.<\/p>\n\n\n\n<p>Uliarte incluy\u00f3 en su nueva versi\u00f3n que escuch\u00f3 a su ex pareja hablar antes del atentado con \u201cuna tal Carolina\u201d y que cuando ella le pidi\u00f3 explicaciones le dijo que era \u201cla secretaria de un amigo\u201d y le pidi\u00f3 que no \u201crompiera\u201d con sus celos. La secretaria de Milman que estuvo en el bar Casablanca, donde al diputado supuestamente lo escucharon anticipar 48 horas antes el atentado, se llama&nbsp;<strong>Carolina G\u00f3mez M\u00f3naco.<\/strong><\/p>\n\n\n\n<p><img decoding=\"async\" loading=\"lazy\" alt=\"Brenda Uliarte posando con el arma con la que se intent\u00f3 matar a la vicepresidenta\" height=\"2359\" width=\"1920\" src=\"https:\/\/www.infobae.com\/new-resizer\/xyKtEO71emCT7Jn0qERdg6W1oOo=\/arc-anglerfish-arc2-prod-infobae\/public\/SKQQXSHO5JH3HCOEHEEFR3H4GI.jpg\" srcset=\"https:\/\/www.infobae.com\/new-resizer\/YhinsWcd6qqd93rx0H9aU-eOAL4=\/420x560\/filters:format(webp):quality(85)\/cloudfront-us-east-1.images.arcpublishing.com\/infobae\/SKQQXSHO5JH3HCOEHEEFR3H4GI.jpg 420w,https:\/\/www.infobae.com\/new-resizer\/jwMeGDhYUBDHeZEslrtj_ueTo2w=\/768x1024\/filters:format(webp):quality(85)\/cloudfront-us-east-1.images.arcpublishing.com\/infobae\/SKQQXSHO5JH3HCOEHEEFR3H4GI.jpg 768w,https:\/\/www.infobae.com\/new-resizer\/-5neA-hXEV4hnF_T0XUdPVaWi0M=\/992x1323\/filters:format(webp):quality(85)\/cloudfront-us-east-1.images.arcpublishing.com\/infobae\/SKQQXSHO5JH3HCOEHEEFR3H4GI.jpg 992w,https:\/\/www.infobae.com\/new-resizer\/3Pn1e_GXmAWj6gwBXGPYygZ0TdQ=\/1200x1600\/filters:format(webp):quality(85)\/cloudfront-us-east-1.images.arcpublishing.com\/infobae\/SKQQXSHO5JH3HCOEHEEFR3H4GI.jpg 1200w\">Brenda Uliarte posando con el arma con la que se intent\u00f3 matar a la vicepresidenta<\/p>\n\n\n\n<p>A lo largo de cuatro p\u00e1ginas subidas al expediente ante el TOF 6, el escrito se inicia as\u00ed: \u201cQuiero empezar contando mi relaci\u00f3n con Nando. Mucha gente dice que yo lo re conoc\u00eda y no es as\u00ed. Juntos en pareja est\u00e1bamos hace re poco. De echo (sic) antes de estar con \u00e9l, en mayo estuve con Eduardo Prestofelippo (El Presto) y yo estaba re enganchada con \u00e9l. Tambi\u00e9n estuve con otras personas y ni bola le daba a Nando\u201d. Aquella obsesi\u00f3n por Presto hab\u00eda quedado reflejada&nbsp;<a rel=\"noreferrer noopener\" href=\"https:\/\/www.infobae.com\/politica\/2022\/10\/07\/una-obsesion-el-interes-repentino-por-la-politica-y-el-intento-de-hackearle-el-telefono-el-amor-de-brenda-uliarte-por-el-presto-a-traves-de-sus-chats\/\" target=\"_blank\">en los chats que aparecieron en la causa&nbsp;<\/a>y en su momento public\u00f3<strong>&nbsp;Infobae.<\/strong><\/p>\n\n\n\n<p>Brenda precis\u00f3 que si bien conoc\u00eda a Sabag hac\u00eda bastante tiempo, comenzaron a salir un mes y medio antes del atentado a CFK. Lo describi\u00f3 como \u201cuna persona con mucho conflicto, de personalidad bipolar\u201d y asegur\u00f3 haber sufrido \u201chechos de violencia de g\u00e9nero\u201d con \u00e9l. Incluso asegur\u00f3 que si revisan su celular van a ver fotos suyas golpeada. Seg\u00fan indicaron a&nbsp;<strong>Infobae&nbsp;<\/strong>fuentes judiciales, de todo el material que se encontr\u00f3 en el celular de Brenda no aparecieron esas im\u00e1genes.&nbsp;<strong>\u201cHoy estoy viviendo un infierno por \u00e9l y sus decisiones\u201d,<\/strong>&nbsp;dijo. Uliarte asegur\u00f3 que \u201cNando\u201d tiene \u201cun buen discurso\u201d, es \u201cmuy manipulador\u201d y \u00e9l est\u00e1 escribiendo desde la c\u00e1rcel \u201ccosas que no fueron\u201d y los \u201ccopitos\u201d est\u00e1n de su lado.<\/p>\n\n\n\n<p>A Brenda se la vio en una manifestaci\u00f3n organizada por Revoluci\u00f3n Federal en la Casa Rosada en la llamada marcha de las antorchas. Ella misma public\u00f3 las fotos de la movilizaci\u00f3n en su cuenta de Instagram, vestida con rayas. \u201cYo fui un solo d\u00eda a la sede de Revoluci\u00f3n Federal a vender copitos porque me llev\u00f3 Fernando.\u00a0<strong>\u00c9l era parte de todo, no yo<\/strong>. De echo (sic) si le preguntan a los miembros de Revoluci\u00f3n Federal nadie me conoce; o si me vieron fue alguna vez vendiendo copitos en alg\u00fan acto, no porque interese el acto en s\u00ed, porque se vend\u00eda re bien\u201d. A Jonhatan Morel, l\u00edder de Revoluci\u00f3n Federal, dijo que nunca lo vio personalmente. \u201cTodo lo que s\u00e9 de ellos y Revoluci\u00f3n Federal es porque me lo contaba\u201d Sabag, afirm\u00f3.<\/p>\n\n\n\n<p>Brenda tambi\u00e9n quiso justificar los mensajes que m\u00e1s la comprometen: son los que intercambi\u00f3 con su amiga&nbsp;<strong>Agustina D\u00edaz<\/strong>, quien estuvo presa inicialmente en la causa y a la que le relataba que quer\u00eda ir a matar a Cristina Kirchner pero que no lo iba a hacer ella sino que iba a mandar a otra persona. \u201cRespecto a las charlas sobre pol\u00edtica, siempre habl\u00e1bamos o mencion\u00e1bamos situaciones del pa\u00eds o mi desacuerdo con algunas pol\u00edticas, o como me gustar\u00eda ver un pa\u00eds mejor y&nbsp;<strong>hac\u00edamos chistes con pol\u00edticos entre ellos Cristina, pero nunca tuve intenciones de hacerle da\u00f1o y nunca cre\u00ed que Nando iba a llegar a hacer una cosa as\u00ed,<\/strong>&nbsp;de hecho todav\u00eda no lo creo\u201d.<\/p>\n\n\n\n<p><img decoding=\"async\" loading=\"lazy\" alt=\"Sabag Montiel, ya preso (Maximiliano Luna)\" height=\"1080\" width=\"1920\" src=\"https:\/\/www.infobae.com\/new-resizer\/V-AZQl90On0g44G45sxH0vhkLd8=\/arc-anglerfish-arc2-prod-infobae\/public\/R457PLLJYJGKZNNJR3E7373YTQ.jpg\" srcset=\"https:\/\/www.infobae.com\/new-resizer\/8oJNeeUxjN4lnCdk1iIjDSuzEAg=\/420x236\/filters:format(webp):quality(85)\/cloudfront-us-east-1.images.arcpublishing.com\/infobae\/R457PLLJYJGKZNNJR3E7373YTQ.jpg 420w,https:\/\/www.infobae.com\/new-resizer\/zlbgOS1Ht0W1Xslli-9bL-SqCgM=\/768x432\/filters:format(webp):quality(85)\/cloudfront-us-east-1.images.arcpublishing.com\/infobae\/R457PLLJYJGKZNNJR3E7373YTQ.jpg 768w,https:\/\/www.infobae.com\/new-resizer\/j7CK09d3VgBE7lr_GhFNws3JpU4=\/992x558\/filters:format(webp):quality(85)\/cloudfront-us-east-1.images.arcpublishing.com\/infobae\/R457PLLJYJGKZNNJR3E7373YTQ.jpg 992w,https:\/\/www.infobae.com\/new-resizer\/U3qZNreUlIACARDnXpFwoFOkf9E=\/1200x675\/filters:format(webp):quality(85)\/cloudfront-us-east-1.images.arcpublishing.com\/infobae\/R457PLLJYJGKZNNJR3E7373YTQ.jpg 1200w,https:\/\/www.infobae.com\/new-resizer\/6XOAMCZWXogP1AGg26byXjP-dio=\/1440x810\/filters:format(webp):quality(85)\/cloudfront-us-east-1.images.arcpublishing.com\/infobae\/R457PLLJYJGKZNNJR3E7373YTQ.jpg 1440w\">Sabag Montiel, ya preso (Maximiliano Luna)<\/p>\n\n\n\n<p>Sabag \u201csiempre me dec\u00eda que la quer\u00eda ver muerta, que hab\u00eda cagado al pa\u00eds, pero eso lo dicen muchos argentinos. Yo la verdad no cre\u00ed que fuera a ser en serio. Siempre cre\u00ed hasta el mismo d\u00eda del hecho que me estaba jodiendo para asustarme o manipularme. Lo mismo con el arma. Un d\u00eda trajo un arma y me asust\u00e9 y al final era de juguete. Solo lo hac\u00eda para intimidarme y que yo creyera que \u00e9l pod\u00eda hacer cualquier cosa. Se hac\u00eda el malo con la gente pero despu\u00e9s no hac\u00eda nada con ellos. Se la terminaba agarrando conmigo por eso siempre pens\u00e9 que era mentira, que era un chiste de \u00e9l\u201d, dijo.<\/p>\n\n\n\n<p>Tras sostener que Sabag era \u201cmuy soberbio\u201d y buscaba \u201chacerla sentir menos\u201d, Uliarte tambi\u00e9n afirm\u00f3 que \u201clos copitos quieren hacerme quedar a m\u00ed como que yo lo mandaba es totalmente mentira; lo est\u00e1n cubriendo para que no se sepa la verdad de c\u00f3mo era \u00e9l y de los contactos que \u00e9l ten\u00eda\u201d. Y a\u00f1adi\u00f3:<strong>&nbsp;\u201cYo no puedo asegurar que a \u00e9l lo financiaron para que mate a alguien, pero s\u00ed en dos oportunidades me cont\u00f3 que financiaban a Revoluci\u00f3n Federal.<\/strong>&nbsp;Hab\u00eda gente contactada al Gobierno anti k, que pagaba para que vayamos a las marchas y actos; en realidad le pagaban a \u00e9l y \u00e9l me llevaba a m\u00ed\u201d. Sobre Delfina Wagner, dijo que la conoci\u00f3 en Cronica Tv cuando fue hablar contra los beneficiarios de planes sociales y que Sabag estaba celoso de su fama y la \u201cninguneaba\u201d, algo que la joven panelista not\u00f3 y por eso le mand\u00f3 un mensaje tras el atentado cuando su novio cay\u00f3 preso.<\/p>\n\n\n\n<p>Ni en la causa Revoluci\u00f3n Federal ni en la del atentado se encontraron contactos directos entre esa agrupaci\u00f3n violenta y los acusados por el atentado. El fiscal R\u00edvolo en su elevaci\u00f3n a juicio sostuvo que el atentado no necesit\u00f3 financiamiento por la precariedad con la que se actu\u00f3 y el cuadro patrimonial de los implicados.<\/p>\n\n\n\n<p>Finalmente Brenda dio por primera vez su versi\u00f3n sobre lo que pas\u00f3 aquel 1\u00b0 de septiembre del 2022. \u201cEl d\u00eda que pas\u00f3 todo, ese d\u00eda&#8230; &#8221; introdujo.<\/p>\n\n\n\n<p>\u201cEse d\u00eda Nando estuvo raro, era jueves. (Yo) estaba estudiando haciendo UBA XXI Medicina. Cuando me mostr\u00f3 el arma, yo al principio pens\u00e9 que era una r\u00e9plica.&nbsp;<strong>Ese d\u00eda Fernando me apunt\u00f3 con el arma y me dec\u00eda \u2018ahora si quiero te mato\u2019.&nbsp;<\/strong>Ah\u00ed me dio miedo. Si bien tuvo situaciones violentas conmigo, nunca me hab\u00eda apuntado, pero trat\u00e9 de tranquilizarme creyendo que no era verdad, que seguro era una r\u00e9plica o no funcionaba y que quer\u00eda hacerme tener miedo, pero&nbsp;<strong>de coraz\u00f3n nunca pens\u00e9 ni que era de verdad ni que ser\u00eda capaz de hacer algo as\u00ed\u201d<\/strong>.<\/p>\n\n\n\n<p><\/p>\n\n\n\n<p>Siguiendo con el relato, afirm\u00f3: \u201cEn ese momento me empez\u00f3 a amenazar; me dijo \u2018<strong>vamos, acompa\u00f1ame o te mato\u2019.&nbsp;<\/strong>No quer\u00eda salir solo. Yo lo mir\u00e9, camin\u00e9 hacia la puerta y salimos; fuimos al Abasto, el pas\u00f3 a pagar unos tatuajes y estaba nervioso y despu\u00e9s fuimos para Juncal (la esquina del departamento de la vicepresidenta). Llegamos al acto y&nbsp;<strong>cuando vi que se acercaba lo agarr\u00e9 del brazo y le dije que no lo haga,<\/strong>&nbsp;que ya est\u00e1 la joda, que el chiste no era gracioso y que me estaba dando miedo.&nbsp;<strong>Me llam\u00f3 cobarde\u201d<\/strong><\/p>\n\n\n\n<p><strong>&#8221;&nbsp;<\/strong>Yo lo quise agarrar del brazo de nuevo, me grita cobarde y ah\u00ed en ese momento cuando me di cuenta de lo que realmente iba a hacer, que iba derecho a Cristina, me fui a la esquina, estaba paralizada. Pregunt\u00e9 si pod\u00eda ir al ba\u00f1o porque me empec\u00e9 a sentir mal, temblaba de miedo; ah\u00ed pregunt\u00e9 a una chica c\u00f3mo ir al Obelisco, de ah\u00ed llam\u00e9 a mi primo y me dice lo que hab\u00eda pasado\u201d. Se fue a la casa de su ex. \u201cEstaba aterrorizada, con mucho miedo, sin saber qu\u00e9 hacer. Decid\u00ed quedarme ah\u00ed con \u00e9l dos d\u00edas sin contarle nada. Yo solamente llegu\u00e9 y me acost\u00e9\u201d, agreg\u00f3.<\/p>\n\n\n\n<p>Las c\u00e1maras period\u00edsticas y los celulares captaron el momento en que Sabag Montiel le apunt\u00f3 a la cabeza a Cristina Kirchner. El tiro no lleg\u00f3 a salir porque no hab\u00eda bala en la rec\u00e1mara. Militantes kirchneristas lo atraparon. Ni la custodia ni CFK se dieron cuenta de lo que pasaba hasta que lo vieron en televisi\u00f3n. Brenda Uliarte estaba ah\u00ed. Funcionarios judiciales la detectaron en el tumulto gracias a una bolsa blanca. Al d\u00eda siguiente, con Sabag preso, Brenda apareci\u00f3 en televisi\u00f3n con los copitos para decir que ella no ten\u00eda nada que ver. Despu\u00e9s dio un vivo en Instagram en donde habl\u00f3 de que pod\u00eda ser una pistola de agua. El 4 de septiembre la atraparon cuando estaba arriba de un tren. En su tel\u00e9fono estaba el mensaje que le mand\u00f3 a su amiga despu\u00e9s del ataque, orgullosa de lo que hab\u00eda hecho Sabag.<\/p>\n\n\n\n<p>\u201cEs muy dif\u00edcil para m\u00ed estar pasando por esta situaci\u00f3n -agreg\u00f3 en su carta-declaraci\u00f3n-.\u00a0<strong>Es la primera vez que estoy presa. Es un infierno.<\/strong>\u00a0Nunca tuve un problema y me cost\u00f3 much\u00edsimo poder hacer esta declaraci\u00f3n\u201d. Critic\u00f3 a su defensor oficial y dijo que no confiaba en \u00e9l, \u201cpor eso nunca me anim\u00e9 a hablar. Ahora me siento contenida y psicol\u00f3gicamente m\u00e1s estable.\u00a0<strong>Espero que se sepa la verdad de todo porque soy inocente de lo que me acusan<\/strong>\u201d.<\/p>\n\n\n\n<p>Fuente: Infobae<\/p>\n","protected":false},"excerpt":{"rendered":"<div class=\"mh-excerpt\"><p>Detenida hace m\u00e1s de un a\u00f1o y rumbo a juicio oral acusada de ser coautora del intento de asesinato de\u00a0Cristina Kirchner,\u00a0Brenda Uliarte\u00a0decidi\u00f3 finalmente hablar. No lo hizo ante los jueces del Tribunal Oral Federal que encabezar\u00e1n el debate. Tampoco ante la jueza\u00a0Mar\u00eda Eugenia Capuchetti\u00a0ni el fiscal\u00a0Carlos R\u00edvolo,\u00a0que ya dieron por cerrada la investigaci\u00f3n sobre ella. Lo que hizo la joven fue presentar un escrito de ampliaci\u00f3n de indagatoria en donde busc\u00f3 despegarse de su ex pareja,&nbsp;Fernando \u2018Nando\u2019 Sabag Montiel,&nbsp;el hombre que apunt\u00f3 a la vicepresidenta con un arma de fuego e intent\u00f3 disparar. Uliarte dijo ahora que nunca crey\u00f3 que <a class=\"mh-excerpt-more\" href=\"http:\/\/dsrmedios.com.ar\/diario\/archivos\/39761\" title=\"Atentado a CFK: Brenda Uliarte dijo ahora que quiso evitar el ataque y que Sabag Montiel ten\u00eda v\u00ednculos con Revoluci\u00f3n Federal y con Milman\">[Leer m\u00e1s]<\/a><\/p>\n<\/div>","protected":false},"author":8,"featured_media":39764,"comment_status":"open","ping_status":"closed","sticky":false,"template":"","format":"standard","meta":{"_jetpack_newsletter_access":""},"categories":[6],"tags":[],"jetpack_featured_media_url":"http:\/\/dsrmedios.com.ar\/diario\/wp-content\/uploads\/2023\/09\/brenda-uliarte-940x529-1.jpg","jetpack_sharing_enabled":true,"jetpack_shortlink":"https:\/\/wp.me\/p9fihK-alj","_links":{"self":[{"href":"http:\/\/dsrmedios.com.ar\/diario\/wp-json\/wp\/v2\/posts\/39761"}],"collection":[{"href":"http:\/\/dsrmedios.com.ar\/diario\/wp-json\/wp\/v2\/posts"}],"about":[{"href":"http:\/\/dsrmedios.com.ar\/diario\/wp-json\/wp\/v2\/types\/post"}],"author":[{"embeddable":true,"href":"http:\/\/dsrmedios.com.ar\/diario\/wp-json\/wp\/v2\/users\/8"}],"replies":[{"embeddable":true,"href":"http:\/\/dsrmedios.com.ar\/diario\/wp-json\/wp\/v2\/comments?post=39761"}],"version-history":[{"count":1,"href":"http:\/\/dsrmedios.com.ar\/diario\/wp-json\/wp\/v2\/posts\/39761\/revisions"}],"predecessor-version":[{"id":39765,"href":"http:\/\/dsrmedios.com.ar\/diario\/wp-json\/wp\/v2\/posts\/39761\/revisions\/39765"}],"wp:featuredmedia":[{"embeddable":true,"href":"http:\/\/dsrmedios.com.ar\/diario\/wp-json\/wp\/v2\/media\/39764"}],"wp:attachment":[{"href":"http:\/\/dsrmedios.com.ar\/diario\/wp-json\/wp\/v2\/media?parent=39761"}],"wp:term":[{"taxonomy":"category","embeddable":true,"href":"http:\/\/dsrmedios.com.ar\/diario\/wp-json\/wp\/v2\/categories?post=39761"},{"taxonomy":"post_tag","embeddable":true,"href":"http:\/\/dsrmedios.com.ar\/diario\/wp-json\/wp\/v2\/tags?post=39761"}],"curies":[{"name":"wp","href":"https:\/\/api.w.org\/{rel}","templated":true}]}}