{"id":39749,"date":"2023-09-26T11:19:10","date_gmt":"2023-09-26T14:19:10","guid":{"rendered":"http:\/\/dsrmedios.com.ar\/diario\/?p=39749"},"modified":"2023-09-26T11:19:13","modified_gmt":"2023-09-26T14:19:13","slug":"reduccion-de-la-jornada-laboral-en-diputados-se-reactiva-hoy-el-debate-que-impulsa-el-oficialismo","status":"publish","type":"post","link":"http:\/\/dsrmedios.com.ar\/diario\/archivos\/39749","title":{"rendered":"Reducci\u00f3n de la jornada laboral: en Diputados se reactiva hoy el debate que impulsa el oficialismo"},"content":{"rendered":"\n<p>El Gobierno nacional impulsa un proyecto de\u00a0<strong>reducci\u00f3n de la jornada laboral<\/strong>\u00a0que esta tarde ser\u00e1 analizado en la\u00a0<a rel=\"noreferrer noopener\" href=\"https:\/\/www.infobae.com\/tag\/camara-de-diputados\/\" target=\"_blank\">C\u00e1mara de Diputados de la Naci\u00f3n<\/a><\/p>\n\n\n\n<p>Los encargados de evaluar el tema ser\u00e1n los integrantes de la&nbsp;<strong>Comisi\u00f3n de Legislaci\u00f3n del Trabajo&nbsp;<\/strong>que preside la diputada&nbsp;<strong>Vanesa Siley<\/strong>&nbsp;(Frente de Todos), quienes se reunir\u00e1n a partir de las 13 horas.<\/p>\n\n\n\n<p>En concreto,&nbsp;<strong>se analizar\u00e1n siete expedientes<\/strong>&nbsp;sobre la&nbsp;<a rel=\"noreferrer noopener\" href=\"https:\/\/www.infobae.com\/tag\/reduccion-de-la-jornada-laboral\/\" target=\"_blank\">reducci\u00f3n de la jornada laboral<\/a>:&nbsp;<strong>cinco corresponden al oficialismo<\/strong>&nbsp;-las presentaron&nbsp;<strong>Sergio Palazzo, Eduardo Vald\u00e9s, Hugo Yasky, Claudia Ormaechea y M\u00f3nica Litza<\/strong>-, mientras que las dos restantes fueron elaboradas por el&nbsp;<strong>socialismo&nbsp;<\/strong>y el&nbsp;<strong>Frente de Izquierda<\/strong>.<\/p>\n\n\n\n<p>De acuerdo a fuentes parlamentarias, del encuentro participar\u00e1n la ministra de Trabajo,\u00a0<strong>Raquel \u2018Kelly\u2019 Olmos<\/strong>; la embajadora de Chile,\u00a0<strong>B\u00e1rbara Figueroa Sandoval<\/strong>; y la secretaria Internacional de Cooperaci\u00f3n y Migraciones de Comisiones Obreras de Espa\u00f1a,\u00a0<strong>Cristina Faciaben<\/strong>;.<\/p>\n\n\n\n<p>A ellos se sumar\u00e1n -seg\u00fan repasa la agencia&nbsp;<em>T\u00e9lam<\/em>&#8211; representantes de la&nbsp;<strong>CGT<\/strong>, las dos corrientes de la&nbsp;<strong>CTA&nbsp;<\/strong>(de los Trabajadores y Aut\u00f3noma), especialistas de la&nbsp;<strong>Uni\u00f3n Industrial Argentina<\/strong>&nbsp;(UIA) y referentes de la Corriente de Abogados laboralistas \u20187 de Julio\u2019.<\/p>\n\n\n\n<p><img decoding=\"async\" loading=\"lazy\" alt=\"La ministra de Trabajo &quot;Kelly&quot; Olmos junto al diputado Sergio Palazzo, quien tambi\u00e9n es el secretario General del gremio de los bancarios\" height=\"1478\" width=\"1920\" src=\"https:\/\/www.infobae.com\/new-resizer\/AazUgLoiFpgrMtONkG6hgUsncdo=\/arc-anglerfish-arc2-prod-infobae\/public\/VV6JSTQJMZGS3FLEYWCGQMSZEA.jpg\" srcset=\"https:\/\/www.infobae.com\/new-resizer\/SK3ZZmp7bXtOWbcHohsaN7dLQKw=\/420x315\/filters:format(webp):quality(85)\/cloudfront-us-east-1.images.arcpublishing.com\/infobae\/VV6JSTQJMZGS3FLEYWCGQMSZEA.jpg 420w,https:\/\/www.infobae.com\/new-resizer\/AIAU-j1Nwhbt1MMyGvektcJgsSA=\/768x576\/filters:format(webp):quality(85)\/cloudfront-us-east-1.images.arcpublishing.com\/infobae\/VV6JSTQJMZGS3FLEYWCGQMSZEA.jpg 768w,https:\/\/www.infobae.com\/new-resizer\/MTby-5pmS5cHwvZM1Sq3e2SOVl8=\/992x744\/filters:format(webp):quality(85)\/cloudfront-us-east-1.images.arcpublishing.com\/infobae\/VV6JSTQJMZGS3FLEYWCGQMSZEA.jpg 992w,https:\/\/www.infobae.com\/new-resizer\/u6Ko2Ag8GaSa1_d5sZnbUkcGXU4=\/1200x900\/filters:format(webp):quality(85)\/cloudfront-us-east-1.images.arcpublishing.com\/infobae\/VV6JSTQJMZGS3FLEYWCGQMSZEA.jpg 1200w,https:\/\/www.infobae.com\/new-resizer\/lcNmO3zE5uTKgwiMgwCiEJWwi-k=\/1440x1080\/filters:format(webp):quality(85)\/cloudfront-us-east-1.images.arcpublishing.com\/infobae\/VV6JSTQJMZGS3FLEYWCGQMSZEA.jpg 1440w\">La ministra de Trabajo &#8220;Kelly&#8221; Olmos junto al diputado Sergio Palazzo, quien tambi\u00e9n es el secretario General del gremio de los bancarios<\/p>\n\n\n\n<p>El 1\u00b0 de mayo pasado, cuando se conmemor\u00f3 el D\u00eda Internacional de los Trabajadores, la CGT reclam\u00f3 de la reducci\u00f3n de la jornada de trabajo semanal, que actualmente es de 48 horas, al sostener que ese sistema ya \u201c<strong>es una antig\u00fcedad<\/strong>\u201d, y que hay que avanzar en la legislaci\u00f3n \u201ccomo medio de generar m\u00e1s empleo y distribuir mejor el beneficio extraordinario del capital\u201d.<\/p>\n\n\n\n<p>Asimismo, en una primera reuni\u00f3n de la comisi\u00f3n que se realiz\u00f3 hace cinco meses, Yasky hab\u00eda asegurado que la idea \u201ces&nbsp;<strong>reducir horas<\/strong>&nbsp;en la jornada laboral de manera tal que en la semana se completen<strong>&nbsp;40 horas de trabajo<\/strong>\u201d.<\/p>\n\n\n\n<p>Por su parte,&nbsp;<strong>Ormaechea<\/strong>, diputada y dirigente de la Asociaci\u00f3n Bancaria, dijo que se \u201c<strong>plantea una reducci\u00f3n a 36 horas<\/strong>\u201d.<\/p>\n\n\n\n<p>\u201cLa idea es acordar un proyecto que contemple textos presentados por legisladores de varios bloques que podr\u00edan&nbsp;<strong>confluir en una iniciativa para llevar de 48 a 40 o 36 horas la jornada semanal<\/strong>, con lo que se busca mejorar la productividad y generar empleo\u201d, explicaron desde el oficialismo.<\/p>\n\n\n\n<p>La diputada nacional&nbsp;<strong>M\u00f3nica Litza<\/strong>&nbsp;se refiri\u00f3 al impacto de la medida en la creaci\u00f3n de empleo y aclar\u00f3: \u201cLa norma se complementar\u00e1 con otras medidas, como la aplicaci\u00f3n de un plan de desarrollo de inclusi\u00f3n social\u201d.<\/p>\n\n\n\n<p>En la misma sinton\u00eda se expres\u00f3 la ministra de Trabajo,\u00a0<strong>Kelly Olmos<\/strong>: \u201cDeber\u00eda ir reduci\u00e9ndose en forma escalonada y, para m\u00ed, deber\u00eda ser de 40 horas. Pienso que\u00a0<strong>podr\u00eda pasar primero de 48 a 44 horas, y luego &#8211; a 40 horas en algunos a\u00f1os<\/strong>\u201d.<\/p>\n\n\n\n<p>Fuente: Infobae<\/p>\n","protected":false},"excerpt":{"rendered":"<div class=\"mh-excerpt\"><p>El Gobierno nacional impulsa un proyecto de\u00a0reducci\u00f3n de la jornada laboral\u00a0que esta tarde ser\u00e1 analizado en la\u00a0C\u00e1mara de Diputados de la Naci\u00f3n Los encargados de evaluar el tema ser\u00e1n los integrantes de la&nbsp;Comisi\u00f3n de Legislaci\u00f3n del Trabajo&nbsp;que preside la diputada&nbsp;Vanesa Siley&nbsp;(Frente de Todos), quienes se reunir\u00e1n a partir de las 13 horas. En concreto,&nbsp;se analizar\u00e1n siete expedientes&nbsp;sobre la&nbsp;reducci\u00f3n de la jornada laboral:&nbsp;cinco corresponden al oficialismo&nbsp;-las presentaron&nbsp;Sergio Palazzo, Eduardo Vald\u00e9s, Hugo Yasky, Claudia Ormaechea y M\u00f3nica Litza-, mientras que las dos restantes fueron elaboradas por el&nbsp;socialismo&nbsp;y el&nbsp;Frente de Izquierda. De acuerdo a fuentes parlamentarias, del encuentro participar\u00e1n la ministra de Trabajo,\u00a0Raquel <a class=\"mh-excerpt-more\" href=\"http:\/\/dsrmedios.com.ar\/diario\/archivos\/39749\" title=\"Reducci\u00f3n de la jornada laboral: en Diputados se reactiva hoy el debate que impulsa el oficialismo\">[Leer m\u00e1s]<\/a><\/p>\n<\/div>","protected":false},"author":8,"featured_media":39750,"comment_status":"open","ping_status":"closed","sticky":false,"template":"","format":"standard","meta":{"_jetpack_newsletter_access":""},"categories":[6],"tags":[],"jetpack_featured_media_url":"http:\/\/dsrmedios.com.ar\/diario\/wp-content\/uploads\/2023\/09\/JXBTVSRUUNG6DKFL372RV6NZ6Q.webp","jetpack_sharing_enabled":true,"jetpack_shortlink":"https:\/\/wp.me\/p9fihK-al7","_links":{"self":[{"href":"http:\/\/dsrmedios.com.ar\/diario\/wp-json\/wp\/v2\/posts\/39749"}],"collection":[{"href":"http:\/\/dsrmedios.com.ar\/diario\/wp-json\/wp\/v2\/posts"}],"about":[{"href":"http:\/\/dsrmedios.com.ar\/diario\/wp-json\/wp\/v2\/types\/post"}],"author":[{"embeddable":true,"href":"http:\/\/dsrmedios.com.ar\/diario\/wp-json\/wp\/v2\/users\/8"}],"replies":[{"embeddable":true,"href":"http:\/\/dsrmedios.com.ar\/diario\/wp-json\/wp\/v2\/comments?post=39749"}],"version-history":[{"count":1,"href":"http:\/\/dsrmedios.com.ar\/diario\/wp-json\/wp\/v2\/posts\/39749\/revisions"}],"predecessor-version":[{"id":39751,"href":"http:\/\/dsrmedios.com.ar\/diario\/wp-json\/wp\/v2\/posts\/39749\/revisions\/39751"}],"wp:featuredmedia":[{"embeddable":true,"href":"http:\/\/dsrmedios.com.ar\/diario\/wp-json\/wp\/v2\/media\/39750"}],"wp:attachment":[{"href":"http:\/\/dsrmedios.com.ar\/diario\/wp-json\/wp\/v2\/media?parent=39749"}],"wp:term":[{"taxonomy":"category","embeddable":true,"href":"http:\/\/dsrmedios.com.ar\/diario\/wp-json\/wp\/v2\/categories?post=39749"},{"taxonomy":"post_tag","embeddable":true,"href":"http:\/\/dsrmedios.com.ar\/diario\/wp-json\/wp\/v2\/tags?post=39749"}],"curies":[{"name":"wp","href":"https:\/\/api.w.org\/{rel}","templated":true}]}}