{"id":39742,"date":"2023-09-26T11:13:56","date_gmt":"2023-09-26T14:13:56","guid":{"rendered":"http:\/\/dsrmedios.com.ar\/diario\/?p=39742"},"modified":"2023-09-26T11:17:00","modified_gmt":"2023-09-26T14:17:00","slug":"el-gobierno-les-pagara-un-bono-extraordinario-de-20-000-a-los-desempleados-como-y-cuando-se-cobrara","status":"publish","type":"post","link":"http:\/\/dsrmedios.com.ar\/diario\/archivos\/39742","title":{"rendered":"El Gobierno les pagar\u00e1 un bono extraordinario de $20.000 a los desempleados: c\u00f3mo y cu\u00e1ndo se cobrar\u00e1"},"content":{"rendered":"\n<p>El Ministerio de Trabajo estableci\u00f3 hoy el pago de un bono extraordinario de $20.000 a los trabajadores titulares de prestaciones por desempleo, que ser\u00e1 abonado en dos cuotas de $10.000 en los meses de septiembre y octubre.<a rel=\"noreferrer noopener\" href=\"https:\/\/www.infobae.com\/economia\/2023\/08\/28\/las-12-medidas-que-anuncio-massa-quienes-cobraran-bonos-y-aumentos-y-cuales-son-todos-los-sectores-beneficiados\/\" target=\"_blank\"><\/a><a rel=\"noreferrer noopener\" href=\"https:\/\/www.infobae.com\/economia\/2023\/09\/26\/no-lo-van-a-poder-romper-el-mensaje-de-galperin-en-medio-de-la-batalla-entre-mercado-pago-y-el-banco-central\/\" target=\"_blank\"><\/a><\/p>\n\n\n\n<p>El pago \u201cextraordinario y adicional\u201d fue formalizado a trav\u00e9s de la Resoluci\u00f3n 1209\/2023 publicada en el Bolet\u00edn Oficial, y estar\u00e1 a cargo de la Administraci\u00f3n Nacional de Seguridad Social (Anses).<\/p>\n\n\n\n<p>\u201cEl pago extraordinario y adicional dispuesto por el art\u00edculo 1\u00b0 de la presente Resoluci\u00f3n se aplicar\u00e1 a las trabajadoras y los trabajadores que tengan derecho a percibir la prestaci\u00f3n por desempleo de las Leyes Nros. 24.013 y 25.371 en los meses de septiembre y octubre de 2023. En el caso que la trabajadora o el trabajador s\u00f3lo tenga derecho a percibir la prestaci\u00f3n por desempleo en uno de los meses antes indicados s\u00f3lo se le otorgar\u00e1 la cuota del pago extraordinario y adicional correspondiente a tal mes\u201d, destac\u00f3 uno de los art\u00edculos de la resoluci\u00f3n de Trabajo.<\/p>\n\n\n\n<p><img decoding=\"async\" loading=\"lazy\" alt=\"Sergio Massa y Fernanda Raverta, titular de Anses\" height=\"1080\" width=\"1920\" src=\"https:\/\/www.infobae.com\/new-resizer\/YXwcy7okH-0QR4mMudK8AniAzCw=\/arc-anglerfish-arc2-prod-infobae\/public\/7PPBRH4ETVAWXFL2RNBUDXDQF4.jpg\" srcset=\"https:\/\/www.infobae.com\/new-resizer\/H1RvFgZSyLvd3QrqduEn3MzGVTc=\/420x236\/filters:format(webp):quality(85)\/cloudfront-us-east-1.images.arcpublishing.com\/infobae\/7PPBRH4ETVAWXFL2RNBUDXDQF4.jpg 420w,https:\/\/www.infobae.com\/new-resizer\/c1Q8disXIXIfXJ6h1bDgtllIKLY=\/768x432\/filters:format(webp):quality(85)\/cloudfront-us-east-1.images.arcpublishing.com\/infobae\/7PPBRH4ETVAWXFL2RNBUDXDQF4.jpg 768w,https:\/\/www.infobae.com\/new-resizer\/JZsFUmYMqlEw69p_Npw-OnSgBLM=\/992x558\/filters:format(webp):quality(85)\/cloudfront-us-east-1.images.arcpublishing.com\/infobae\/7PPBRH4ETVAWXFL2RNBUDXDQF4.jpg 992w,https:\/\/www.infobae.com\/new-resizer\/HkBQioZMS9Yt_VBfStNyORJFP5s=\/1200x675\/filters:format(webp):quality(85)\/cloudfront-us-east-1.images.arcpublishing.com\/infobae\/7PPBRH4ETVAWXFL2RNBUDXDQF4.jpg 1200w,https:\/\/www.infobae.com\/new-resizer\/r57VCcqia7nad3X_hgGf3BdmG_U=\/1440x810\/filters:format(webp):quality(85)\/cloudfront-us-east-1.images.arcpublishing.com\/infobae\/7PPBRH4ETVAWXFL2RNBUDXDQF4.jpg 1440w\">Sergio Massa y Fernanda Raverta, titular de Anses<\/p>\n\n\n\n<p>La decisi\u00f3n forma parte de una serie de medidas dispuestas por el Gobierno para \u201creforzar los ingresos de aquellos sectores de la poblaci\u00f3n m\u00e1s afectados por la disminuci\u00f3n de su poder adquisitivo\u201d en el contexto de la \u201csituaci\u00f3n socio econ\u00f3mica imperante\u201d, se\u00f1alan los considerandos.<\/p>\n\n\n\n<p>Hoy a la 13 el ministro de Econom\u00eda,&nbsp;<strong>Sergio Massa<\/strong>, junto con la directora ejecutiva de la Anses,&nbsp;<strong>Fernanda Raverta<\/strong>, anunciar\u00e1n medidas de asistencia para trabajadores informales. La medida podr\u00eda ser un refuerzo de ingresos para trabajadores informales que no quedaron alcanzados por los anuncios anteriores que abarcaron a monotributistas, aut\u00f3nomos, trabajadores en relaci\u00f3n de dependencia, jubilados y beneficiarios de Tarjeta Alimentar, Potenciar Trabajo y Asignaci\u00f3n Universal por Hijo (AUH).<\/p>\n\n\n\n<p>El Poder Ejecutivo justific\u00f3 esta decisi\u00f3n al se\u00f1alar que \u201cen el contexto de la situaci\u00f3n socio econ\u00f3mica imperante, con aceleraci\u00f3n del nivel de precios, se ha comenzado a desplegar una serie de medidas dirigidas a reforzar los ingresos de aquellos sectores de la poblaci\u00f3n m\u00e1s afectados por la disminuci\u00f3n de su poder adquisitivo\u201d.<\/p>\n\n\n\n<p><img decoding=\"async\" loading=\"lazy\" alt=\"Raquel &quot;Kelly&quot; Olmos, ministra de Trabajo\" height=\"1080\" width=\"1920\" src=\"https:\/\/www.infobae.com\/new-resizer\/C09xWsFlI2IhFtt7_EiOHKmGy6g=\/arc-anglerfish-arc2-prod-infobae\/public\/OS4RK2PBMJGH7HZU5HNJAYLRVE.jpg\" srcset=\"https:\/\/www.infobae.com\/new-resizer\/R5vQHTC82b8FdRf3w7Cv6I-wCn0=\/420x236\/filters:format(webp):quality(85)\/cloudfront-us-east-1.images.arcpublishing.com\/infobae\/OS4RK2PBMJGH7HZU5HNJAYLRVE.jpg 420w,https:\/\/www.infobae.com\/new-resizer\/HTknp20SssV-6C7l9WLsowEMweI=\/768x432\/filters:format(webp):quality(85)\/cloudfront-us-east-1.images.arcpublishing.com\/infobae\/OS4RK2PBMJGH7HZU5HNJAYLRVE.jpg 768w,https:\/\/www.infobae.com\/new-resizer\/Z3rQ1GWWh3T0mQb_phOw4wQ-vR0=\/992x558\/filters:format(webp):quality(85)\/cloudfront-us-east-1.images.arcpublishing.com\/infobae\/OS4RK2PBMJGH7HZU5HNJAYLRVE.jpg 992w,https:\/\/www.infobae.com\/new-resizer\/7i5nxizR8UFofFAu9rGwwHRxBTU=\/1200x675\/filters:format(webp):quality(85)\/cloudfront-us-east-1.images.arcpublishing.com\/infobae\/OS4RK2PBMJGH7HZU5HNJAYLRVE.jpg 1200w,https:\/\/www.infobae.com\/new-resizer\/ekW3RMVg67OUrX4lBleQaXz6fIg=\/1440x810\/filters:format(webp):quality(85)\/cloudfront-us-east-1.images.arcpublishing.com\/infobae\/OS4RK2PBMJGH7HZU5HNJAYLRVE.jpg 1440w\">Raquel &#8220;Kelly&#8221; Olmos, ministra de Trabajo<\/p>\n\n\n\n<p>\u201cEn ese marco y en concordancia con tales objetivos, resulta necesario, oportuno y pertinente otorgar un pago extraordinario y adicional para las trabajadoras y los trabajadores titulares de las prestaciones por desempleo\u201d, a\u00f1adi\u00f3.<\/p>\n\n\n\n<p>Seg\u00fan inform\u00f3 el Indec, el desempleo lleg\u00f3 al 6,2% en el segundo trimestre de este a\u00f1o, porcentaje que involucra a casi 1,4 mill\u00f3n de personas.<\/p>\n\n\n\n<p>La prestaci\u00f3n por desempleo alcanza a trabajadores que fueron despedidos sin justa causa o por fuerza mayor. En septiembre, el monto m\u00ednimo de ese beneficio es de $32.771 y el m\u00e1ximo, de $54.628, que se calculan seg\u00fan los ingresos y meses trabajados con aportes durante los \u00faltimos tres a\u00f1os.<\/p>\n\n\n\n<h2>Otros anuncios<\/h2>\n\n\n\n<p>El fin de semana pasado, Massa anunci\u00f3 una moratoria para pymes y un proyecto para las provincias.<\/p>\n\n\n\n<p>El objetivo de la moratoria, dijo el ministro es \u201crecomponer su capital de trabajo, mejorar su perfil fiscal y evitar embargos en las cuentas bancarias\u201d.<\/p>\n\n\n\n<p>El nuevo esquema apunta a 397.000 pymes, entidades sin fines de lucro y peque\u00f1os contribuyentes. Se trata de un plan de pagos a diez a\u00f1os, en 120 cuotas mensuales, para obligaciones vencidas hasta el 31 de agosto pasado y permitir\u00e1 a los beneficiarios reformar planes de pago caducos por alguna raz\u00f3n, como incumplimiento. La tasa de inter\u00e9s es de 4,14% mensual.<\/p>\n\n\n\n<p>Adem\u00e1s, el ministro y candidato, que se reuni\u00f3 con los gobernadores del Norte en Salta, propuso crear un mecanismo, a trav\u00e9s del Presupuesto 2024, para&nbsp;<strong>coparticipar<\/strong>&nbsp;parte de la recaudaci\u00f3n de<strong>&nbsp;dos impuestos<\/strong>&nbsp;para compensar las cuentas fiscales de las provincias, que se vieron afectadas por medidas como el cambio en&nbsp;<a href=\"https:\/\/www.infobae.com\/tag\/ganancias\/\"><strong>Ganancias<\/strong><\/a>.<\/p>\n\n\n\n<p>Se buscar\u00e1 se incorpore a la masa coparticipable el&nbsp;25% de la recaudaci\u00f3n del impuesto al cheque y el 35% de la recaudaci\u00f3n del Impuesto PAIS. En lo que va del a\u00f1o ambos grav\u00e1menes le reportaron ingresos al fisco por&nbsp;2,1 billones de pesos.<\/p>\n\n\n\n<p>Fuente: Infobae<\/p>\n","protected":false},"excerpt":{"rendered":"<div class=\"mh-excerpt\"><p>El Ministerio de Trabajo estableci\u00f3 hoy el pago de un bono extraordinario de $20.000 a los trabajadores titulares de prestaciones por desempleo, que ser\u00e1 abonado en dos cuotas de $10.000 en los meses de septiembre y octubre. El pago \u201cextraordinario y adicional\u201d fue formalizado a trav\u00e9s de la Resoluci\u00f3n 1209\/2023 publicada en el Bolet\u00edn Oficial, y estar\u00e1 a cargo de la Administraci\u00f3n Nacional de Seguridad Social (Anses). \u201cEl pago extraordinario y adicional dispuesto por el art\u00edculo 1\u00b0 de la presente Resoluci\u00f3n se aplicar\u00e1 a las trabajadoras y los trabajadores que tengan derecho a percibir la prestaci\u00f3n por desempleo de las <a class=\"mh-excerpt-more\" href=\"http:\/\/dsrmedios.com.ar\/diario\/archivos\/39742\" title=\"El Gobierno les pagar\u00e1 un bono extraordinario de $20.000 a los desempleados: c\u00f3mo y cu\u00e1ndo se cobrar\u00e1\">[Leer m\u00e1s]<\/a><\/p>\n<\/div>","protected":false},"author":8,"featured_media":39743,"comment_status":"open","ping_status":"closed","sticky":false,"template":"","format":"standard","meta":{"_jetpack_newsletter_access":""},"categories":[6],"tags":[],"jetpack_featured_media_url":"http:\/\/dsrmedios.com.ar\/diario\/wp-content\/uploads\/2023\/09\/images-2.jpeg","jetpack_sharing_enabled":true,"jetpack_shortlink":"https:\/\/wp.me\/p9fihK-al0","_links":{"self":[{"href":"http:\/\/dsrmedios.com.ar\/diario\/wp-json\/wp\/v2\/posts\/39742"}],"collection":[{"href":"http:\/\/dsrmedios.com.ar\/diario\/wp-json\/wp\/v2\/posts"}],"about":[{"href":"http:\/\/dsrmedios.com.ar\/diario\/wp-json\/wp\/v2\/types\/post"}],"author":[{"embeddable":true,"href":"http:\/\/dsrmedios.com.ar\/diario\/wp-json\/wp\/v2\/users\/8"}],"replies":[{"embeddable":true,"href":"http:\/\/dsrmedios.com.ar\/diario\/wp-json\/wp\/v2\/comments?post=39742"}],"version-history":[{"count":2,"href":"http:\/\/dsrmedios.com.ar\/diario\/wp-json\/wp\/v2\/posts\/39742\/revisions"}],"predecessor-version":[{"id":39748,"href":"http:\/\/dsrmedios.com.ar\/diario\/wp-json\/wp\/v2\/posts\/39742\/revisions\/39748"}],"wp:featuredmedia":[{"embeddable":true,"href":"http:\/\/dsrmedios.com.ar\/diario\/wp-json\/wp\/v2\/media\/39743"}],"wp:attachment":[{"href":"http:\/\/dsrmedios.com.ar\/diario\/wp-json\/wp\/v2\/media?parent=39742"}],"wp:term":[{"taxonomy":"category","embeddable":true,"href":"http:\/\/dsrmedios.com.ar\/diario\/wp-json\/wp\/v2\/categories?post=39742"},{"taxonomy":"post_tag","embeddable":true,"href":"http:\/\/dsrmedios.com.ar\/diario\/wp-json\/wp\/v2\/tags?post=39742"}],"curies":[{"name":"wp","href":"https:\/\/api.w.org\/{rel}","templated":true}]}}