{"id":39739,"date":"2023-09-26T11:11:58","date_gmt":"2023-09-26T14:11:58","guid":{"rendered":"http:\/\/dsrmedios.com.ar\/diario\/?p=39739"},"modified":"2023-09-26T11:12:01","modified_gmt":"2023-09-26T14:12:01","slug":"la-municipalidad-promociona-la-oferta-academica-2024-para-adolfo-alsina","status":"publish","type":"post","link":"http:\/\/dsrmedios.com.ar\/diario\/archivos\/39739","title":{"rendered":"<strong>La Municipalidad promociona la Oferta Acad\u00e9mica 2024 para Adolfo Alsina<\/strong>"},"content":{"rendered":"\n<p>La Municipalidad de Adolfo Alsina, a trav\u00e9s del \u00e1rea de Gesti\u00f3n Universitaria, lleva a cabo en todo el distrito la promoci\u00f3n de la propuesta acad\u00e9mica de la Universidad Provincial del Sudoeste en Adolfo Alsina para el ciclo 2024.<br>&nbsp;<\/p>\n\n\n\n<p>La Jefa de Gesti\u00f3n Universitaria, Vanesa Neubauer, realiza, en estas semanas, recorridos por las instituciones educativas de Carhu\u00e9, Rivera, Villa Maza y San Miguel Arc\u00e1ngel compartiendo con alumnos de nivel secundario las carreras que se dictar\u00e1n en el Centro Universitario de Adolfo Alsina.<br>&nbsp;<\/p>\n\n\n\n<p>Entre las propuestas recordamos que, a partir del a\u00f1o, se dictar\u00e1 la nueva carrera de Enfermer\u00eda para la que se llevar\u00e1 a cabo, especialmente, una charla informativa el pr\u00f3ximo lunes 9 de octubre, abierta a toda la comunidad, a&nbsp;cargo de la disertante, Lic. Julieta Turani, Decana de la Facultad de Ciencias Humanas de la Universidad Provincial del Sudoeste, la charla se brindar\u00e1 en el Centro Universitario de Adolfo Alsina, Mitre y Urquiza de la ciudad de Carhu\u00e9, a las 18 hs.&nbsp;Los interesados&nbsp;en la carrera de Enfermer\u00eda&nbsp;pueden obtener m\u00e1s informaci\u00f3n a trav\u00e9s de Whatsapp: (291) 6456060<\/p>\n","protected":false},"excerpt":{"rendered":"<div class=\"mh-excerpt\"><p>La Municipalidad de Adolfo Alsina, a trav\u00e9s del \u00e1rea de Gesti\u00f3n Universitaria, lleva a cabo en todo el distrito la promoci\u00f3n de la propuesta acad\u00e9mica de la Universidad Provincial del Sudoeste en Adolfo Alsina para el ciclo 2024.&nbsp; La Jefa de Gesti\u00f3n Universitaria, Vanesa Neubauer, realiza, en estas semanas, recorridos por las instituciones educativas de Carhu\u00e9, Rivera, Villa Maza y San Miguel Arc\u00e1ngel compartiendo con alumnos de nivel secundario las carreras que se dictar\u00e1n en el Centro Universitario de Adolfo Alsina.&nbsp; Entre las propuestas recordamos que, a partir del a\u00f1o, se dictar\u00e1 la nueva carrera de Enfermer\u00eda para la que <a class=\"mh-excerpt-more\" href=\"http:\/\/dsrmedios.com.ar\/diario\/archivos\/39739\" title=\"La Municipalidad promociona la Oferta Acad\u00e9mica 2024 para Adolfo Alsina\">[Leer m\u00e1s]<\/a><\/p>\n<\/div>","protected":false},"author":8,"featured_media":39740,"comment_status":"open","ping_status":"closed","sticky":false,"template":"","format":"standard","meta":{"_jetpack_newsletter_access":""},"categories":[18,31,5],"tags":[],"jetpack_featured_media_url":"http:\/\/dsrmedios.com.ar\/diario\/wp-content\/uploads\/2023\/09\/WhatsApp-Image-2023-09-26-at-09.12.24.jpeg","jetpack_sharing_enabled":true,"jetpack_shortlink":"https:\/\/wp.me\/p9fihK-akX","_links":{"self":[{"href":"http:\/\/dsrmedios.com.ar\/diario\/wp-json\/wp\/v2\/posts\/39739"}],"collection":[{"href":"http:\/\/dsrmedios.com.ar\/diario\/wp-json\/wp\/v2\/posts"}],"about":[{"href":"http:\/\/dsrmedios.com.ar\/diario\/wp-json\/wp\/v2\/types\/post"}],"author":[{"embeddable":true,"href":"http:\/\/dsrmedios.com.ar\/diario\/wp-json\/wp\/v2\/users\/8"}],"replies":[{"embeddable":true,"href":"http:\/\/dsrmedios.com.ar\/diario\/wp-json\/wp\/v2\/comments?post=39739"}],"version-history":[{"count":1,"href":"http:\/\/dsrmedios.com.ar\/diario\/wp-json\/wp\/v2\/posts\/39739\/revisions"}],"predecessor-version":[{"id":39741,"href":"http:\/\/dsrmedios.com.ar\/diario\/wp-json\/wp\/v2\/posts\/39739\/revisions\/39741"}],"wp:featuredmedia":[{"embeddable":true,"href":"http:\/\/dsrmedios.com.ar\/diario\/wp-json\/wp\/v2\/media\/39740"}],"wp:attachment":[{"href":"http:\/\/dsrmedios.com.ar\/diario\/wp-json\/wp\/v2\/media?parent=39739"}],"wp:term":[{"taxonomy":"category","embeddable":true,"href":"http:\/\/dsrmedios.com.ar\/diario\/wp-json\/wp\/v2\/categories?post=39739"},{"taxonomy":"post_tag","embeddable":true,"href":"http:\/\/dsrmedios.com.ar\/diario\/wp-json\/wp\/v2\/tags?post=39739"}],"curies":[{"name":"wp","href":"https:\/\/api.w.org\/{rel}","templated":true}]}}