{"id":39736,"date":"2023-09-26T11:10:49","date_gmt":"2023-09-26T14:10:49","guid":{"rendered":"http:\/\/dsrmedios.com.ar\/diario\/?p=39736"},"modified":"2023-09-26T11:10:52","modified_gmt":"2023-09-26T14:10:52","slug":"rivera-alumnos-de-fotografia-participaron-del-congreso-de-discapacidad-convivencia-en-diversidad","status":"publish","type":"post","link":"http:\/\/dsrmedios.com.ar\/diario\/archivos\/39736","title":{"rendered":"<strong>Rivera: Alumnos de Fotograf\u00eda participaron del Congreso de Discapacidad &#8220;Convivencia en Diversidad&#8221;<\/strong>"},"content":{"rendered":"\n<p>Los alumnos que, desde Usina del Arte de Rivera \u2013 dependiente de la Secretar\u00eda de Cultura de la Municipalidad de Adolfo Alsina &#8211; del Taller de Fotograf\u00eda PCD, a cargo de la profesora Elizabeth Chernischuk (actividad articulada con el Taller Protegido de Producci\u00f3n Vivencias) participaron con sus obras en una &#8220;Muestra Colectiva de Artistas Fot\u00f3grafos con discapacidad&#8221;, en el marco del Segundo Congreso de Discapacidad &#8220;Convivencia en Diversidad&#8221;, organizado por la Agencia Nacional Discapacidad y el Consejo Municipal Asesor para la Inclusi\u00f3n de las Personas con Discapacidad de Almirante Brown.<\/p>\n\n\n\n<p>Participaron de la convocatoria artistas fot\u00f3grafos de distintos municipios.<br>Los representantes de Adolfo Alsina fueron: Ezequiel Heinrich, Rosa Rudolf, Cecil Rupel, Mara Stork, Nicol\u00e1s Azcona y Alicia Beratz.<\/p>\n","protected":false},"excerpt":{"rendered":"<div class=\"mh-excerpt\"><p>Los alumnos que, desde Usina del Arte de Rivera \u2013 dependiente de la Secretar\u00eda de Cultura de la Municipalidad de Adolfo Alsina &#8211; del Taller de Fotograf\u00eda PCD, a cargo de la profesora Elizabeth Chernischuk (actividad articulada con el Taller Protegido de Producci\u00f3n Vivencias) participaron con sus obras en una &#8220;Muestra Colectiva de Artistas Fot\u00f3grafos con discapacidad&#8221;, en el marco del Segundo Congreso de Discapacidad &#8220;Convivencia en Diversidad&#8221;, organizado por la Agencia Nacional Discapacidad y el Consejo Municipal Asesor para la Inclusi\u00f3n de las Personas con Discapacidad de Almirante Brown. Participaron de la convocatoria artistas fot\u00f3grafos de distintos municipios.Los representantes <a class=\"mh-excerpt-more\" href=\"http:\/\/dsrmedios.com.ar\/diario\/archivos\/39736\" title=\"Rivera: Alumnos de Fotograf\u00eda participaron del Congreso de Discapacidad &#8220;Convivencia en Diversidad&#8221;\">[Leer m\u00e1s]<\/a><\/p>\n<\/div>","protected":false},"author":8,"featured_media":39737,"comment_status":"open","ping_status":"closed","sticky":false,"template":"","format":"standard","meta":{"_jetpack_newsletter_access":""},"categories":[18,31,5],"tags":[],"jetpack_featured_media_url":"http:\/\/dsrmedios.com.ar\/diario\/wp-content\/uploads\/2023\/09\/WhatsApp-Image-2023-09-26-at-08.50.58.jpeg","jetpack_sharing_enabled":true,"jetpack_shortlink":"https:\/\/wp.me\/p9fihK-akU","_links":{"self":[{"href":"http:\/\/dsrmedios.com.ar\/diario\/wp-json\/wp\/v2\/posts\/39736"}],"collection":[{"href":"http:\/\/dsrmedios.com.ar\/diario\/wp-json\/wp\/v2\/posts"}],"about":[{"href":"http:\/\/dsrmedios.com.ar\/diario\/wp-json\/wp\/v2\/types\/post"}],"author":[{"embeddable":true,"href":"http:\/\/dsrmedios.com.ar\/diario\/wp-json\/wp\/v2\/users\/8"}],"replies":[{"embeddable":true,"href":"http:\/\/dsrmedios.com.ar\/diario\/wp-json\/wp\/v2\/comments?post=39736"}],"version-history":[{"count":1,"href":"http:\/\/dsrmedios.com.ar\/diario\/wp-json\/wp\/v2\/posts\/39736\/revisions"}],"predecessor-version":[{"id":39738,"href":"http:\/\/dsrmedios.com.ar\/diario\/wp-json\/wp\/v2\/posts\/39736\/revisions\/39738"}],"wp:featuredmedia":[{"embeddable":true,"href":"http:\/\/dsrmedios.com.ar\/diario\/wp-json\/wp\/v2\/media\/39737"}],"wp:attachment":[{"href":"http:\/\/dsrmedios.com.ar\/diario\/wp-json\/wp\/v2\/media?parent=39736"}],"wp:term":[{"taxonomy":"category","embeddable":true,"href":"http:\/\/dsrmedios.com.ar\/diario\/wp-json\/wp\/v2\/categories?post=39736"},{"taxonomy":"post_tag","embeddable":true,"href":"http:\/\/dsrmedios.com.ar\/diario\/wp-json\/wp\/v2\/tags?post=39736"}],"curies":[{"name":"wp","href":"https:\/\/api.w.org\/{rel}","templated":true}]}}