{"id":39726,"date":"2023-09-26T00:03:54","date_gmt":"2023-09-26T03:03:54","guid":{"rendered":"http:\/\/dsrmedios.com.ar\/diario\/?p=39726"},"modified":"2023-09-26T00:03:57","modified_gmt":"2023-09-26T03:03:57","slug":"andres-y-la-directora-regional-vi-del-ipsinauguraron-el-cap-en-rivera","status":"publish","type":"post","link":"http:\/\/dsrmedios.com.ar\/diario\/archivos\/39726","title":{"rendered":"<strong>Andres y la Directora Regional VI del IPSinauguraron el CAP en Rivera<\/strong>"},"content":{"rendered":"\n<p><strong>El Intendente de Adolfo Alsina, Javier Andres, junto a la Directora Regional VI del Instituto de Previsi\u00f3n Social, Camila Lorenzo, inaugur\u00f3 el CAP (Centro de Atenci\u00f3n Previsional) dependiente del IPS (Instituto de Previsi\u00f3n Social de la provincia de Buenos Aires) que funcionar\u00e1<\/strong><strong>&nbsp;en las instalaciones de la Delegaci\u00f3n Municipal de Rivera de 8 a 14 hs., a partir del martes 26 de septiembre.<\/strong><\/p>\n\n\n\n<p><strong>En su discurso inaugural el Intendente Andres dijo: \u201cMuy buenos d\u00edas, hoy es un lunes de buenas noticias, de soluciones que llegan y de resultados que se logran trabajando en equipo. Es una alegr\u00eda estar inaugurando este CAP del IPS porque es acercar y simplificarles a los vecinos los tr\u00e1mites de Rivera, San Miguel, Gasc\u00f3n y Villa Maza que quieran comenzar con los tr\u00e1mites jubilatorios o pensiones\u201d, comenz\u00f3 diciendo el Intendente de Adolfo Alsina, Javier Andres.<\/strong><\/p>\n\n\n\n<p><strong>Y continu\u00f3: \u201cEsta tarea nosotros la ven\u00edamos realizando en Carhu\u00e9 con nuestra Delegada Previsional, Jimena Stork, a quien aprovecho para agradecerle el trabajo silencioso que viene realizando que es, nada m\u00e1s y nada menos, trabajar por los derechos que tienen los vecinos. Esto es el fruto de un trabajo conjunto en el que un vecino tendi\u00f3 un puente con el IPS, un concejal uni\u00f3 esos puntos y los Estados Provincial y Municipal tomaron la decisi\u00f3n de invertir y facilitar las condiciones para que esto suceda.\u201d<\/strong><\/p>\n\n\n\n<p><strong>Andres finaliz\u00f3 diciendo: \u201cEn mi gesti\u00f3n siempre vamos a trabajar para que estas buenas noticias sucedan, siempre trabajamos para ofrecerles m\u00e1s servicios a los vecinos de Adolfo Alsina, sin mezquindades, por eso cuando Fabio (Fern\u00e1ndez) me llam\u00f3 y me transmiti\u00f3 que estaba esta posibilidad, no lo dud\u00e9: pusimos a disposici\u00f3n el espacio, pusimos a disposici\u00f3n una empleada municipal que se capacitar\u00e1 y que est\u00e9 a cargo de esta oficina, como es Nancy a quien le deseo el mayor de los \u00e9xitos.\u201d<\/strong><\/p>\n\n\n\n<p><strong>\u201cHoy a mi me toca estar de Intendente, a Fabio de Concejal, pero todos somos vecinos de Adolfo Alsina y tenemos que trabajar para que estas cosas sucedan y as\u00ed ofrecerles m\u00e1s beneficios a los vecino. \u00a1Muchas gracias!.\u201d<\/strong><\/p>\n\n\n\n<p><strong>Estuvieron presentes: la Delegada Municipal de Rivera, Alba Jungblt, el Concejal Jorge Apud, la Concejal Ana Clara Uribe Echeverr\u00eda y el Concejal Fabio Fern\u00e1ndez.<\/strong><\/p>\n","protected":false},"excerpt":{"rendered":"<div class=\"mh-excerpt\"><p>El Intendente de Adolfo Alsina, Javier Andres, junto a la Directora Regional VI del Instituto de Previsi\u00f3n Social, Camila Lorenzo, inaugur\u00f3 el CAP (Centro de Atenci\u00f3n Previsional) dependiente del IPS (Instituto de Previsi\u00f3n Social de la provincia de Buenos Aires) que funcionar\u00e1&nbsp;en las instalaciones de la Delegaci\u00f3n Municipal de Rivera de 8 a 14 hs., a partir del martes 26 de septiembre. En su discurso inaugural el Intendente Andres dijo: \u201cMuy buenos d\u00edas, hoy es un lunes de buenas noticias, de soluciones que llegan y de resultados que se logran trabajando en equipo. Es una alegr\u00eda estar inaugurando este CAP <a class=\"mh-excerpt-more\" href=\"http:\/\/dsrmedios.com.ar\/diario\/archivos\/39726\" title=\"Andres y la Directora Regional VI del IPSinauguraron el CAP en Rivera\">[Leer m\u00e1s]<\/a><\/p>\n<\/div>","protected":false},"author":8,"featured_media":39727,"comment_status":"open","ping_status":"closed","sticky":false,"template":"","format":"standard","meta":{"_jetpack_newsletter_access":""},"categories":[18,31,5],"tags":[],"jetpack_featured_media_url":"http:\/\/dsrmedios.com.ar\/diario\/wp-content\/uploads\/2023\/09\/WhatsApp-Image-2023-09-25-at-13.56.57.jpeg","jetpack_sharing_enabled":true,"jetpack_shortlink":"https:\/\/wp.me\/p9fihK-akK","_links":{"self":[{"href":"http:\/\/dsrmedios.com.ar\/diario\/wp-json\/wp\/v2\/posts\/39726"}],"collection":[{"href":"http:\/\/dsrmedios.com.ar\/diario\/wp-json\/wp\/v2\/posts"}],"about":[{"href":"http:\/\/dsrmedios.com.ar\/diario\/wp-json\/wp\/v2\/types\/post"}],"author":[{"embeddable":true,"href":"http:\/\/dsrmedios.com.ar\/diario\/wp-json\/wp\/v2\/users\/8"}],"replies":[{"embeddable":true,"href":"http:\/\/dsrmedios.com.ar\/diario\/wp-json\/wp\/v2\/comments?post=39726"}],"version-history":[{"count":1,"href":"http:\/\/dsrmedios.com.ar\/diario\/wp-json\/wp\/v2\/posts\/39726\/revisions"}],"predecessor-version":[{"id":39728,"href":"http:\/\/dsrmedios.com.ar\/diario\/wp-json\/wp\/v2\/posts\/39726\/revisions\/39728"}],"wp:featuredmedia":[{"embeddable":true,"href":"http:\/\/dsrmedios.com.ar\/diario\/wp-json\/wp\/v2\/media\/39727"}],"wp:attachment":[{"href":"http:\/\/dsrmedios.com.ar\/diario\/wp-json\/wp\/v2\/media?parent=39726"}],"wp:term":[{"taxonomy":"category","embeddable":true,"href":"http:\/\/dsrmedios.com.ar\/diario\/wp-json\/wp\/v2\/categories?post=39726"},{"taxonomy":"post_tag","embeddable":true,"href":"http:\/\/dsrmedios.com.ar\/diario\/wp-json\/wp\/v2\/tags?post=39726"}],"curies":[{"name":"wp","href":"https:\/\/api.w.org\/{rel}","templated":true}]}}