{"id":39720,"date":"2023-09-25T13:20:27","date_gmt":"2023-09-25T16:20:27","guid":{"rendered":"http:\/\/dsrmedios.com.ar\/diario\/?p=39720"},"modified":"2023-09-25T13:20:31","modified_gmt":"2023-09-25T16:20:31","slug":"moratoria-para-pymes-y-beneficios-a-las-provincias-las-claves-de-los-nuevos-anuncios-economicos-de-massa","status":"publish","type":"post","link":"http:\/\/dsrmedios.com.ar\/diario\/archivos\/39720","title":{"rendered":"Moratoria para pymes y beneficios a las provincias: las claves de los nuevos anuncios econ\u00f3micos de Massa"},"content":{"rendered":"\n<p>El fin de semana que pas\u00f3, el ministro de Econom\u00eda y candidato presidencial,\u00a0<strong>Sergio Massa<\/strong>, realiz\u00f3 una serie de nuevos anuncios econ\u00f3micos que se suman a otros, que se hicieron p\u00fablicos d\u00edas atr\u00e1s, como las modificaciones para eliminar el impuesto a las Ganancias para los trabajadores (medida cuyo proyecto de ley paralelo ya tuvo media sanci\u00f3n en la c\u00e1mara de Diputados) y el programa \u201cCompre sin IVA\u201d, entre otras.<\/p>\n\n\n\n<p>Esta vez fue el turno de un moratoria impositiva para pymes, peque\u00f1os contribuyentes y entidades sin fines de lucro y un proyecto que propone, v\u00eda el presupuesto 2024, coparticipar los impuestos al cheque, al d\u00f3lar y las importaciones, para compensar montos que dejar\u00e1n de ingresar a las arcas de las provincias por ganancias.<\/p>\n\n\n\n<p>Estas son las claves de los anuncios del fin de semana.<\/p>\n\n\n\n<h2>Moratoria<\/h2>\n\n\n\n<p>Seg\u00fan Massa, el objetivo de esta medida es permitirle a las pymes \u201crecomponer su capital de trabajo, mejorar su perfil fiscal y evitar embargos en las cuentas bancarias\u201d.<\/p>\n\n\n\n<p>Se trata de un plan de pagos que permitir\u00e1 que 397.000 pymes, entidades sin fines de lucro y peque\u00f1os contribuyentes regularicen su situaci\u00f3n fiscal.<\/p>\n\n\n\n<p><strong>Alcance:\u00a0<\/strong>casi 400.000 beneficiarios, entre micro, peque\u00f1as y medianas empresas, peque\u00f1os contribuyentes y entidades sin fines de lucro de todo el pa\u00eds, que se encuentren en situaci\u00f3n de mora o incumplimiento con AFIP<\/p>\n\n\n\n<p><strong>Plan de pagos:<\/strong>&nbsp;es a diez a\u00f1os, en 120 cuotas mensuales, para obligaciones vencidas hasta el 31 de agosto pasado y permitir\u00e1 a los beneficiarios reformar planes de pago caducos por alguna raz\u00f3n, como incumplimiento.<\/p>\n\n\n\n<p><img decoding=\"async\" loading=\"lazy\" alt=\"El nuevo plan de pagos est\u00e1 destinado a 397.000 pymes, entidades sin fines de lucro y peque\u00f1os contribuyentes regularicen su situaci\u00f3n fiscal\" height=\"1080\" width=\"1920\" src=\"https:\/\/www.infobae.com\/new-resizer\/1f2RdnPy64mCfxP2L9fl8UimsbQ=\/arc-anglerfish-arc2-prod-infobae\/public\/6ZDG7DZBHFFKTFYTSKAI4CBW4I.jpg\" srcset=\"https:\/\/www.infobae.com\/new-resizer\/GIBEZeBoK_itYzEE59XWKq-Jh8U=\/420x236\/filters:format(webp):quality(85)\/cloudfront-us-east-1.images.arcpublishing.com\/infobae\/6ZDG7DZBHFFKTFYTSKAI4CBW4I.jpg 420w,https:\/\/www.infobae.com\/new-resizer\/sjmmGT9UiuQLbiOrjMRqfvugaEE=\/768x432\/filters:format(webp):quality(85)\/cloudfront-us-east-1.images.arcpublishing.com\/infobae\/6ZDG7DZBHFFKTFYTSKAI4CBW4I.jpg 768w,https:\/\/www.infobae.com\/new-resizer\/3kLYHcG9-iNseNPlNgYoSlc9BMk=\/992x558\/filters:format(webp):quality(85)\/cloudfront-us-east-1.images.arcpublishing.com\/infobae\/6ZDG7DZBHFFKTFYTSKAI4CBW4I.jpg 992w,https:\/\/www.infobae.com\/new-resizer\/CnpjRHvc3kHnrCoNrlOKdjv-uDk=\/1200x675\/filters:format(webp):quality(85)\/cloudfront-us-east-1.images.arcpublishing.com\/infobae\/6ZDG7DZBHFFKTFYTSKAI4CBW4I.jpg 1200w,https:\/\/www.infobae.com\/new-resizer\/1NrOClYPFTgUBu5c2qU7n3Sf19I=\/1440x810\/filters:format(webp):quality(85)\/cloudfront-us-east-1.images.arcpublishing.com\/infobae\/6ZDG7DZBHFFKTFYTSKAI4CBW4I.jpg 1440w\">El nuevo plan de pagos est\u00e1 destinado a 397.000 pymes, entidades sin fines de lucro y peque\u00f1os contribuyentes regularicen su situaci\u00f3n fiscal<\/p>\n\n\n\n<p><strong>Tasa de inter\u00e9s:<\/strong>&nbsp;4,14% mensual, apenas un tercio de la tasa de inflaci\u00f3n del 12,4% registrada el mes pasado.<\/p>\n\n\n\n<p><strong>Otros puntos:&nbsp;<\/strong>la medida tambi\u00e9n suspende las ejecuciones fiscales, la emisi\u00f3n de boletas de deuda y los embargos de la AFIP.<\/p>\n\n\n\n<p>La distribuci\u00f3n de alcanzados por este virtual blanqueo impositivo, seg\u00fan los c\u00e1lculos oficiales, ser\u00e1 la siguiente: unas 248.813 micro-empresas (62,7% del total de beneficiarios), 13.675 peque\u00f1as empresas (3,4%), 2.097 empresas medianas del \u201cTramo I\u201d (0,5%); 95.581 peque\u00f1os contribuyentes (24,1%) y 36.594 entidades sin fines de lucro (9,2%).<\/p>\n\n\n\n<h2>Coparticipaci\u00f3n<\/h2>\n\n\n\n<p>En la reuni\u00f3n que tuvo Massa con los gobernadores del Norte, propuso crear un mecanismo, a trav\u00e9s del Presupuesto 2024, para&nbsp;<strong>coparticipar<\/strong>&nbsp;parte de la recaudaci\u00f3n de<strong>&nbsp;dos impuestos<\/strong>&nbsp;para compensar las cuentas fiscales de las provincias, que se vieron afectadas por medidas como el cambio en&nbsp;<a href=\"https:\/\/www.infobae.com\/tag\/ganancias\/\"><strong>Ganancias<\/strong><\/a>.<\/p>\n\n\n\n<p><strong>\u00bfQu\u00e9 se buscar\u00e1?<\/strong>&nbsp;Que se incorpore a la masa coparticipable el&nbsp;<strong>25% de la recaudaci\u00f3n del impuesto al cheque y el 35% de la recaudaci\u00f3n del Impuesto PAIS<\/strong>. En lo que va del a\u00f1o ambos grav\u00e1menes le reportaron ingresos al fisco por&nbsp;2,1 billones de pesos.<\/p>\n\n\n\n<p>\u201cA tales fines, solicitamos expresamente se incluyan los importes respectivos en el proyecto de ley de presupuesto nacional del a\u00f1o 2024. El presente pedido se formula con el objetivo de compensar fiscalmente a las provincias debido a la merma de los recursos coparticipables que traer\u00eda aparejada la modificaci\u00f3n de la Ley de Impuesto a las Ganancias en la cuarta categor\u00eda\u201d, aseguraron los jefes provinciales en un comunicado.<\/p>\n\n\n\n<p><img decoding=\"async\" loading=\"lazy\" alt=\"Massa con los gobernadores del Norte del pa\u00eds\" height=\"1018\" width=\"1600\" src=\"https:\/\/www.infobae.com\/new-resizer\/D30vEozfbAf29A5-bFzouaVJXHc=\/arc-anglerfish-arc2-prod-infobae\/public\/MD7DHFHUQVCHVDMP4JJL5M6FXY.jpeg\" srcset=\"https:\/\/www.infobae.com\/new-resizer\/Q1C3tUj2bNj_aiLe8YF9AXekSTE=\/992x606\/filters:format(webp):quality(85)\/cloudfront-us-east-1.images.arcpublishing.com\/infobae\/MD7DHFHUQVCHVDMP4JJL5M6FXY.jpeg 992w\">Massa con los gobernadores del Norte del pa\u00eds<\/p>\n\n\n\n<p>De acuerdo a datos de la AFIP, hasta fines de agosto la recaudaci\u00f3n por<strong>&nbsp;impuesto al cheque<\/strong>&nbsp;alcanz\u00f3 los&nbsp;<strong>1,66 billones de pesos<\/strong>, lo que implica un incremento nominal de&nbsp;<strong>114%&nbsp;<\/strong>en comparaci\u00f3n con lo que hab\u00eda percibido el fisco a esa altura del a\u00f1o pasado. El&nbsp;<strong>PAIS<\/strong>&nbsp;(cuya sigla significa Impuesto para una Argentina Inclusiva y Solidaria) fue creado en febrero de 2020. Entre enero y agosto implic\u00f3&nbsp;<strong>$530.000 millones<\/strong>&nbsp;de ingresos al fisco, un 155% m\u00e1s que hace un a\u00f1o. Como comparaci\u00f3n, en los primeros ocho meses del a\u00f1o aport\u00f3 a la recaudaci\u00f3n de la AFIP apenas un poco menos que Bienes Personales, el principal tributo que grava los patrimonios. El PAIS comenz\u00f3, en ese momento, como un impuesto para la&nbsp;<strong>compra de divisas y consumos en d\u00f3lares (<\/strong>por ejemplo, con tarjetas). En julio de este a\u00f1o el PAIS tambi\u00e9n fue incorporado como un gravamen para la mayor\u00eda de las<strong>&nbsp;importaciones de bienes y servicios<\/strong>.<\/p>\n\n\n\n<p>Un trabajo reciente realizado por la Oficina de Presupuesto del Congreso (OPC), un organismo que se dedica a realizar estudios econ\u00f3micos de diversos tipos y que suele, por mandato, estimar los costos fiscales de los proyectos de ley que se discuten en el parlamento, midi\u00f3&nbsp;<strong>cu\u00e1l ser\u00eda el impacto<\/strong>&nbsp;que tendr\u00eda en las cuentas p\u00fablicas.<\/p>\n\n\n\n<p>\u201cTuvimos una reuni\u00f3n con los gobernadores del norte que tienen una enorme preocupaci\u00f3n por la discusi\u00f3n en materia de coparticipaci\u00f3n. Algunos (candidatos) plantean eliminarla. Por otro, (tienen) el temor por que la devoluci\u00f3n del IVA, la eliminaci\u00f3n de Ganancias para trabajadores tienen&nbsp;impacto en las cuentas&nbsp;de los gobiernos provinciales. Los gobernadores me han propuesto y vamos a incorporar como adenda al Presupuesto un mecanismo de coparticipaci\u00f3n de parte del impuesto al cheque y el impuesto PAIS para&nbsp;cuidar las cuentas&nbsp;de las provincias\u201d, mencion\u00f3 Massa.<\/p>\n\n\n\n<p>En el encuentro con Massa estuvieron&nbsp;<strong>Gustavo S\u00e1enz<\/strong>&nbsp;(Salta),&nbsp;<strong>Gerardo Morales<\/strong>&nbsp;(Jujuy),&nbsp;<strong>Gustavo Vald\u00e9s<\/strong>&nbsp;(Corrientes),&nbsp;<strong>Ricardo Quintela<\/strong>&nbsp;(La Rioja),&nbsp;<strong>Juan Manzur<\/strong>&nbsp;y&nbsp;<strong>Ra\u00fal Jalil<\/strong>&nbsp;(actual y electo en Tucum\u00e1n, respectivamente),<strong>&nbsp;Gerardo Zamora&nbsp;<\/strong>(Santiago del Estero),&nbsp;<strong>Gildo Insfr\u00e1n&nbsp;<\/strong>(Formosa) y&nbsp;<strong>Oscar Herrera Ahuad<\/strong>&nbsp;(Misiones).<\/p>\n\n\n\n<h2>Cr\u00e9ditos para monotributistas<\/h2>\n\n\n\n<p>Adem\u00e1s, Econom\u00eda puso en marcha la nueva l\u00ednea de financiamiento para microempresas del programa Cr\u00e9dito Argentino (CreAr), que ya se encuentra disponible en bancos p\u00fablicos y privados de todo el pa\u00eds para acompa\u00f1ar inversiones productivas de monotributistas.<\/p>\n\n\n\n<p>Son m\u00e1s de $15.000 millones que estar\u00e1n destinados a potenciar el perfil emprendedor.<\/p>\n\n\n\n<p>\u201cEsta nueva l\u00ednea de cr\u00e9ditos se enmarca en las \u00faltimas medidas que puso en marcha el ministro Sergio Massa y que apuntan a compensar el impacto de la devaluaci\u00f3n que nos impuso el FMI con medidas concretas para los trabajadores y trabajadores, las pymes y los monotributistas. Pero forma parte tambi\u00e9n del esp\u00edritu con el que lanzamos CreAr y que apunta a garantizar financiamiento para todo el ciclo de vida productivo, ya sea una gran empresa o un microemprendimiento que comienza a dar sus primeros pasos\u201d, destac\u00f3 el secretario de Industria y Desarrollo Productivo de la Naci\u00f3n,\u00a0<strong>Jos\u00e9 Ignacio de Mendiguren<\/strong>.<\/p>\n\n\n\n<p>Fuente: Infobae<\/p>\n","protected":false},"excerpt":{"rendered":"<div class=\"mh-excerpt\"><p>El fin de semana que pas\u00f3, el ministro de Econom\u00eda y candidato presidencial,\u00a0Sergio Massa, realiz\u00f3 una serie de nuevos anuncios econ\u00f3micos que se suman a otros, que se hicieron p\u00fablicos d\u00edas atr\u00e1s, como las modificaciones para eliminar el impuesto a las Ganancias para los trabajadores (medida cuyo proyecto de ley paralelo ya tuvo media sanci\u00f3n en la c\u00e1mara de Diputados) y el programa \u201cCompre sin IVA\u201d, entre otras. Esta vez fue el turno de un moratoria impositiva para pymes, peque\u00f1os contribuyentes y entidades sin fines de lucro y un proyecto que propone, v\u00eda el presupuesto 2024, coparticipar los impuestos al <a class=\"mh-excerpt-more\" href=\"http:\/\/dsrmedios.com.ar\/diario\/archivos\/39720\" title=\"Moratoria para pymes y beneficios a las provincias: las claves de los nuevos anuncios econ\u00f3micos de Massa\">[Leer m\u00e1s]<\/a><\/p>\n<\/div>","protected":false},"author":8,"featured_media":39721,"comment_status":"open","ping_status":"closed","sticky":false,"template":"","format":"standard","meta":{"_jetpack_newsletter_access":""},"categories":[6],"tags":[],"jetpack_featured_media_url":"http:\/\/dsrmedios.com.ar\/diario\/wp-content\/uploads\/2023\/09\/pymes-1597080.jpg","jetpack_sharing_enabled":true,"jetpack_shortlink":"https:\/\/wp.me\/p9fihK-akE","_links":{"self":[{"href":"http:\/\/dsrmedios.com.ar\/diario\/wp-json\/wp\/v2\/posts\/39720"}],"collection":[{"href":"http:\/\/dsrmedios.com.ar\/diario\/wp-json\/wp\/v2\/posts"}],"about":[{"href":"http:\/\/dsrmedios.com.ar\/diario\/wp-json\/wp\/v2\/types\/post"}],"author":[{"embeddable":true,"href":"http:\/\/dsrmedios.com.ar\/diario\/wp-json\/wp\/v2\/users\/8"}],"replies":[{"embeddable":true,"href":"http:\/\/dsrmedios.com.ar\/diario\/wp-json\/wp\/v2\/comments?post=39720"}],"version-history":[{"count":1,"href":"http:\/\/dsrmedios.com.ar\/diario\/wp-json\/wp\/v2\/posts\/39720\/revisions"}],"predecessor-version":[{"id":39722,"href":"http:\/\/dsrmedios.com.ar\/diario\/wp-json\/wp\/v2\/posts\/39720\/revisions\/39722"}],"wp:featuredmedia":[{"embeddable":true,"href":"http:\/\/dsrmedios.com.ar\/diario\/wp-json\/wp\/v2\/media\/39721"}],"wp:attachment":[{"href":"http:\/\/dsrmedios.com.ar\/diario\/wp-json\/wp\/v2\/media?parent=39720"}],"wp:term":[{"taxonomy":"category","embeddable":true,"href":"http:\/\/dsrmedios.com.ar\/diario\/wp-json\/wp\/v2\/categories?post=39720"},{"taxonomy":"post_tag","embeddable":true,"href":"http:\/\/dsrmedios.com.ar\/diario\/wp-json\/wp\/v2\/tags?post=39720"}],"curies":[{"name":"wp","href":"https:\/\/api.w.org\/{rel}","templated":true}]}}