{"id":39715,"date":"2023-09-25T13:14:11","date_gmt":"2023-09-25T16:14:11","guid":{"rendered":"http:\/\/dsrmedios.com.ar\/diario\/?p=39715"},"modified":"2023-09-25T13:14:15","modified_gmt":"2023-09-25T16:14:15","slug":"hotesur-los-sauces-tras-el-fallo-de-casacion-las-defensas-trabajan-en-las-apelaciones-y-el-caso-terminara-en-la-corte","status":"publish","type":"post","link":"http:\/\/dsrmedios.com.ar\/diario\/archivos\/39715","title":{"rendered":"Hotesur-Los Sauces: tras el fallo de Casaci\u00f3n, las defensas trabajan en las apelaciones y el caso terminar\u00e1 en la Corte"},"content":{"rendered":"\n<p>Tiempo de apelaciones. Tras el fallo que dict\u00f3 hace semana la\u00a0<strong>C\u00e1mara Federal de Casaci\u00f3n Penal<\/strong>\u00a0para que se realice el juicio oral y p\u00fablico por la causa \u201c<strong>Los Sauces-Hotesur\u201d<\/strong>, con la vicepresidenta Cristina Kirchner sentada en el banquillo, las defensas de los acusados preparan sus apelaciones con el objetivo de que la Corte Suprema de Justicia revierta la decisi\u00f3n. Mientras tanto, la fiscal\u00eda tambi\u00e9n podr\u00eda apelar\u00a0<a rel=\"noreferrer noopener\" href=\"https:\/\/www.infobae.com\/judiciales\/2023\/09\/19\/que-dice-el-fallo-que-reabrio-la-causa-hotesur-los-sauces-y-por-que-fue-sobreseida-florencia-kirchner\/\" target=\"_blank\">el sobreseimiento de Florencia Kirchner,<\/a>\u00a0la \u00fanica imputada a la que Casaci\u00f3n le mantuvo el sobreseimiento. \u201cSe est\u00e1 evaluando\u201d, se\u00f1alaron a<strong>\u00a0Infobae<\/strong>\u00a0fuentes del Ministerio P\u00fablico Fiscal sin querer dar pistas sobre los pr\u00f3ximos pasos a seguir.<\/p>\n\n\n\n<p>Es que&nbsp;<strong>el caso de Florencia abre un debate interno. Y, sobre todo, \u201cestrat\u00e9gico\u201d,&nbsp;<\/strong>comentaron a<strong>&nbsp;Infobae&nbsp;<\/strong>fuentes judiciales que observaron los \u00faltimos movimientos de la causa. \u00bfPor qu\u00e9? Los jueces de Casaci\u00f3n&nbsp;<strong>Daniel Petrone y Diego Barroetave\u00f1a<\/strong>&nbsp;entendieron que el criterio del Tribunal Oral Federal 5 para suspender el juicio oral y dictar sobreseimientos hab\u00eda sido \u201carbitrario\u201d. En su an\u00e1lisis, el fallo subray\u00f3 que en ese caso -\u201d<strong>con la instrucci\u00f3n suplementaria aun sustanci\u00e1ndose y sin un hecho novedoso relevante\u201d<\/strong>&nbsp;se le priv\u00f3 al Ministerio P\u00fablico \u201cde manera casi oficiosa\u201d de \u201cventilar en&nbsp;<strong>un juicio oral y p\u00fablico un caso de extrema gravedad institucional\u201d.<\/strong><\/p>\n\n\n\n<p>Seg\u00fan se resalt\u00f3, una vez iniciada la etapa de juicio, de acuerdo al art\u00edculo 361 del C\u00f3digo Procesal Penal, \u201cel sobreseimiento s\u00f3lo puede tener lugar cuando por nuevas pruebas se compruebe de manera evidente la inimputabilidad del acusado, cuando se advierta una causal extintiva de la acci\u00f3n penal cuya acreditaci\u00f3n pueda hacerse sin necesidad de llegar al juicio, cuando el imputado quede exento de pena en virtud de una ley penal m\u00e1s benigna; o bien cuando deja de activarse la acci\u00f3n en los delitos de instancia privada.\u201d<\/p>\n\n\n\n<p><img decoding=\"async\" loading=\"lazy\" alt=\"Los jueces Diego Barroetave\u00f1a y Daniel Petrone (Maximiliano Luna)\" height=\"1280\" width=\"1920\" src=\"https:\/\/www.infobae.com\/new-resizer\/UDCQmcg6U3umCo1Fgj_wNVfTfkk=\/arc-anglerfish-arc2-prod-infobae\/public\/Z5DRV6MA2JEDNJJ4GFXV2HBGDY.jpg\" srcset=\"https:\/\/www.infobae.com\/new-resizer\/9uLvEN7e2imii9l4D9ICiwq7YRA=\/420x280\/filters:format(webp):quality(85)\/cloudfront-us-east-1.images.arcpublishing.com\/infobae\/Z5DRV6MA2JEDNJJ4GFXV2HBGDY.jpg 420w,https:\/\/www.infobae.com\/new-resizer\/ySbgrP_1ifipm42N2ndy-p40BCY=\/768x512\/filters:format(webp):quality(85)\/cloudfront-us-east-1.images.arcpublishing.com\/infobae\/Z5DRV6MA2JEDNJJ4GFXV2HBGDY.jpg 768w,https:\/\/www.infobae.com\/new-resizer\/FwiGA0U_vHVACnlWtS9Ah8DE4AY=\/992x661\/filters:format(webp):quality(85)\/cloudfront-us-east-1.images.arcpublishing.com\/infobae\/Z5DRV6MA2JEDNJJ4GFXV2HBGDY.jpg 992w,https:\/\/www.infobae.com\/new-resizer\/oQg8JGpIgDh3_hqHJ-Q4mO1yQVY=\/1200x800\/filters:format(webp):quality(85)\/cloudfront-us-east-1.images.arcpublishing.com\/infobae\/Z5DRV6MA2JEDNJJ4GFXV2HBGDY.jpg 1200w,https:\/\/www.infobae.com\/new-resizer\/4dkD1fiXBVtEI-Mwep2yD4eCIEE=\/1440x960\/filters:format(webp):quality(85)\/cloudfront-us-east-1.images.arcpublishing.com\/infobae\/Z5DRV6MA2JEDNJJ4GFXV2HBGDY.jpg 1440w\">Los jueces Diego Barroetave\u00f1a y Daniel Petrone (Maximiliano Luna)<\/p>\n\n\n\n<p>Sin embargo,\u00a0<strong>para evaluar el caso de Florencia, los jueces de Casaci\u00f3n s\u00ed se metieron \u201cen la cuesti\u00f3n de fondo\u201d<\/strong>: \u201cla asociaci\u00f3n de la que Florencia Kirchner habr\u00eda formado parte se habr\u00eda conformado cuando aquella era una ni\u00f1a y al momento de su ingreso -tras el fallecimiento de su padre- las operaciones objetadas que se le atribuyen a esa organizaci\u00f3n ya se encontraban consolidadas, con su madre y hermano mayor con roles preponderantes, en un contexto donde el peso de la autoridad familiar no pod\u00eda serle indiferente\u201d.<\/p>\n\n\n\n<p>\u201cNo puede soslayarse, adem\u00e1s de su temprana edad; que no resulta controvertida su ajenidad al desempe\u00f1o en cargos p\u00fablicos y su formaci\u00f3n previa ajena a la actividad empresarial, circunstancias a las que se suman los lazos de afecto y confianza en juego, todos ellos datos objetivos evidentes de su historia vital, por lo que aparece en forma cierta, en definitiva, el condicionamiento que a su autonom\u00eda personal significaba el entorno donde transitaba su vida\u201d, se\u00f1ala el voto del juez Petrone.<\/p>\n\n\n\n<p>Es decir: Florencia no ten\u00eda \u201cun real poder de decisi\u00f3n sobre su actuaci\u00f3n y desenvolvimiento en la empresa familiar pues su rol habr\u00eda sido definido, siempre a modo de hip\u00f3tesis, por otras personas que, adem\u00e1s, manten\u00edan con ella una relaci\u00f3n asim\u00e9trica, puesto que se trataba, en parte, de sus progenitores y de su hermano mayor, lo que de por s\u00ed los colocaba en una situaci\u00f3n de autoridad\u201d, se a\u00f1adi\u00f3.<\/p>\n\n\n\n<p>Barroetave\u00f1a se sum\u00f3 al razonamiento, habl\u00f3 del legajo de salud de la joven y subray\u00f3 que \u201cprolongar el proceso implicar\u00eda una afectaci\u00f3n injustificada de la imputada que exceder\u00eda la mera incertidumbre que todo proceso penal de por s\u00ed trae aparejada hasta el dictado de la sentencia, esto m\u00e1xime si se repara en los padecimientos a la salud de Florencia Kirchner que han sido probados a lo largo del proceso\u201d.<\/p>\n\n\n\n<p><img decoding=\"async\" loading=\"lazy\" alt=\"El hotel Alto Calafate (NA)\" height=\"890\" width=\"1583\" src=\"https:\/\/www.infobae.com\/new-resizer\/cpzzTvqsGGUgF7luXTUivhcagpA=\/arc-anglerfish-arc2-prod-infobae\/public\/TYREOYEOYJHMTOURWRYZZSXJLQ.jpg\" srcset=\"https:\/\/www.infobae.com\/new-resizer\/CvmJRzPmCwct0IAoOYaLWGZrn9I=\/420x236\/filters:format(webp):quality(85)\/cloudfront-us-east-1.images.arcpublishing.com\/infobae\/TYREOYEOYJHMTOURWRYZZSXJLQ.jpg 420w,https:\/\/www.infobae.com\/new-resizer\/mHxAbnYigoFmNkwZ7fXvirOA-dA=\/768x432\/filters:format(webp):quality(85)\/cloudfront-us-east-1.images.arcpublishing.com\/infobae\/TYREOYEOYJHMTOURWRYZZSXJLQ.jpg 768w,https:\/\/www.infobae.com\/new-resizer\/vHz02stheVGOWV_1CMApJvDLOdw=\/992x558\/filters:format(webp):quality(85)\/cloudfront-us-east-1.images.arcpublishing.com\/infobae\/TYREOYEOYJHMTOURWRYZZSXJLQ.jpg 992w,https:\/\/www.infobae.com\/new-resizer\/twy4OeFBxosWqYVKVpSdECxqE_E=\/1200x675\/filters:format(webp):quality(85)\/cloudfront-us-east-1.images.arcpublishing.com\/infobae\/TYREOYEOYJHMTOURWRYZZSXJLQ.jpg 1200w,https:\/\/www.infobae.com\/new-resizer\/Ov87R8F0gf30TU7TYq-briEj07M=\/1440x810\/filters:format(webp):quality(85)\/cloudfront-us-east-1.images.arcpublishing.com\/infobae\/TYREOYEOYJHMTOURWRYZZSXJLQ.jpg 1440w\">El hotel Alto Calafate (NA)<\/p>\n\n\n\n<p>Fuentes judiciales se\u00f1alaron a&nbsp;<strong>Infobae&nbsp;<\/strong>que la fiscal\u00eda podr\u00eda entender el fallo de Casaci\u00f3n como&nbsp;<strong>\u201ccontradictorio\u201d<\/strong>&nbsp;en relaci\u00f3n a Florencia y el resto de los implicados. Sin embargo, advert\u00edan que ser\u00e1 una decisi\u00f3n del Ministerio P\u00fablico apelar en t\u00e9rminos estrat\u00e9gicos. Las querellas que existieron en la causa durante la gesti\u00f3n macrista, como la Oficina Anticorrupci\u00f3n o la Unidad de Informaci\u00f3n Financiera, o abandonaron la causa o consintieron los sobreseimientos en la gesti\u00f3n actual.<\/p>\n\n\n\n<p>\u201cCon las apelaciones de las defensas se puede entender que no hay sentencia definitiva, pero una apelaci\u00f3n sobre Florencia implicar\u00eda que la Corte Suprema se tenga que pronunciar sobre el fondo de la causa y as\u00ed tambi\u00e9n generar una nueva demora de cara al juicio oral. Ya se perdieron dos a\u00f1os\u201d, se\u00f1alaban a&nbsp;<strong>Infobae&nbsp;<\/strong>en los pasillos de Comodoro Py 2002.<\/p>\n\n\n\n<p>Las defensas, en tanto, preparan las apelaciones al fallo que fren\u00f3 los sobreseimientos que hab\u00eda dictado el TOF. Tienen 10 d\u00edas h\u00e1biles desde que se dict\u00f3 la resoluci\u00f3n para presentar sus recursos ante la propia Casaci\u00f3n. El tribunal puede conceder o rechazar el recurso; y all\u00ed las defensas ir en queja a la Corte Suprema.<\/p>\n\n\n\n<p>El abogado&nbsp;<strong>Carlos Beraldi,<\/strong>&nbsp;defensor de la vicepresidenta, ya adelant\u00f3 que, adem\u00e1s de insistir en la inocencia de su clienta y la inexistencia de delito, uno de los argumentos sobre los que se basar\u00e1 es que<strong>&nbsp;debieron haber sido tres jueces los que analizar\u00e1n la cuesti\u00f3n en Casaci\u00f3n.<\/strong><\/p>\n\n\n\n<p><strong>Ana Mar\u00eda Figueroa<\/strong>, quien integr\u00f3 la Sala I de Casaci\u00f3n hasta el 9 de agosto \u00faltimo, cuando cumpli\u00f3 75 a\u00f1os, fue parte de las deliberaciones, pero su voto no est\u00e1 en el fallo porque la&nbsp;<strong>Corte Suprema&nbsp;<\/strong>estableci\u00f3 que su funci\u00f3n hab\u00eda terminado el d\u00eda de su cumplea\u00f1os. El oficialismo en el Senado, que busc\u00f3 convalidarla por cinco a\u00f1os m\u00e1s, intentar\u00e1 esta semana volver a la carga, pese a que la magistrada ya abandon\u00f3 su despacho del primer piso de Comodoro Py 2002.<\/p>\n\n\n\n<p><img decoding=\"async\" loading=\"lazy\" alt=\"La jueza Adriana Palliotti\" height=\"433\" width=\"770\" src=\"https:\/\/www.infobae.com\/new-resizer\/5R3fJNclk-NAGLhIis-HRIvcpvE=\/arc-anglerfish-arc2-prod-infobae\/public\/46WNZTQSNRF25EGS53BZKNE2II.jpg\" srcset=\"https:\/\/www.infobae.com\/new-resizer\/8XWJubu6VAgpgyU2AxY9fT1S9WI=\/420x236\/filters:format(webp):quality(85)\/cloudfront-us-east-1.images.arcpublishing.com\/infobae\/46WNZTQSNRF25EGS53BZKNE2II.jpg 420w,https:\/\/www.infobae.com\/new-resizer\/C2G5gBYw1HXp7NCtkP5ED-hD-SQ=\/768x432\/filters:format(webp):quality(85)\/cloudfront-us-east-1.images.arcpublishing.com\/infobae\/46WNZTQSNRF25EGS53BZKNE2II.jpg 768w,https:\/\/www.infobae.com\/new-resizer\/vqhdyvho_kZTTMlx5OQTFnYTo2c=\/992x558\/filters:format(webp):quality(85)\/cloudfront-us-east-1.images.arcpublishing.com\/infobae\/46WNZTQSNRF25EGS53BZKNE2II.jpg 992w,https:\/\/www.infobae.com\/new-resizer\/apJaUdwqhtQBXvo4EoJ5beimjMY=\/1200x675\/filters:format(webp):quality(85)\/cloudfront-us-east-1.images.arcpublishing.com\/infobae\/46WNZTQSNRF25EGS53BZKNE2II.jpg 1200w,https:\/\/www.infobae.com\/new-resizer\/rGNDodVObJwVabIux-QyEFVMW34=\/1440x810\/filters:format(webp):quality(85)\/cloudfront-us-east-1.images.arcpublishing.com\/infobae\/46WNZTQSNRF25EGS53BZKNE2II.jpg 1440w\">La jueza Adriana Palliotti<\/p>\n\n\n\n<p>La jueza que s\u00ed se qued\u00f3 en la causa fue&nbsp;<strong>Adriana Palliotti,&nbsp;<\/strong>integrante del Tribunal Oral Federal 5, quien a contramarcha de sus colegas Daniel Obligado y Adri\u00e1n Gr\u00fcmberg opin\u00f3 en 2021 que el juicio deb\u00eda hacerse.<\/p>\n\n\n\n<p><strong>\u201cFue un voto sumamente sencillo.<\/strong>&nbsp;Lo \u00fanico era aplicar el C\u00f3digo Procesal Penal de la Naci\u00f3n que indica que hay que llegar al debate. Entend\u00ed que no hab\u00eda aqu\u00ed prueba nueva. Las partes hac\u00edan hincapi\u00e9 sobre una pericia inconclusa y una pericia contable que a\u00fan est\u00e1 en desarrollo. Dif\u00edcilmente se pueda llegar a una conclusi\u00f3n (de un sobreseimiento) con pruebas que no estaban terminadas y que estaban cuestionadas por la fiscal\u00eda\u201d, dijo este domingo al programa&nbsp;<em>\u201cYo no fui\u201d&nbsp;<\/em>en Radio con Vos, al hablar por primera vez p\u00fablicamente.<\/p>\n\n\n\n<p>La jueza se\u00f1al\u00f3 que esta semana se resolver\u00e1 qui\u00e9nes la acompa\u00f1ar\u00e1n en un futuro juicio. Sus colegas que votaron por el sobreseimiento ya fueron apartados. Es posible que se le pida a Casaci\u00f3n que \u201cintegre\u201d el tribunal. Hoy hay un juez, Fernando Canero, que act\u00faa en la vacante que tiene el TOF 5, pero termina su subrogancia a fines de noviembre.<\/p>\n\n\n\n<p>Las causas \u201cLos Sauces-Hotesur\u201d\u00a0<strong>tiene 27 acusados<\/strong>, entre los que est\u00e1n\u00a0<strong>Cristina Kirchner,\u00a0<\/strong>su hijo\u00a0<strong>M\u00e1ximo<\/strong>, allegados directos, ex funcionarios y empresarios privados que participaron de lo que la justicia de instrucci\u00f3n calific\u00f3 como\u00a0<strong>\u201cun esquema de reciclaje de fondos de origen il\u00edcito\u201d.\u00a0<\/strong>Lo que se investiga en el caso es si a trav\u00e9s de las sociedades \u201cLos Sauces\u201d y \u201cHotesur\u201d se canalizaron fondos del Estado nacional de manera ilegal. Puntualmente, a trav\u00e9s de contratos de alquileres. Las dos empresas fueron creadas por N\u00e9stor y Cristina Kirchner y de sus directorios formaban parte sus hijos, M\u00e1ximo y Florencia. \u201cHotesur\u201d era la compa\u00f1\u00eda propiedad de hoteles de los Kirchner como \u201cAlto Calafate\u201d o \u201cLas Dunas\u201d que administraba el empresario\u00a0<strong>L\u00e1zaro B\u00e1ez<\/strong>\u00a0a trav\u00e9s de su empresa \u201cValle Mitre\u201d. \u201cLos Sauces\u201d era una compa\u00f1\u00eda similar pero que alquilaba viviendas y departamentos de los Kirchner tanto en la provincia de Santa Cruz como en la ciudad de Buenos Aires.<\/p>\n\n\n\n<p>Fuente: Infobae<\/p>\n","protected":false},"excerpt":{"rendered":"<div class=\"mh-excerpt\"><p>Tiempo de apelaciones. Tras el fallo que dict\u00f3 hace semana la\u00a0C\u00e1mara Federal de Casaci\u00f3n Penal\u00a0para que se realice el juicio oral y p\u00fablico por la causa \u201cLos Sauces-Hotesur\u201d, con la vicepresidenta Cristina Kirchner sentada en el banquillo, las defensas de los acusados preparan sus apelaciones con el objetivo de que la Corte Suprema de Justicia revierta la decisi\u00f3n. Mientras tanto, la fiscal\u00eda tambi\u00e9n podr\u00eda apelar\u00a0el sobreseimiento de Florencia Kirchner,\u00a0la \u00fanica imputada a la que Casaci\u00f3n le mantuvo el sobreseimiento. \u201cSe est\u00e1 evaluando\u201d, se\u00f1alaron a\u00a0Infobae\u00a0fuentes del Ministerio P\u00fablico Fiscal sin querer dar pistas sobre los pr\u00f3ximos pasos a seguir. Es que&nbsp;el <a class=\"mh-excerpt-more\" href=\"http:\/\/dsrmedios.com.ar\/diario\/archivos\/39715\" title=\"Hotesur-Los Sauces: tras el fallo de Casaci\u00f3n, las defensas trabajan en las apelaciones y el caso terminar\u00e1 en la Corte\">[Leer m\u00e1s]<\/a><\/p>\n<\/div>","protected":false},"author":8,"featured_media":32020,"comment_status":"open","ping_status":"closed","sticky":false,"template":"","format":"standard","meta":{"_jetpack_newsletter_access":""},"categories":[6],"tags":[],"jetpack_featured_media_url":"http:\/\/dsrmedios.com.ar\/diario\/wp-content\/uploads\/2023\/04\/VEBWECDS52OGNDQUNSUHBYGXZQ.jpg","jetpack_sharing_enabled":true,"jetpack_shortlink":"https:\/\/wp.me\/p9fihK-akz","_links":{"self":[{"href":"http:\/\/dsrmedios.com.ar\/diario\/wp-json\/wp\/v2\/posts\/39715"}],"collection":[{"href":"http:\/\/dsrmedios.com.ar\/diario\/wp-json\/wp\/v2\/posts"}],"about":[{"href":"http:\/\/dsrmedios.com.ar\/diario\/wp-json\/wp\/v2\/types\/post"}],"author":[{"embeddable":true,"href":"http:\/\/dsrmedios.com.ar\/diario\/wp-json\/wp\/v2\/users\/8"}],"replies":[{"embeddable":true,"href":"http:\/\/dsrmedios.com.ar\/diario\/wp-json\/wp\/v2\/comments?post=39715"}],"version-history":[{"count":1,"href":"http:\/\/dsrmedios.com.ar\/diario\/wp-json\/wp\/v2\/posts\/39715\/revisions"}],"predecessor-version":[{"id":39716,"href":"http:\/\/dsrmedios.com.ar\/diario\/wp-json\/wp\/v2\/posts\/39715\/revisions\/39716"}],"wp:featuredmedia":[{"embeddable":true,"href":"http:\/\/dsrmedios.com.ar\/diario\/wp-json\/wp\/v2\/media\/32020"}],"wp:attachment":[{"href":"http:\/\/dsrmedios.com.ar\/diario\/wp-json\/wp\/v2\/media?parent=39715"}],"wp:term":[{"taxonomy":"category","embeddable":true,"href":"http:\/\/dsrmedios.com.ar\/diario\/wp-json\/wp\/v2\/categories?post=39715"},{"taxonomy":"post_tag","embeddable":true,"href":"http:\/\/dsrmedios.com.ar\/diario\/wp-json\/wp\/v2\/tags?post=39715"}],"curies":[{"name":"wp","href":"https:\/\/api.w.org\/{rel}","templated":true}]}}