{"id":39705,"date":"2023-09-25T13:05:59","date_gmt":"2023-09-25T16:05:59","guid":{"rendered":"http:\/\/dsrmedios.com.ar\/diario\/?p=39705"},"modified":"2023-09-25T13:06:27","modified_gmt":"2023-09-25T16:06:27","slug":"un-agujero-gigante-en-la-capa-de-ozono-se-ubico-sobre-argentina-y-seria-el-mas-extenso-desde-2015","status":"publish","type":"post","link":"http:\/\/dsrmedios.com.ar\/diario\/archivos\/39705","title":{"rendered":"Un agujero gigante en la capa de ozono se ubic\u00f3 sobre Argentina y ser\u00eda el m\u00e1s extenso desde 2015"},"content":{"rendered":"\n<p>El \u201c<strong>agujero de ozono<\/strong>\u201d es el&nbsp;<strong>adelgazamiento de la capa de ozono<\/strong>&nbsp;que se produce sobre la&nbsp;<strong>Ant\u00e1rtida<\/strong>&nbsp;entre la&nbsp;<strong>primavera y el verano<\/strong>. Puede abarcar tambi\u00e9n a Sudam\u00e9rica, especialmente el sur de la Argentina y Chile, como ocurri\u00f3 el&nbsp;<strong>jueves y el viernes<\/strong>&nbsp;\u00faltimos, seg\u00fan inform\u00f3 el&nbsp;<strong>Servicio Meteorol\u00f3gico Nacional<\/strong>.<\/p>\n\n\n\n<figure class=\"wp-block-image\"><img decoding=\"async\" src=\"https:\/\/www.infobae.com\/new-resizer\/huNnre5DHzitr5w4Dz-MC88Ugc4=\/filters:format(webp):quality(85)\/cloudfront-us-east-1.images.arcpublishing.com\/infobae\/PDO7SPL535CWREPHG5YH337JH4.jpg\" alt=\"\"\/><\/figure>\n\n\n\n<p>Se sospecha que<strong>&nbsp;el&nbsp;<\/strong><a rel=\"noreferrer noopener\" href=\"https:\/\/www.infobae.com\/america\/medio-ambiente\/2023\/09\/16\/como-impacto-en-el-agujero-de-ozono-la-erupcion-volcanica-en-tonga\/#:~:text=Por%20las%20emisiones%20humanas%20durante,del%20volc%C3%A1n%20Tonga%20en%202022\" target=\"_blank\"><strong>agujero de ozono de 2023 podr\u00eda ser el m\u00e1s grande desde 2015<\/strong>.&nbsp;<\/a>En la primera semana de octubre podr\u00eda avanzar nuevamente sobre el territorio argentino, aunque todav\u00eda no est\u00e1 confirmado, seg\u00fan se\u00f1al\u00f3 a&nbsp;<strong>Infobae<\/strong>&nbsp;la comunicadora del SMN,&nbsp;<strong>Cindy Fern\u00e1ndez<\/strong>.<\/p>\n\n\n\n<p>Al reducirse la protecci\u00f3n por la capa de ozono,&nbsp;<strong>se aumenta el riesgo de da\u00f1os para las personas ante la exposici\u00f3n a los rayos ultravioletas del Sol<\/strong>. Por eso, se necesita usar sombrero, anteojos de sol adecuados y protector solar.<\/p>\n\n\n\n<p>0 seconds of 50 secondsVolume 100%La capa de ozono est\u00e1 en camino de recuperarse en los pr\u00f3ximos cuatro decenios por la eliminaci\u00f3n progresiva a escala mundial de las sustancias qu\u00edmicas que agotan la capa de ozono Cr\u00e9dito: Serv. Meteorol\u00f3gico Nacional<\/p>\n\n\n\n<p>De acuerdo con el&nbsp;<strong>Servicio de Vigilancia de la Atm\u00f3sfera de Copernicus (CAMS)<\/strong>&nbsp;de la&nbsp;<strong>Uni\u00f3n Europea<\/strong>, el agujero de ozono ant\u00e1rtico de 2023 ha tenido un comienzo temprano.<\/p>\n\n\n\n<p>El seguimiento permiti\u00f3 detectar un desarrollo m\u00e1s temprano que la media en agosto de 2023. Alcanz\u00f3 r\u00e1pidamente un \u00e1rea de m\u00e1s de 16 millones de kil\u00f3metros a partir del 29 de agosto.<\/p>\n\n\n\n<h2>Qu\u00e9 es el agujero de ozono<\/h2>\n\n\n\n<p><img decoding=\"async\" loading=\"lazy\" alt=\"La capa de ozono sirve como escudo para proteger a la Tierra contra las da\u00f1inas radiaciones ultravioletas del sol\/Archivo\" height=\"1305\" width=\"1940\" src=\"https:\/\/www.infobae.com\/new-resizer\/Eo3w9_sIrzeDZEJhCrv8uumspWY=\/arc-anglerfish-arc2-prod-infobae\/public\/NZ7Y2O7FENHYTK3TRECBPH5RCA.jpg\" srcset=\"https:\/\/www.infobae.com\/new-resizer\/BkpTmPPEJ6hXld_NvzWQK7GwpeI=\/420x280\/filters:format(webp):quality(85)\/cloudfront-us-east-1.images.arcpublishing.com\/infobae\/NZ7Y2O7FENHYTK3TRECBPH5RCA.jpg 420w,https:\/\/www.infobae.com\/new-resizer\/k_djj8BxTL3UFkYT-S0ELAw5Ua4=\/768x512\/filters:format(webp):quality(85)\/cloudfront-us-east-1.images.arcpublishing.com\/infobae\/NZ7Y2O7FENHYTK3TRECBPH5RCA.jpg 768w,https:\/\/www.infobae.com\/new-resizer\/81GJRAfDTyR4e8yQakYmQXJk_0c=\/992x661\/filters:format(webp):quality(85)\/cloudfront-us-east-1.images.arcpublishing.com\/infobae\/NZ7Y2O7FENHYTK3TRECBPH5RCA.jpg 992w,https:\/\/www.infobae.com\/new-resizer\/ynuYogW49sBBtITRxQYRpxbR2tg=\/1200x800\/filters:format(webp):quality(85)\/cloudfront-us-east-1.images.arcpublishing.com\/infobae\/NZ7Y2O7FENHYTK3TRECBPH5RCA.jpg 1200w,https:\/\/www.infobae.com\/new-resizer\/MoqErPLUUVCgw2nvnheabHLSZ_o=\/1440x960\/filters:format(webp):quality(85)\/cloudfront-us-east-1.images.arcpublishing.com\/infobae\/NZ7Y2O7FENHYTK3TRECBPH5RCA.jpg 1440w\">La capa de ozono sirve como escudo para proteger a la Tierra contra las da\u00f1inas radiaciones ultravioletas del sol\/Archivo<\/p>\n\n\n\n<p>La vida terrestre ha sido protegida durante millones de a\u00f1os por una capa de veneno vital en la atm\u00f3sfera que est\u00e1 compuesta de ozono. Sirve como escudo para proteger a la Tierra contra las da\u00f1inas radiaciones ultravioletas del sol.<\/p>\n\n\n\n<p>La columna total de ozono se expresa habitualmente en&nbsp;<strong>Unidades Dobson<\/strong>. Cuando esos valores est\u00e1n por debajo de las 220 unidades se habla de la presencia de \u201cagujero de ozono\u201d. Se le llama as\u00ed porque en las im\u00e1genes satelitales el \u00e1rea se ve de forma circular.<\/p>\n\n\n\n<p>Cuando el \u00e1rea del \u201cagujero\u201d aumenta, el extremo sur de Sudam\u00e9rica puede quedar bajo la influencia de masas de aire pobres en ozono, provenientes de la Ant\u00e1rtida.<\/p>\n\n\n\n<p>Los valores m\u00ednimos de la columna de ozono han sido<strong>&nbsp;inferiores al promedio durante gran parte de julio y agosto,&nbsp;<\/strong>pero ahora est\u00e1n volviendo a valores m\u00e1s t\u00edpicos a medida que aumenta el \u00e1rea del agujero de ozono.<\/p>\n\n\n\n<p><img decoding=\"async\" loading=\"lazy\" alt=\"Este a\u00f1o el agujero de ozono &quot;ha comenzado inusualmente pronto, siguiendo a lo largo de julio algunos de los valores m\u00ednimos m\u00e1s bajos de ozono total en columna para el Hemisferio Sur en las \u00faltimas cuatro d\u00e9cadas&quot;\n\n(Getty)\" height=\"941\" width=\"1920\" src=\"https:\/\/www.infobae.com\/new-resizer\/qbrXZffFBWVUdYi-UP5xKHm0q5Q=\/arc-anglerfish-arc2-prod-infobae\/public\/YR74CLM4GJC5NEOMHSFHFTC7I4.jpg\" srcset=\"https:\/\/www.infobae.com\/new-resizer\/hN6KsLm_3xswSxZFRIZ28kZtPLQ=\/420x187\/filters:format(webp):quality(85)\/cloudfront-us-east-1.images.arcpublishing.com\/infobae\/YR74CLM4GJC5NEOMHSFHFTC7I4.jpg 420w,https:\/\/www.infobae.com\/new-resizer\/n5RBiUX_N1IYKcd7rCkBnnMoVb0=\/768x341\/filters:format(webp):quality(85)\/cloudfront-us-east-1.images.arcpublishing.com\/infobae\/YR74CLM4GJC5NEOMHSFHFTC7I4.jpg 768w,https:\/\/www.infobae.com\/new-resizer\/BHyDX-AovDQnJ7hGQt-dE5utTgQ=\/992x441\/filters:format(webp):quality(85)\/cloudfront-us-east-1.images.arcpublishing.com\/infobae\/YR74CLM4GJC5NEOMHSFHFTC7I4.jpg 992w,https:\/\/www.infobae.com\/new-resizer\/wm3It9h0hfYk-BuQw00Gq9r1UUQ=\/1200x533\/filters:format(webp):quality(85)\/cloudfront-us-east-1.images.arcpublishing.com\/infobae\/YR74CLM4GJC5NEOMHSFHFTC7I4.jpg 1200w\">Este a\u00f1o el agujero de ozono &#8220;ha comenzado inusualmente pronto, siguiendo a lo largo de julio algunos de los valores m\u00ednimos m\u00e1s bajos de ozono total en columna para el Hemisferio Sur en las \u00faltimas cuatro d\u00e9cadas&#8221; (Getty)<\/p>\n\n\n\n<h2>Qu\u00e9 pasa con el agujero de ozono en 2023<\/h2>\n\n\n\n<p>En condiciones normales en la estratosfera del hemisferio sur, el agujero comienza a formarse a mediados o finales de agosto, cuando el Sol se eleva sobre el Polo Sur, y se cierra hacia finales de noviembre.<\/p>\n\n\n\n<p>Pero en 2023 \u2014seg\u00fan los an\u00e1lisis de los expertos de CAMS\u2014 el desarrollo ha comenzado inusualmente pronto, siguiendo a lo largo de julio algunos de los&nbsp;<strong>valores m\u00ednimos m\u00e1s bajos de ozono total en columna para el Hemisferio Sur en las \u00faltimas cuatro d\u00e9cadas.<\/strong><\/p>\n\n\n\n<p>\u201cSu \u00e1rea total es actualmente relativamente alta, aunque su progresi\u00f3n ha seguido un patr\u00f3n de crecimiento bastante t\u00edpico\u201d, afirmaron los especialistas europeos en un reporte.<\/p>\n\n\n\n<p>\u201c<strong>El desarrollo del agujero de ozono de 2023 es el d\u00e9cimo mayor para agosto<\/strong>&nbsp;en el conjunto de datos de 43 a\u00f1os. El \u00e1rea del agujero de ozono y los datos m\u00ednimos de la columna de ozono mostraron importantes \u00e1reas de bajo ozono a principios de julio, que s\u00f3lo se han registrado una docena de veces en las \u00faltimas cuatro d\u00e9cadas\u201d, escribieron.<\/p>\n\n\n\n<p><img decoding=\"async\" loading=\"lazy\" alt=\"La erupci\u00f3n del volc\u00e1n Hunga Tonga en diciembre de 2021 y enero de 2022 llev\u00f3 a que el agujero de ozono se produjera antes en 2023\/Archivo \" height=\"2362\" width=\"2362\" src=\"https:\/\/www.infobae.com\/new-resizer\/BxX7zulJpcKBlKKAcrVRistiHRQ=\/arc-anglerfish-arc2-prod-infobae\/public\/QHVXCEQV4JQIJ6WGXDU2FFN4QI.jpg\" srcset=\"https:\/\/www.infobae.com\/new-resizer\/MsuEaJcfXTtVAbLBm_ktR0Yae2k=\/420x420\/filters:format(webp):quality(85)\/cloudfront-us-east-1.images.arcpublishing.com\/infobae\/QHVXCEQV4JQIJ6WGXDU2FFN4QI.jpg 420w,https:\/\/www.infobae.com\/new-resizer\/cnvh0GZrq_kvw3gFG4Bvnl-4szk=\/768x768\/filters:format(webp):quality(85)\/cloudfront-us-east-1.images.arcpublishing.com\/infobae\/QHVXCEQV4JQIJ6WGXDU2FFN4QI.jpg 768w,https:\/\/www.infobae.com\/new-resizer\/cggojSq_nfiu0roiLCUYovg1ucE=\/992x992\/filters:format(webp):quality(85)\/cloudfront-us-east-1.images.arcpublishing.com\/infobae\/QHVXCEQV4JQIJ6WGXDU2FFN4QI.jpg 992w,https:\/\/www.infobae.com\/new-resizer\/lmfgWpwprMg6qQSMf8KRhd_9Mao=\/1200x1200\/filters:format(webp):quality(85)\/cloudfront-us-east-1.images.arcpublishing.com\/infobae\/QHVXCEQV4JQIJ6WGXDU2FFN4QI.jpg 1200w,https:\/\/www.infobae.com\/new-resizer\/keF7Lj2Z9rPnH_1xDg_48P8_K7s=\/1440x1440\/filters:format(webp):quality(85)\/cloudfront-us-east-1.images.arcpublishing.com\/infobae\/QHVXCEQV4JQIJ6WGXDU2FFN4QI.jpg 1440w\">La erupci\u00f3n del volc\u00e1n Hunga Tonga en diciembre de 2021 y enero de 2022 llev\u00f3 a que el agujero de ozono se produjera antes en 2023\/Archivo<\/p>\n\n\n\n<p>Una de las posibles razones que podr\u00edan explicar este inusual comienzo de la temporada de agujeros de ozono es el aumento de vapor de agua aportado a la atm\u00f3sfera por la erupci\u00f3n del volc\u00e1n&nbsp;<strong>Hunga Tonga<\/strong>&nbsp;en diciembre de 2021 y enero de 2022.<\/p>\n\n\n\n<p>Este mecanismo tiene lugar porque el agotamiento del ozono se ve alimentado por los procesos qu\u00edmicos que se producen en las nubes estratosf\u00e9ricas polares. Esas nubes tienen m\u00e1s probabilidades de formarse cuando los niveles de vapor de agua en la estratosfera son elevados.<\/p>\n\n\n\n<p>Tambi\u00e9n se aclar\u00f3 que las sustancias que agotan la capa de ozono que se han acumulado en la estratosfera y provocan una&nbsp;<strong>dr\u00e1stica disminuci\u00f3n de la concentraci\u00f3n de ozono sobre la Ant\u00e1rtida en primavera cada a\u00f1o son principalmente de origen humano&nbsp;<\/strong>y hab\u00edan sido emitidas por diversas industrias desde los a\u00f1os sesenta\u201d.<\/p>\n\n\n\n<p>Desde la adopci\u00f3n del&nbsp;<strong>Protocolo de Montreal<\/strong>&nbsp;en 1987, que elimin\u00f3 progresivamente las nuevas emisiones, las concentraciones de las sustancias en la estratosfera se han frenado y hay signos significativos de recuperaci\u00f3n de la capa de ozono.<\/p>\n\n\n\n<p>Las sustancias afectar\u00e1n a la capa de ozono durante muchas d\u00e9cadas, ya que se tarda mucho tiempo en ser eliminadas de la atm\u00f3sfera.&nbsp;<a rel=\"noreferrer noopener\" href=\"https:\/\/www.infobae.com\/america\/ciencia-america\/2023\/01\/09\/la-onu-afirmo-que-el-agujero-de-la-capa-de-ozono-se-cerrara-completamente-en-2066\/\" target=\"_blank\">Se espera que en<strong>&nbsp;50 a\u00f1os<\/strong>&nbsp;sus concentraciones&nbsp;<\/a>en la estratosfera hayan vuelto a los niveles preindustriales y&nbsp;<strong>ya no se experimenten agujeros de ozono.<\/strong><\/p>\n\n\n\n<p><img decoding=\"async\" loading=\"lazy\" alt=\"Vincent-Henri Peuch es el director del Servicio de Monitoreo de la Atm\u00f3sfera Copernicus, con apoyo de la Uni\u00f3n Europea\" height=\"3464\" width=\"5196\" src=\"https:\/\/www.infobae.com\/new-resizer\/qJoBnag7fQRgkoDHGmavRPMijzU=\/arc-anglerfish-arc2-prod-infobae\/public\/JLGYYG5E3BBDDKXDFUT2MS3S3Q.jpg\" srcset=\"https:\/\/www.infobae.com\/new-resizer\/qGMbOmcmvuwsUZGkd94uFFny3Ls=\/420x280\/filters:format(webp):quality(85)\/cloudfront-us-east-1.images.arcpublishing.com\/infobae\/JLGYYG5E3BBDDKXDFUT2MS3S3Q.jpg 420w,https:\/\/www.infobae.com\/new-resizer\/H2-qYnNz975nlO-HF6JEgiHn8Fw=\/768x512\/filters:format(webp):quality(85)\/cloudfront-us-east-1.images.arcpublishing.com\/infobae\/JLGYYG5E3BBDDKXDFUT2MS3S3Q.jpg 768w,https:\/\/www.infobae.com\/new-resizer\/X7v7JgEITKZonrJ73COAQ0P-ZLk=\/992x661\/filters:format(webp):quality(85)\/cloudfront-us-east-1.images.arcpublishing.com\/infobae\/JLGYYG5E3BBDDKXDFUT2MS3S3Q.jpg 992w,https:\/\/www.infobae.com\/new-resizer\/RsVor0PNKaRYtUNeuyqXiA5q3E0=\/1200x800\/filters:format(webp):quality(85)\/cloudfront-us-east-1.images.arcpublishing.com\/infobae\/JLGYYG5E3BBDDKXDFUT2MS3S3Q.jpg 1200w,https:\/\/www.infobae.com\/new-resizer\/1GHzNeQlaqHC1pIcpxl_prNUFAE=\/1440x960\/filters:format(webp):quality(85)\/cloudfront-us-east-1.images.arcpublishing.com\/infobae\/JLGYYG5E3BBDDKXDFUT2MS3S3Q.jpg 1440w\">Vincent-Henri Peuch es el director del Servicio de Monitoreo de la Atm\u00f3sfera Copernicus, con apoyo de la Uni\u00f3n Europea<\/p>\n\n\n\n<p>El director del Servicio de Vigilancia de la Atm\u00f3sfera de Copernicus,&nbsp;<strong>Vincent-Henri Peuch<\/strong>, coment\u00f3: \u201cNuestra capacidad para proporcionar an\u00e1lisis tridimensionales y previsiones del ozono en los polos es un potente enfoque para controlar en tiempo real c\u00f3mo se desarrollan los agujeros de ozono y para evaluar cu\u00e1les son los factores clave que est\u00e1n detr\u00e1s de lo que se est\u00e1 observando\u201d.<\/p>\n\n\n\n<p>Consider\u00f3 que la tecnolog\u00eda disponible \u201cpermite saber hasta qu\u00e9 punto determinados acontecimientos afectan al desarrollo del agujero de ozono ant\u00e1rtico de este a\u00f1o, como la erupci\u00f3n Hunga Tonga-Hunga Ha\u2019apai del a\u00f1o pasado, que aument\u00f3 la cantidad de vapor de agua en la estratosfera. De hecho, actualmente es una cuesti\u00f3n abierta para los cient\u00edficos, y CAMS seguir\u00e1 proporcionando su informaci\u00f3n detallada de seguimiento hasta que el agujero de ozono de 2023 se disuelva a finales de noviembre o diciembre\u201d.<\/p>\n\n\n\n<p>Fuente: Infobae<\/p>\n","protected":false},"excerpt":{"rendered":"<div class=\"mh-excerpt\"><p>El \u201cagujero de ozono\u201d es el&nbsp;adelgazamiento de la capa de ozono&nbsp;que se produce sobre la&nbsp;Ant\u00e1rtida&nbsp;entre la&nbsp;primavera y el verano. Puede abarcar tambi\u00e9n a Sudam\u00e9rica, especialmente el sur de la Argentina y Chile, como ocurri\u00f3 el&nbsp;jueves y el viernes&nbsp;\u00faltimos, seg\u00fan inform\u00f3 el&nbsp;Servicio Meteorol\u00f3gico Nacional. Se sospecha que&nbsp;el&nbsp;agujero de ozono de 2023 podr\u00eda ser el m\u00e1s grande desde 2015.&nbsp;En la primera semana de octubre podr\u00eda avanzar nuevamente sobre el territorio argentino, aunque todav\u00eda no est\u00e1 confirmado, seg\u00fan se\u00f1al\u00f3 a&nbsp;Infobae&nbsp;la comunicadora del SMN,&nbsp;Cindy Fern\u00e1ndez. Al reducirse la protecci\u00f3n por la capa de ozono,&nbsp;se aumenta el riesgo de da\u00f1os para las personas ante la <a class=\"mh-excerpt-more\" href=\"http:\/\/dsrmedios.com.ar\/diario\/archivos\/39705\" title=\"Un agujero gigante en la capa de ozono se ubic\u00f3 sobre Argentina y ser\u00eda el m\u00e1s extenso desde 2015\">[Leer m\u00e1s]<\/a><\/p>\n<\/div>","protected":false},"author":8,"featured_media":39706,"comment_status":"open","ping_status":"closed","sticky":false,"template":"","format":"standard","meta":{"_jetpack_newsletter_access":""},"categories":[45],"tags":[],"jetpack_featured_media_url":"http:\/\/dsrmedios.com.ar\/diario\/wp-content\/uploads\/2023\/09\/103441467_agujero-capa-ozono-12-septiembre.jpg","jetpack_sharing_enabled":true,"jetpack_shortlink":"https:\/\/wp.me\/p9fihK-akp","_links":{"self":[{"href":"http:\/\/dsrmedios.com.ar\/diario\/wp-json\/wp\/v2\/posts\/39705"}],"collection":[{"href":"http:\/\/dsrmedios.com.ar\/diario\/wp-json\/wp\/v2\/posts"}],"about":[{"href":"http:\/\/dsrmedios.com.ar\/diario\/wp-json\/wp\/v2\/types\/post"}],"author":[{"embeddable":true,"href":"http:\/\/dsrmedios.com.ar\/diario\/wp-json\/wp\/v2\/users\/8"}],"replies":[{"embeddable":true,"href":"http:\/\/dsrmedios.com.ar\/diario\/wp-json\/wp\/v2\/comments?post=39705"}],"version-history":[{"count":2,"href":"http:\/\/dsrmedios.com.ar\/diario\/wp-json\/wp\/v2\/posts\/39705\/revisions"}],"predecessor-version":[{"id":39708,"href":"http:\/\/dsrmedios.com.ar\/diario\/wp-json\/wp\/v2\/posts\/39705\/revisions\/39708"}],"wp:featuredmedia":[{"embeddable":true,"href":"http:\/\/dsrmedios.com.ar\/diario\/wp-json\/wp\/v2\/media\/39706"}],"wp:attachment":[{"href":"http:\/\/dsrmedios.com.ar\/diario\/wp-json\/wp\/v2\/media?parent=39705"}],"wp:term":[{"taxonomy":"category","embeddable":true,"href":"http:\/\/dsrmedios.com.ar\/diario\/wp-json\/wp\/v2\/categories?post=39705"},{"taxonomy":"post_tag","embeddable":true,"href":"http:\/\/dsrmedios.com.ar\/diario\/wp-json\/wp\/v2\/tags?post=39705"}],"curies":[{"name":"wp","href":"https:\/\/api.w.org\/{rel}","templated":true}]}}