{"id":39702,"date":"2023-09-25T13:03:36","date_gmt":"2023-09-25T16:03:36","guid":{"rendered":"http:\/\/dsrmedios.com.ar\/diario\/?p=39702"},"modified":"2023-09-25T13:03:39","modified_gmt":"2023-09-25T16:03:39","slug":"gerardo-morales-escalo-la-interna-en-jxc-y-apunto-contra-macri-hay-un-liberalismo-extremo-contagioso","status":"publish","type":"post","link":"http:\/\/dsrmedios.com.ar\/diario\/archivos\/39702","title":{"rendered":"Gerardo Morales escal\u00f3 la interna en JxC y apunt\u00f3 contra Macri: \u201cHay un liberalismo extremo contagioso\u201d"},"content":{"rendered":"\n<p>Elgobernador de Jujuy,&nbsp;<strong>Gerardo Morales<\/strong>, critic\u00f3 hoy al ex presidente&nbsp;<strong>Mauricio Macri&nbsp;<\/strong>por sus gui\u00f1os al economista&nbsp;<strong>Javier Milei<\/strong>&nbsp;y sostuvo que \u201cle ha hecho mucho da\u00f1o a Juntos por el Cambio\u201d.<strong>&nbsp;\u201cHay un liberalismo extremo<\/strong>\u201d, sostuvo, a modo de r\u00e9plica a&nbsp;<a rel=\"noreferrer noopener\" href=\"https:\/\/www.infobae.com\/politica\/2023\/09\/20\/populismo-contagioso-tras-las-criticas-de-macri-los-radicales-le-recordaron-las-medidas-que-el-tomo-en-2019-luego-de-las-paso\/\" target=\"_blank\">la acusaci\u00f3n del ex mandatario contra dirigentes radicales<\/a>&nbsp;por la votaci\u00f3n en Diputados para modificar el Impuesto a las Ganancias<\/p>\n\n\n\n<figure class=\"wp-block-image\"><img decoding=\"async\" src=\"https:\/\/www.infobae.com\/new-resizer\/GaNxubH1X_vufIMH-XJSgHlMkNw=\/filters:format(webp):quality(85)\/cloudfront-us-east-1.images.arcpublishing.com\/infobae\/XDK3MTZGJ5GQHN5Y2IIK4B5WFQ.jpg\" alt=\"\"\/><\/figure>\n\n\n\n<p>\u201cYo creo que despu\u00e9s de las PASO, en la primera semana Mauricio Macri le ha hecho mucho da\u00f1o a Juntos por el Cambio.&nbsp;<strong>Ahora se ha callado un poco<\/strong>, se ha ordenado bastante, y espero que trabaje y apoye decididamente. En todo caso, el problema no est\u00e1 en el radicalismo, como \u00e9l cree<strong>. En todo caso, el radicalismo lo que est\u00e1 haciendo \u00faltimamente es levantar a Patricia (Bullrich)<\/strong>&nbsp;y a Juntos por el Cambio\u201d, asegur\u00f3 el mandatario provincial en di\u00e1logo con La Red.<\/p>\n\n\n\n<p>Y sostuvo: \u201cYo creo que se ha moderado en los \u00faltimos tiempos y est\u00e1 bueno que la haya acompa\u00f1ado en C\u00f3rdoba,porque creo que la mejor manera de aportar es que no deje dudas que<strong>&nbsp;la candidata es Patricia y no la posibilidad de Milei<\/strong>\u201d.<\/p>\n\n\n\n<p><img decoding=\"async\" loading=\"lazy\" alt=\"Mauricio Macri junto a Gerardo Morales\" height=\"864\" width=\"1536\" src=\"https:\/\/www.infobae.com\/new-resizer\/GaNynED6EikVpIXyEzC0JXL8yl0=\/arc-anglerfish-arc2-prod-infobae\/public\/5IBKAI44I5BNZJ5QMYKCUTNF4E.jpeg\" srcset=\"https:\/\/www.infobae.com\/new-resizer\/md1O1s7T73jIEwsFbtbihmMh4A4=\/420x236\/filters:format(webp):quality(85)\/cloudfront-us-east-1.images.arcpublishing.com\/infobae\/5IBKAI44I5BNZJ5QMYKCUTNF4E.jpeg 420w,https:\/\/www.infobae.com\/new-resizer\/EraEqrIMpbSj6D-WpAtMnkOt8Yc=\/768x432\/filters:format(webp):quality(85)\/cloudfront-us-east-1.images.arcpublishing.com\/infobae\/5IBKAI44I5BNZJ5QMYKCUTNF4E.jpeg 768w,https:\/\/www.infobae.com\/new-resizer\/fhfpm1vfS18QEmn0HiU_xxWAPDo=\/992x558\/filters:format(webp):quality(85)\/cloudfront-us-east-1.images.arcpublishing.com\/infobae\/5IBKAI44I5BNZJ5QMYKCUTNF4E.jpeg 992w,https:\/\/www.infobae.com\/new-resizer\/gtsi9VaJOw7Fxj3qVN60_ioIzUU=\/1200x675\/filters:format(webp):quality(85)\/cloudfront-us-east-1.images.arcpublishing.com\/infobae\/5IBKAI44I5BNZJ5QMYKCUTNF4E.jpeg 1200w,https:\/\/www.infobae.com\/new-resizer\/Aw0Q4fj4lLipsG59dsJ6yEK3NVs=\/1440x810\/filters:format(webp):quality(85)\/cloudfront-us-east-1.images.arcpublishing.com\/infobae\/5IBKAI44I5BNZJ5QMYKCUTNF4E.jpeg 1440w\">Mauricio Macri junto a Gerardo Morales<\/p>\n\n\n\n<p>Vale recordar, que en los \u00faltimos d\u00edas el expresidente\u00a0<strong>Mauricio Macri\u00a0<\/strong>formul\u00f3 declaraciones en las que apunt\u00f3 contra los diputados radicales que aportaron para dar quorum en la sesi\u00f3n del impuesto a las ganancias. En C\u00f3rdoba, el expresidente dijo que \u201cel populismo es algo muy contagioso\u201d.<\/p>\n\n\n\n<p>\u201cYo dir\u00eda que hay un liberalismo extremo contagioso.&nbsp;<strong>Eso nos hace da\u00f1o y desperfila a Juntos por el Cambio<\/strong>, hay que enfocarse en la elecci\u00f3n, en fortalecer a Juntos por el Cambio y trabajar decididamente para que&nbsp;<strong>Patricia sea la pr\u00f3xima presidenta<\/strong>\u201d, retruc\u00f3 Morales.<\/p>\n\n\n\n<p>Estas declaraciones van en sinton\u00eda con las cr\u00edticas que realiz\u00f3 ayer otro dirigente radical como el diputado nacional\u00a0<strong>Emiliano Yacobitti<\/strong>, de Evoluci\u00f3n Radical, qui\u00e9n asegur\u00f3 que Macri, con sus declaraciones, \u201c<a rel=\"noreferrer noopener\" href=\"https:\/\/www.infobae.com\/politica\/2023\/09\/25\/emiliano-yacobitti-apunto-contra-mauricio-macri-hace-rato-que-le-falta-el-respeto-al-radicalismo\/\" target=\"_blank\">le falta el respeto al radicalismo<\/a>\u201d.<\/p>\n\n\n\n<p>Por otro lado, Morales&nbsp;<strong>hizo referencia a la figura de Patricia Bullrich<\/strong>&nbsp;como candidata a presidenta de la Naci\u00f3n de Juntos por el Cambio. \u201c<strong>Est\u00e1 competitiva<\/strong>. Las encuestas han fracasado, muchas de ellas, la mayor\u00eda. Nosotros vemos un fuerte potencial, ya que&nbsp;<strong>no es casual el triunfo del radicalismo en el marco de distintos frentes<\/strong>, contribuyendo a Juntos por el Cambio en provincias importantes. Por lo menos en las \u00faltimas elecciones\u201d, expres\u00f3.<\/p>\n\n\n\n<p>\u201c<strong>Eso marca una vigencia total de Juntos por el Cambio, as\u00ed que Patricia est\u00e1 muy competitiva y yo la veo con m\u00e1s firmeza que nunca.&nbsp;<\/strong>Y decidida a encarar un proceso de cambio y transformaci\u00f3n en el pa\u00eds\u201d, dijo Morales.<\/p>\n\n\n\n<p><img decoding=\"async\" loading=\"lazy\" alt=\"Morales respald\u00f3 la figura de Patricia Bullrich como candidata a presidenta (Luciano Gonz\u00e1lez)\" height=\"1280\" width=\"1920\" src=\"https:\/\/www.infobae.com\/new-resizer\/WGLAKZarsuSFYM72KDP-C1QUQjk=\/arc-anglerfish-arc2-prod-infobae\/public\/ER376SUAVBCCBNBJQSFDBC66XY.jpg\" srcset=\"https:\/\/www.infobae.com\/new-resizer\/ABYjpr36uqd23tKvgLYGWmRoCE4=\/420x280\/filters:format(webp):quality(85)\/cloudfront-us-east-1.images.arcpublishing.com\/infobae\/ER376SUAVBCCBNBJQSFDBC66XY.jpg 420w,https:\/\/www.infobae.com\/new-resizer\/OH6CcYTwN7E9_5-OQ2Zl1oGSCPI=\/768x512\/filters:format(webp):quality(85)\/cloudfront-us-east-1.images.arcpublishing.com\/infobae\/ER376SUAVBCCBNBJQSFDBC66XY.jpg 768w,https:\/\/www.infobae.com\/new-resizer\/oK5oLu113fJeU6pIIf9vJPqXXCU=\/992x661\/filters:format(webp):quality(85)\/cloudfront-us-east-1.images.arcpublishing.com\/infobae\/ER376SUAVBCCBNBJQSFDBC66XY.jpg 992w,https:\/\/www.infobae.com\/new-resizer\/hTXmchYpfKrD00EfrZPVfKajt6g=\/1200x800\/filters:format(webp):quality(85)\/cloudfront-us-east-1.images.arcpublishing.com\/infobae\/ER376SUAVBCCBNBJQSFDBC66XY.jpg 1200w,https:\/\/www.infobae.com\/new-resizer\/-ME7T15ER2plJ8oP3oYYOgzOV2E=\/1440x960\/filters:format(webp):quality(85)\/cloudfront-us-east-1.images.arcpublishing.com\/infobae\/ER376SUAVBCCBNBJQSFDBC66XY.jpg 1440w\">Morales respald\u00f3 la figura de Patricia Bullrich como candidata a presidenta (Luciano Gonz\u00e1lez)<\/p>\n\n\n\n<p>Sobre esto, aclar\u00f3 las propuestas que tiene el frente oposito, que lo diferencia de los otros postulantes al sill\u00f3n de Rivadavia. \u201c<strong>Nuestra premisa es cambiar, lograr un cambio que sea posible y no un salto al vac\u00edo<\/strong>. Hay que tener cuidado con esos cantos de sirena del cambio de todo, para que no cambie nada.&nbsp;<strong>Versiones sobre medidas que se proponen que son imposibles de implementar y son anticonstitucionales<\/strong>.<strong>&nbsp;Mucha mentira a la gente<\/strong>\u201d.<\/p>\n\n\n\n<p>\u201c<strong>Es importante que pensemos tranquilamente el voto<\/strong>, falta tiempo para esto, la gente la semana que viene va a empezar a pensar definitivamente su voto. La verdad que estamos muy conformes con el trabajo que venimos haciendo, y vemos a Patricia muy firme\u201d, manifest\u00f3.<\/p>\n\n\n\n<p>Por su parte, al ser consultado por\u00a0<strong>Horacio Rodr\u00edguez Larreta<\/strong>, con quien comparti\u00f3 f\u00f3rmula en la interna de Juntos por el Cambio, asegur\u00f3: \u201cHabl\u00e9 las \u00faltimas semanas con Horacio Rodr\u00edguez Larreta y seguramente lo haga en esta semana tambi\u00e9n. \u00c9l est\u00e1 bien, enfocado y decido a ayudar. Obviamente,\u00a0<strong>el comando de campa\u00f1a est\u00e1 a cargo del equipo de Patricia<\/strong>, con una apertura que ha generado<strong>. Yo veo buena energ\u00eda ah\u00ed y a Horacio le veo muy bien<\/strong>\u201d.<\/p>\n\n\n\n<p>Finalmente, sobre el encuentro del que particip\u00f3 ayer junto a<strong>\u00a0Sergio Massa y Gustavo Vald\u00e9s<\/strong>, afirm\u00f3: \u201c<strong>Fue un encuentro institucional, nosotros estamos en un proyecto que es un cambio posible para el pa\u00eds<\/strong>, no un salto al vac\u00edo, y de la mano que ha asumido Patricia, de liderazgo luego de las PASO\u201d.<\/p>\n\n\n\n<p>Fuente: Infobae<\/p>\n","protected":false},"excerpt":{"rendered":"<div class=\"mh-excerpt\"><p>Elgobernador de Jujuy,&nbsp;Gerardo Morales, critic\u00f3 hoy al ex presidente&nbsp;Mauricio Macri&nbsp;por sus gui\u00f1os al economista&nbsp;Javier Milei&nbsp;y sostuvo que \u201cle ha hecho mucho da\u00f1o a Juntos por el Cambio\u201d.&nbsp;\u201cHay un liberalismo extremo\u201d, sostuvo, a modo de r\u00e9plica a&nbsp;la acusaci\u00f3n del ex mandatario contra dirigentes radicales&nbsp;por la votaci\u00f3n en Diputados para modificar el Impuesto a las Ganancias \u201cYo creo que despu\u00e9s de las PASO, en la primera semana Mauricio Macri le ha hecho mucho da\u00f1o a Juntos por el Cambio.&nbsp;Ahora se ha callado un poco, se ha ordenado bastante, y espero que trabaje y apoye decididamente. En todo caso, el problema no est\u00e1 <a class=\"mh-excerpt-more\" href=\"http:\/\/dsrmedios.com.ar\/diario\/archivos\/39702\" title=\"Gerardo Morales escal\u00f3 la interna en JxC y apunt\u00f3 contra Macri: \u201cHay un liberalismo extremo contagioso\u201d\">[Leer m\u00e1s]<\/a><\/p>\n<\/div>","protected":false},"author":8,"featured_media":39703,"comment_status":"open","ping_status":"closed","sticky":false,"template":"","format":"standard","meta":{"_jetpack_newsletter_access":""},"categories":[6],"tags":[],"jetpack_featured_media_url":"http:\/\/dsrmedios.com.ar\/diario\/wp-content\/uploads\/2023\/09\/macri-y-morales-se-reunieron-este-sabado-18-de-diciembre-1286409.jpg","jetpack_sharing_enabled":true,"jetpack_shortlink":"https:\/\/wp.me\/p9fihK-akm","_links":{"self":[{"href":"http:\/\/dsrmedios.com.ar\/diario\/wp-json\/wp\/v2\/posts\/39702"}],"collection":[{"href":"http:\/\/dsrmedios.com.ar\/diario\/wp-json\/wp\/v2\/posts"}],"about":[{"href":"http:\/\/dsrmedios.com.ar\/diario\/wp-json\/wp\/v2\/types\/post"}],"author":[{"embeddable":true,"href":"http:\/\/dsrmedios.com.ar\/diario\/wp-json\/wp\/v2\/users\/8"}],"replies":[{"embeddable":true,"href":"http:\/\/dsrmedios.com.ar\/diario\/wp-json\/wp\/v2\/comments?post=39702"}],"version-history":[{"count":1,"href":"http:\/\/dsrmedios.com.ar\/diario\/wp-json\/wp\/v2\/posts\/39702\/revisions"}],"predecessor-version":[{"id":39704,"href":"http:\/\/dsrmedios.com.ar\/diario\/wp-json\/wp\/v2\/posts\/39702\/revisions\/39704"}],"wp:featuredmedia":[{"embeddable":true,"href":"http:\/\/dsrmedios.com.ar\/diario\/wp-json\/wp\/v2\/media\/39703"}],"wp:attachment":[{"href":"http:\/\/dsrmedios.com.ar\/diario\/wp-json\/wp\/v2\/media?parent=39702"}],"wp:term":[{"taxonomy":"category","embeddable":true,"href":"http:\/\/dsrmedios.com.ar\/diario\/wp-json\/wp\/v2\/categories?post=39702"},{"taxonomy":"post_tag","embeddable":true,"href":"http:\/\/dsrmedios.com.ar\/diario\/wp-json\/wp\/v2\/tags?post=39702"}],"curies":[{"name":"wp","href":"https:\/\/api.w.org\/{rel}","templated":true}]}}