{"id":39682,"date":"2023-09-22T13:10:13","date_gmt":"2023-09-22T16:10:13","guid":{"rendered":"http:\/\/dsrmedios.com.ar\/diario\/?p=39682"},"modified":"2023-09-22T13:10:16","modified_gmt":"2023-09-22T16:10:16","slug":"la-municipalidad-celebro-con-las-personas-mayores-la-llegada-de-la-primavera","status":"publish","type":"post","link":"http:\/\/dsrmedios.com.ar\/diario\/archivos\/39682","title":{"rendered":"<strong>La Municipalidad celebr\u00f3 con las Personas Mayores la llegada de la Primavera<\/strong>"},"content":{"rendered":"\n<h3>La Municipalidad de Adolfo Alsina, a trav\u00e9s de la Secretar\u00eda de Desarrollo Humano, festej\u00f3 la llegada de la primavera junto a las personas mayores de las Mini Residencias, del Hogar Nicol\u00e1s Levalle, de Casa de Personas Mayores de Villa Maza, del Centro de D\u00eda Mimos y Casa de D\u00eda Evita de Carhu\u00e9.<\/h3>\n\n\n\n<p>En Casa de la Cultura se reunieron m\u00e1s de 60 personal para celebrar con un almuerzo, m\u00fasica, colorido y entretenimiento el 21 de septiembre.<\/p>\n","protected":false},"excerpt":{"rendered":"<div class=\"mh-excerpt\"><p>La Municipalidad de Adolfo Alsina, a trav\u00e9s de la Secretar\u00eda de Desarrollo Humano, festej\u00f3 la llegada de la primavera junto a las personas mayores de las Mini Residencias, del Hogar Nicol\u00e1s Levalle, de Casa de Personas Mayores de Villa Maza, del Centro de D\u00eda Mimos y Casa de D\u00eda Evita de Carhu\u00e9. En Casa de la Cultura se reunieron m\u00e1s de 60 personal para celebrar con un almuerzo, m\u00fasica, colorido y entretenimiento el 21 de septiembre.<\/p>\n<\/div>","protected":false},"author":8,"featured_media":39685,"comment_status":"open","ping_status":"closed","sticky":false,"template":"","format":"standard","meta":{"_jetpack_newsletter_access":""},"categories":[18,31,5],"tags":[],"jetpack_featured_media_url":"http:\/\/dsrmedios.com.ar\/diario\/wp-content\/uploads\/2023\/09\/WhatsApp-Image-2023-09-22-at-12.31.51-2.jpeg","jetpack_sharing_enabled":true,"jetpack_shortlink":"https:\/\/wp.me\/p9fihK-ak2","_links":{"self":[{"href":"http:\/\/dsrmedios.com.ar\/diario\/wp-json\/wp\/v2\/posts\/39682"}],"collection":[{"href":"http:\/\/dsrmedios.com.ar\/diario\/wp-json\/wp\/v2\/posts"}],"about":[{"href":"http:\/\/dsrmedios.com.ar\/diario\/wp-json\/wp\/v2\/types\/post"}],"author":[{"embeddable":true,"href":"http:\/\/dsrmedios.com.ar\/diario\/wp-json\/wp\/v2\/users\/8"}],"replies":[{"embeddable":true,"href":"http:\/\/dsrmedios.com.ar\/diario\/wp-json\/wp\/v2\/comments?post=39682"}],"version-history":[{"count":1,"href":"http:\/\/dsrmedios.com.ar\/diario\/wp-json\/wp\/v2\/posts\/39682\/revisions"}],"predecessor-version":[{"id":39686,"href":"http:\/\/dsrmedios.com.ar\/diario\/wp-json\/wp\/v2\/posts\/39682\/revisions\/39686"}],"wp:featuredmedia":[{"embeddable":true,"href":"http:\/\/dsrmedios.com.ar\/diario\/wp-json\/wp\/v2\/media\/39685"}],"wp:attachment":[{"href":"http:\/\/dsrmedios.com.ar\/diario\/wp-json\/wp\/v2\/media?parent=39682"}],"wp:term":[{"taxonomy":"category","embeddable":true,"href":"http:\/\/dsrmedios.com.ar\/diario\/wp-json\/wp\/v2\/categories?post=39682"},{"taxonomy":"post_tag","embeddable":true,"href":"http:\/\/dsrmedios.com.ar\/diario\/wp-json\/wp\/v2\/tags?post=39682"}],"curies":[{"name":"wp","href":"https:\/\/api.w.org\/{rel}","templated":true}]}}