{"id":39679,"date":"2023-09-22T13:08:59","date_gmt":"2023-09-22T16:08:59","guid":{"rendered":"http:\/\/dsrmedios.com.ar\/diario\/?p=39679"},"modified":"2023-09-22T13:09:02","modified_gmt":"2023-09-22T16:09:02","slug":"ultimos-dias-campana-de-vacunacion-y-desparasitacion-en-carhue","status":"publish","type":"post","link":"http:\/\/dsrmedios.com.ar\/diario\/archivos\/39679","title":{"rendered":"\u00daltimos d\u00edas: Campa\u00f1a de Vacunaci\u00f3n y Desparasitaci\u00f3n en Carhu\u00e9"},"content":{"rendered":"\n<p>La Municipalidad de Adolfo Alsina\u00a0contin\u00faa con la campa\u00f1a de vacunaci\u00f3n y desparasitaci\u00f3n en\u00a0la ciudad de\u00a0Carhu\u00e9.<br>Vacunaci\u00f3n antirr\u00e1bica anual a partir de los 3 meses de edad del animal.<br>Desparasitaci\u00f3n a partir de los 45 d\u00edas.<br><strong>Cronograma por barrios:<\/strong><br><br>27 de septiembre: Villa Rosa de 13 a 15 hs.<br>28 de septiembre: Barrio Arturo Illia de 11 a 15 hs.<br>5\u00a0de octubre: Villa Azul de 11 A 13 hs.<\/p>\n","protected":false},"excerpt":{"rendered":"<div class=\"mh-excerpt\"><p>La Municipalidad de Adolfo Alsina\u00a0contin\u00faa con la campa\u00f1a de vacunaci\u00f3n y desparasitaci\u00f3n en\u00a0la ciudad de\u00a0Carhu\u00e9.Vacunaci\u00f3n antirr\u00e1bica anual a partir de los 3 meses de edad del animal.Desparasitaci\u00f3n a partir de los 45 d\u00edas.Cronograma por barrios: 27 de septiembre: Villa Rosa de 13 a 15 hs.28 de septiembre: Barrio Arturo Illia de 11 a 15 hs.5\u00a0de octubre: Villa Azul de 11 A 13 hs.<\/p>\n<\/div>","protected":false},"author":8,"featured_media":39683,"comment_status":"open","ping_status":"closed","sticky":false,"template":"","format":"standard","meta":{"_jetpack_newsletter_access":""},"categories":[18,31,5],"tags":[],"jetpack_featured_media_url":"http:\/\/dsrmedios.com.ar\/diario\/wp-content\/uploads\/2023\/09\/395959-svetik.jpg","jetpack_sharing_enabled":true,"jetpack_shortlink":"https:\/\/wp.me\/p9fihK-ajZ","_links":{"self":[{"href":"http:\/\/dsrmedios.com.ar\/diario\/wp-json\/wp\/v2\/posts\/39679"}],"collection":[{"href":"http:\/\/dsrmedios.com.ar\/diario\/wp-json\/wp\/v2\/posts"}],"about":[{"href":"http:\/\/dsrmedios.com.ar\/diario\/wp-json\/wp\/v2\/types\/post"}],"author":[{"embeddable":true,"href":"http:\/\/dsrmedios.com.ar\/diario\/wp-json\/wp\/v2\/users\/8"}],"replies":[{"embeddable":true,"href":"http:\/\/dsrmedios.com.ar\/diario\/wp-json\/wp\/v2\/comments?post=39679"}],"version-history":[{"count":1,"href":"http:\/\/dsrmedios.com.ar\/diario\/wp-json\/wp\/v2\/posts\/39679\/revisions"}],"predecessor-version":[{"id":39684,"href":"http:\/\/dsrmedios.com.ar\/diario\/wp-json\/wp\/v2\/posts\/39679\/revisions\/39684"}],"wp:featuredmedia":[{"embeddable":true,"href":"http:\/\/dsrmedios.com.ar\/diario\/wp-json\/wp\/v2\/media\/39683"}],"wp:attachment":[{"href":"http:\/\/dsrmedios.com.ar\/diario\/wp-json\/wp\/v2\/media?parent=39679"}],"wp:term":[{"taxonomy":"category","embeddable":true,"href":"http:\/\/dsrmedios.com.ar\/diario\/wp-json\/wp\/v2\/categories?post=39679"},{"taxonomy":"post_tag","embeddable":true,"href":"http:\/\/dsrmedios.com.ar\/diario\/wp-json\/wp\/v2\/tags?post=39679"}],"curies":[{"name":"wp","href":"https:\/\/api.w.org\/{rel}","templated":true}]}}