{"id":39673,"date":"2023-09-22T13:03:41","date_gmt":"2023-09-22T16:03:41","guid":{"rendered":"http:\/\/dsrmedios.com.ar\/diario\/?p=39673"},"modified":"2023-09-22T13:03:45","modified_gmt":"2023-09-22T16:03:45","slug":"impuesto-a-las-ganancias-dudas-y-certezas-acerca-de-los-cambios-que-entran-en-vigencia-en-octubre","status":"publish","type":"post","link":"http:\/\/dsrmedios.com.ar\/diario\/archivos\/39673","title":{"rendered":"Impuesto a las Ganancias: dudas y certezas acerca de los cambios que entran en vigencia en octubre"},"content":{"rendered":"\n<p>El<strong>\u00a0impuesto a las Ganancias<\/strong>\u00a0est\u00e1 en el centro de la escena por dos grandes motivos. Por un lado, el proyecto de ley que impulsa el Ejecutivo ya logr\u00f3 media sanci\u00f3n en Diputados y se prepara para pasar al Senado. Por otra parte, faltan s\u00f3lo d\u00edas para que entren en vigencia los cambios -posiblemente temporales- introducidos por el<strong>\u00a0Decreto 473\/2023<\/strong>.<a rel=\"noreferrer noopener\" href=\"https:\/\/www.infobae.com\/economia\/2023\/09\/22\/creditos-a-monotributistas-mientras-el-gobierno-analiza-nuevas-medidas-los-bancos-empiezan-a-otorgarlos\/\" target=\"_blank\"><\/a><a rel=\"noreferrer noopener\" href=\"https:\/\/www.infobae.com\/economia\/2023\/09\/22\/servicio-domestico-volvera-a-aumentar-el-salario-a-partir-de-octubre\/\" target=\"_blank\"><\/a><\/p>\n\n\n\n<p>El problema, es que no est\u00e1 completamente claro qu\u00e9 cambia a partir del 1\u00b0 de octubre. Hay varias certezas y cuestiones que est\u00e1n claras, pero hay otras que generan algunas dudas entre contadores y empresarios y necesitan de nueva reglamentaci\u00f3n para terminar de esclarecerse.<\/p>\n\n\n\n<h2>Qu\u00e9 pasa con los salarios de septiembre<\/h2>\n\n\n\n<p>Uno de los puntos que no presentan dudas, es qu\u00e9 pasar\u00e1 con los salarios de septiembre. El contador especialista en impuestos,&nbsp;<strong>Sebasti\u00e1n Dom\u00ednguez<\/strong>, explic\u00f3 que la modificaci\u00f3n del m\u00ednimo no imponible, que se eleva a 15 salarios m\u00ednimos vitales y m\u00f3viles (SMVM) -monto equivalente hoy a $1.770.000 brutos)-,&nbsp;<strong>se aplicar\u00e1 reci\u00e9n con los sueldos devengados en octubre<\/strong>. Es decir, que el nuevo piso se aplicar\u00e1 reci\u00e9n sobre los salarios que se pagar\u00e1n en los primeros d\u00edas de noviembre (correspondiente al trabajo realizado en octubre).<\/p>\n\n\n\n<p><\/p>\n\n\n\n<p>\u201cPara el sueldo de septiembre, no hay una modificaci\u00f3n en el tratamiento en el piso. Es decir que se viene liquidando como se ven\u00eda haciendo\u201d, aclar\u00f3.<\/p>\n\n\n\n<p><img decoding=\"async\" loading=\"lazy\" alt=\"Los salarios de septiembre no tendr\u00e1n modificaciones. (T\u00e9lam)\" height=\"1080\" width=\"1980\" src=\"https:\/\/www.infobae.com\/new-resizer\/7M5mFIzo31qX3DONit9OsFW1ONE=\/arc-anglerfish-arc2-prod-infobae\/public\/WSYOL2YFXRGPRMIYGEGBSALXCQ.jpg\" srcset=\"https:\/\/www.infobae.com\/new-resizer\/GxBJw-CKvr5gJak2K4l1lLJC24w=\/420x236\/filters:format(webp):quality(85)\/cloudfront-us-east-1.images.arcpublishing.com\/infobae\/WSYOL2YFXRGPRMIYGEGBSALXCQ.jpg 420w,https:\/\/www.infobae.com\/new-resizer\/0VkKt3ebLHpNrDSa7v1kabOxW6I=\/768x432\/filters:format(webp):quality(85)\/cloudfront-us-east-1.images.arcpublishing.com\/infobae\/WSYOL2YFXRGPRMIYGEGBSALXCQ.jpg 768w,https:\/\/www.infobae.com\/new-resizer\/IE81rw2rhIcYLuT_nfK0R1U9tU4=\/992x558\/filters:format(webp):quality(85)\/cloudfront-us-east-1.images.arcpublishing.com\/infobae\/WSYOL2YFXRGPRMIYGEGBSALXCQ.jpg 992w,https:\/\/www.infobae.com\/new-resizer\/CIM25RNu4Y0KReiCLdDgWbyqdgs=\/1200x675\/filters:format(webp):quality(85)\/cloudfront-us-east-1.images.arcpublishing.com\/infobae\/WSYOL2YFXRGPRMIYGEGBSALXCQ.jpg 1200w,https:\/\/www.infobae.com\/new-resizer\/4FpH18xrfUxDnJ15WohyNLqPKL0=\/1440x810\/filters:format(webp):quality(85)\/cloudfront-us-east-1.images.arcpublishing.com\/infobae\/WSYOL2YFXRGPRMIYGEGBSALXCQ.jpg 1440w\">Los salarios de septiembre no tendr\u00e1n modificaciones. (T\u00e9lam)<\/p>\n\n\n\n<p>Se mostr\u00f3 de acuerdo el contador<strong>&nbsp;Carlos Schestakow<\/strong>, quien explic\u00f3 que en el art\u00edculo 5\u00b0 del decreto 473 se aclara que la medida \u201cresultar\u00e1 de aplicaci\u00f3n para las remuneraciones y\/o haberes que se devenguen a partir del 1\u00ba de octubre de 2023, inclusive, con excepci\u00f3n de lo dispuesto en el art\u00edculo 1\u00b0, que surtir\u00e1 efectos conforme a lo all\u00ed previsto\u201d.<\/p>\n\n\n\n<h2>Modificaciones en el aguinaldo<\/h2>\n\n\n\n<p>Como lo dice el art\u00edculo citado por el contador, reci\u00e9n los salarios de octubre estar\u00e1n sujetos a las modificaciones, pero el mismo texto advierte que hay una excepci\u00f3n. \u00bfDe qu\u00e9 se trata? b\u00e1sicamente del aguinaldo.<\/p>\n\n\n\n<p>El texto de la normativa indica que \u201cen lo que hace a la segunda cuota del Sueldo Anual Complementario de 2023 (SAC) deber\u00e1 considerarse el importe establecido en el p\u00e1rrafo anterior y el promedio del segundo semestre calendario de la remuneraci\u00f3n y\/o haber bruto\u201d.<\/p>\n\n\n\n<p>Dom\u00ednguez, explic\u00f3 qu\u00e9 quiere decir exactamente esa parte del decreto. \u201cSe modifica la retenci\u00f3n de Ganancias sobre el SAC (aguinaldo) del segundo semestre. Lo que dice el decreto es que si el empleador la retuvo al trabajador el impuesto a las Ganancias, porque consider\u00f3 la doceava parte a lo que cobr\u00f3 en julio y agosto, ahora deber\u00e1 revisar las cuentas, tomando en consideraci\u00f3n el nuevo m\u00ednimo no imponible de 15 SMVM\u201d, coment\u00f3.<\/p>\n\n\n\n<p>Al momento de revisar las cuentas, el empleador se puede encontrar con dos escenarios. Si con el nuevo piso de 15 SMVM ($1.770.000) el trabajador deja de estar contemplado en el universo de contribuyentes (porque gana menos que eso, incluyendo los aguinaldos), entonces deber\u00e1 devolverle lo retenido durante los meses de julio y agosto.<\/p>\n\n\n\n<p><img decoding=\"async\" loading=\"lazy\" alt=\"Los empleadores deber\u00e1n devolver las retenciones realizadas por el SAC del segundo semestre en funci\u00f3n del nuevo piso. (T\u00e9lam)\" height=\"1080\" width=\"1980\" src=\"https:\/\/www.infobae.com\/new-resizer\/IteZDE5Bc4YHFdczt-DUwocuS6g=\/arc-anglerfish-arc2-prod-infobae\/public\/BH7W2TOXYZA2RGNYVJHZWJKORU.jpg\" srcset=\"https:\/\/www.infobae.com\/new-resizer\/yogdrWufcK7PX4kdlyPO0BZaZJY=\/420x236\/filters:format(webp):quality(85)\/cloudfront-us-east-1.images.arcpublishing.com\/infobae\/BH7W2TOXYZA2RGNYVJHZWJKORU.jpg 420w,https:\/\/www.infobae.com\/new-resizer\/fiwMbjUlGDPZv2BrKNFD1nggMUU=\/768x432\/filters:format(webp):quality(85)\/cloudfront-us-east-1.images.arcpublishing.com\/infobae\/BH7W2TOXYZA2RGNYVJHZWJKORU.jpg 768w,https:\/\/www.infobae.com\/new-resizer\/ppUQinFh_u2fceZ-z1fergoi2Eo=\/992x558\/filters:format(webp):quality(85)\/cloudfront-us-east-1.images.arcpublishing.com\/infobae\/BH7W2TOXYZA2RGNYVJHZWJKORU.jpg 992w,https:\/\/www.infobae.com\/new-resizer\/xfA1L8zCLETOX5rX7fRf7oI8h4g=\/1200x675\/filters:format(webp):quality(85)\/cloudfront-us-east-1.images.arcpublishing.com\/infobae\/BH7W2TOXYZA2RGNYVJHZWJKORU.jpg 1200w,https:\/\/www.infobae.com\/new-resizer\/oZwE2Lqejfk6MiTqU5NxAA1oJq8=\/1440x810\/filters:format(webp):quality(85)\/cloudfront-us-east-1.images.arcpublishing.com\/infobae\/BH7W2TOXYZA2RGNYVJHZWJKORU.jpg 1440w\">Los empleadores deber\u00e1n devolver las retenciones realizadas por el SAC del segundo semestre en funci\u00f3n del nuevo piso. (T\u00e9lam)<\/p>\n\n\n\n<p>Si en cambio el trabajador sigue siendo contribuyente de Ganancias, deber\u00e1 calcular nuevamente qu\u00e9 retenci\u00f3n corresponde hacerle por el salario de esos dos meses y tendr\u00e1 que devolverle lo que le \u201cretuvo de m\u00e1s\u201d, con la antigua reglamentaci\u00f3n.<\/p>\n\n\n\n<h2>Lo que no est\u00e1 claro<\/h2>\n\n\n\n<p>Hasta ac\u00e1, quedan dos cosas claras. Qu\u00e9 pasar\u00e1 con los salarios de septiembre (nada en concreto) y qu\u00e9 se debe hacer con lo retenido en concepto de adelanto de Ganancias por el SAC del segundo semestre (recalcular y reintegrar al trabajador lo que corresponda). Ahora bien, cuando se mira hacia adelante, aparecen varias cuestiones \u201cpoco claras\u201d para los expertos.<\/p>\n\n\n\n<p>Por un lado, Dom\u00ednguez cuestion\u00f3 que la resoluci\u00f3n aplica un criterio de escalas mensuales a partir de octubre que desde su punto de vista no tiene nada que ver con c\u00f3mo funciona el impuesto a las Ganancias. \u201cAplicando esto, puede dar que se retenga menos de lo que corresponde de acuerdo en la ley que se est\u00e1 tratando en el Congreso. Esto deber\u00eda modificarse en el proyecto; sino, van a quedar los empleados debiendo dinero\u201d, coment\u00f3 Dom\u00ednguez.<\/p>\n\n\n\n<p>Otro punto que deja dudas, es cu\u00e1l ser\u00e1 el m\u00ednimo no imponible que deber\u00e1 aplicarse efectivamente. Es que el decreto indica que el aporte por el SAC del segundo semestre, por ejemplo, deber\u00e1 calcularse en funci\u00f3n del salario m\u00ednimo vital y m\u00f3vil de octubre, monto que a\u00fan no ha sido anunciado (se convoc\u00f3 a una reuni\u00f3n para definirlo el 27 de septiembre). \u201cPor lo pronto, los empleadores deben hacer el rec\u00e1lculo antes explicado con el SMVM de septiembre ($1.770.000) y luego volver a hacerlo con el de octubre y entonces hacer nuevas correcciones\u201d, sostuvo Carlos Schestakow.<\/p>\n\n\n\n<h2>\u00bfGerentes s\u00ed o gerentes no?<\/h2>\n\n\n\n<p>Tambi\u00e9n el proyecto de ley que se trata en el Congreso genera algunas dudas. Trascendi\u00f3 en los \u00faltimos d\u00edas que los Ceos, gerentes y otros cargos directivos no estar\u00edan contemplados en el nuevo m\u00ednimo no imponible de 15 SMVM.<\/p>\n\n\n\n<p><img decoding=\"async\" loading=\"lazy\" alt=\"Los cargos gerenciales que est\u00e9n por debajo del m\u00ednimo no imponible, tampoco pagar\u00e1n Ganancias. (Imagen Ilustrativa Infobae)\" height=\"816\" width=\"1456\" src=\"https:\/\/www.infobae.com\/new-resizer\/oreZb1cF6A89QG4c-4AbA2SU5Q4=\/arc-anglerfish-arc2-prod-infobae\/public\/ECVLSNB4MBERVHLGCUGNPNDH6A.png\" srcset=\"https:\/\/www.infobae.com\/new-resizer\/oIhgczLiyHwdZbWCJc3jASM2Dmk=\/420x236\/filters:format(webp):quality(85)\/cloudfront-us-east-1.images.arcpublishing.com\/infobae\/ECVLSNB4MBERVHLGCUGNPNDH6A.png 420w,https:\/\/www.infobae.com\/new-resizer\/edWrWukj5_JyStkSinyrcEPSUVQ=\/768x432\/filters:format(webp):quality(85)\/cloudfront-us-east-1.images.arcpublishing.com\/infobae\/ECVLSNB4MBERVHLGCUGNPNDH6A.png 768w,https:\/\/www.infobae.com\/new-resizer\/lYE_DPciZuQcNPS4J3cZiE9_gF4=\/992x558\/filters:format(webp):quality(85)\/cloudfront-us-east-1.images.arcpublishing.com\/infobae\/ECVLSNB4MBERVHLGCUGNPNDH6A.png 992w,https:\/\/www.infobae.com\/new-resizer\/p1bv7XrzGy_bG4olP9BTXgnpEWo=\/1200x675\/filters:format(webp):quality(85)\/cloudfront-us-east-1.images.arcpublishing.com\/infobae\/ECVLSNB4MBERVHLGCUGNPNDH6A.png 1200w,https:\/\/www.infobae.com\/new-resizer\/c7d84lDpnIYhbgSBKmWeZi5ARQ4=\/1440x810\/filters:format(webp):quality(85)\/cloudfront-us-east-1.images.arcpublishing.com\/infobae\/ECVLSNB4MBERVHLGCUGNPNDH6A.png 1440w\">Los cargos gerenciales que est\u00e9n por debajo del m\u00ednimo no imponible, tampoco pagar\u00e1n Ganancias. (Imagen Ilustrativa Infobae)<\/p>\n\n\n\n<p>Sin embargo, Schestakow aclar\u00f3 que el texto no hace referencia concreta a una aplicaci\u00f3n de la carga tributaria por funci\u00f3n. \u201cLo que ocurre, es que la mayor\u00eda de las personas que seguir\u00e1n siendo alcanzadas por el impuesto ocupan esos cargos jer\u00e1rquicos, pero si un gerente gana menos de 15 SMVM, no pagar\u00e1 Ganancias, como cualquier otro trabajador\u201d, apunt\u00f3.<\/p>\n\n\n\n<h2>Confusi\u00f3n empresaria<\/h2>\n\n\n\n<p>Desde la<strong>&nbsp;C\u00e1mara de la Industria Argentina de Software (Cessi)&nbsp;<\/strong>mostraron preocupaci\u00f3n por los cambios realizados sobre el impuesto a las Ganancias, debido a la falta de claridad de algunos puntos.<\/p>\n\n\n\n<p>\u201cEn virtud de lo establecido por la \u00faltima normativa sobre el Impuesto a las Ganancias (Decreto 473\/2023 del PEN y RG 5417\/2023 de AFIP), Cessi manifiesta la preocupaci\u00f3n de las empresas de tecnolog\u00eda ante la imposibilidad de cumplir en tiempo y forma con las adecuaciones de los sistemas de liquidaci\u00f3n de haberes que proveen a sus clientes\u201d, advirtieron a trav\u00e9s de un comunicado.<\/p>\n\n\n\n<p>\u201cEsta imposibilidad t\u00e9cnica se manifiesta especialmente por lafalta de claridad y las insuficientes definiciones, ya que los cambios establecidos en la RG 5417 de AFIP no aportan el detalle t\u00e9cnico necesario para adecuar el desarrollo de aplicaciones de acuerdo a lo dispuesto por el decreto 473\/2023 del PEN. Y, sumado a esto, la nueva reglamentaci\u00f3n imponeun tratamiento mensual a un impuesto de caracter\u00edsticas anuales que, adem\u00e1s, invalida otras aplicaciones como Siradig y F.1357\u2033, complementaron.<\/p>\n\n\n\n<p>Fuente: Infobae<\/p>\n","protected":false},"excerpt":{"rendered":"<div class=\"mh-excerpt\"><p>El\u00a0impuesto a las Ganancias\u00a0est\u00e1 en el centro de la escena por dos grandes motivos. Por un lado, el proyecto de ley que impulsa el Ejecutivo ya logr\u00f3 media sanci\u00f3n en Diputados y se prepara para pasar al Senado. Por otra parte, faltan s\u00f3lo d\u00edas para que entren en vigencia los cambios -posiblemente temporales- introducidos por el\u00a0Decreto 473\/2023. El problema, es que no est\u00e1 completamente claro qu\u00e9 cambia a partir del 1\u00b0 de octubre. Hay varias certezas y cuestiones que est\u00e1n claras, pero hay otras que generan algunas dudas entre contadores y empresarios y necesitan de nueva reglamentaci\u00f3n para terminar de <a class=\"mh-excerpt-more\" href=\"http:\/\/dsrmedios.com.ar\/diario\/archivos\/39673\" title=\"Impuesto a las Ganancias: dudas y certezas acerca de los cambios que entran en vigencia en octubre\">[Leer m\u00e1s]<\/a><\/p>\n<\/div>","protected":false},"author":8,"featured_media":39674,"comment_status":"open","ping_status":"closed","sticky":false,"template":"","format":"standard","meta":{"_jetpack_newsletter_access":""},"categories":[6],"tags":[],"jetpack_featured_media_url":"http:\/\/dsrmedios.com.ar\/diario\/wp-content\/uploads\/2023\/09\/64bfe4d6154f7_360_202.webp","jetpack_sharing_enabled":true,"jetpack_shortlink":"https:\/\/wp.me\/p9fihK-ajT","_links":{"self":[{"href":"http:\/\/dsrmedios.com.ar\/diario\/wp-json\/wp\/v2\/posts\/39673"}],"collection":[{"href":"http:\/\/dsrmedios.com.ar\/diario\/wp-json\/wp\/v2\/posts"}],"about":[{"href":"http:\/\/dsrmedios.com.ar\/diario\/wp-json\/wp\/v2\/types\/post"}],"author":[{"embeddable":true,"href":"http:\/\/dsrmedios.com.ar\/diario\/wp-json\/wp\/v2\/users\/8"}],"replies":[{"embeddable":true,"href":"http:\/\/dsrmedios.com.ar\/diario\/wp-json\/wp\/v2\/comments?post=39673"}],"version-history":[{"count":1,"href":"http:\/\/dsrmedios.com.ar\/diario\/wp-json\/wp\/v2\/posts\/39673\/revisions"}],"predecessor-version":[{"id":39675,"href":"http:\/\/dsrmedios.com.ar\/diario\/wp-json\/wp\/v2\/posts\/39673\/revisions\/39675"}],"wp:featuredmedia":[{"embeddable":true,"href":"http:\/\/dsrmedios.com.ar\/diario\/wp-json\/wp\/v2\/media\/39674"}],"wp:attachment":[{"href":"http:\/\/dsrmedios.com.ar\/diario\/wp-json\/wp\/v2\/media?parent=39673"}],"wp:term":[{"taxonomy":"category","embeddable":true,"href":"http:\/\/dsrmedios.com.ar\/diario\/wp-json\/wp\/v2\/categories?post=39673"},{"taxonomy":"post_tag","embeddable":true,"href":"http:\/\/dsrmedios.com.ar\/diario\/wp-json\/wp\/v2\/tags?post=39673"}],"curies":[{"name":"wp","href":"https:\/\/api.w.org\/{rel}","templated":true}]}}