{"id":39670,"date":"2023-09-22T13:06:58","date_gmt":"2023-09-22T16:06:58","guid":{"rendered":"http:\/\/dsrmedios.com.ar\/diario\/?p=39670"},"modified":"2023-09-22T13:07:02","modified_gmt":"2023-09-22T16:07:02","slug":"festejos-por-el-35-aniversario-del-barrio-illia-de-carhue","status":"publish","type":"post","link":"http:\/\/dsrmedios.com.ar\/diario\/archivos\/39670","title":{"rendered":"<strong>Festejos por el\u00a035\u00b0 Aniversario del Barrio Illia\u00a0de Carhu\u00e9<\/strong>"},"content":{"rendered":"\n<h3>El s\u00e1bado 30 de septiembre, a partir de las 16 hs., el barrio Arturo Illia de la ciudad de Carhu\u00e9 celebra su 35\u00b0 aniversario.<\/h3>\n\n\n\n<h3>La presentaci\u00f3n estelar de Diego Mayer con el tradicional Bail\u00f3dromo ser\u00e1 el show central, a las 19:30, de esta fiesta gratuita y abierta a todo p\u00fablico que se realizar\u00e1 en el Parque Principal, sobre calle Calfucur\u00e1 entre calle 5 y P\u00e1rraco Dr. Amadeo \u00c1lvarez.<\/h3>\n\n\n\n<h3>Las actividades: juegos, merienda (tortas y gaseosas) se solicita llevar vaso, m\u00fasica, y mucho entretenimiento, comenzar\u00e1n a las 16:30 hs.<\/h3>\n","protected":false},"excerpt":{"rendered":"<div class=\"mh-excerpt\"><p>El s\u00e1bado 30 de septiembre, a partir de las 16 hs., el barrio Arturo Illia de la ciudad de Carhu\u00e9 celebra su 35\u00b0 aniversario. La presentaci\u00f3n estelar de Diego Mayer con el tradicional Bail\u00f3dromo ser\u00e1 el show central, a las 19:30, de esta fiesta gratuita y abierta a todo p\u00fablico que se realizar\u00e1 en el Parque Principal, sobre calle Calfucur\u00e1 entre calle 5 y P\u00e1rraco Dr. Amadeo \u00c1lvarez. Las actividades: juegos, merienda (tortas y gaseosas) se solicita llevar vaso, m\u00fasica, y mucho entretenimiento, comenzar\u00e1n a las 16:30 hs.<\/p>\n<\/div>","protected":false},"author":8,"featured_media":39677,"comment_status":"open","ping_status":"closed","sticky":false,"template":"","format":"standard","meta":{"_jetpack_newsletter_access":""},"categories":[18,31,5],"tags":[],"jetpack_featured_media_url":"http:\/\/dsrmedios.com.ar\/diario\/wp-content\/uploads\/2023\/09\/WhatsApp-Image-2023-09-22-at-10.49.38.jpeg","jetpack_sharing_enabled":true,"jetpack_shortlink":"https:\/\/wp.me\/p9fihK-ajQ","_links":{"self":[{"href":"http:\/\/dsrmedios.com.ar\/diario\/wp-json\/wp\/v2\/posts\/39670"}],"collection":[{"href":"http:\/\/dsrmedios.com.ar\/diario\/wp-json\/wp\/v2\/posts"}],"about":[{"href":"http:\/\/dsrmedios.com.ar\/diario\/wp-json\/wp\/v2\/types\/post"}],"author":[{"embeddable":true,"href":"http:\/\/dsrmedios.com.ar\/diario\/wp-json\/wp\/v2\/users\/8"}],"replies":[{"embeddable":true,"href":"http:\/\/dsrmedios.com.ar\/diario\/wp-json\/wp\/v2\/comments?post=39670"}],"version-history":[{"count":1,"href":"http:\/\/dsrmedios.com.ar\/diario\/wp-json\/wp\/v2\/posts\/39670\/revisions"}],"predecessor-version":[{"id":39678,"href":"http:\/\/dsrmedios.com.ar\/diario\/wp-json\/wp\/v2\/posts\/39670\/revisions\/39678"}],"wp:featuredmedia":[{"embeddable":true,"href":"http:\/\/dsrmedios.com.ar\/diario\/wp-json\/wp\/v2\/media\/39677"}],"wp:attachment":[{"href":"http:\/\/dsrmedios.com.ar\/diario\/wp-json\/wp\/v2\/media?parent=39670"}],"wp:term":[{"taxonomy":"category","embeddable":true,"href":"http:\/\/dsrmedios.com.ar\/diario\/wp-json\/wp\/v2\/categories?post=39670"},{"taxonomy":"post_tag","embeddable":true,"href":"http:\/\/dsrmedios.com.ar\/diario\/wp-json\/wp\/v2\/tags?post=39670"}],"curies":[{"name":"wp","href":"https:\/\/api.w.org\/{rel}","templated":true}]}}